{"id":66474,"date":"2022-11-25T15:42:44","date_gmt":"2022-11-25T14:42:44","guid":{"rendered":"https:\/\/www.faresin.com\/news\/faresin-industries-auf-der-eima-2022-intelligente-technologie-im-dienste-des-landwirts\/"},"modified":"2023-02-22T08:46:04","modified_gmt":"2023-02-22T07:46:04","slug":"faresin-industries-auf-der-eima-2022-intelligente-technologie-im-dienste-des-landwirts","status":"publish","type":"post","link":"https:\/\/www.faresin.com\/de\/news\/faresin-industries-auf-der-eima-2022-intelligente-technologie-im-dienste-des-landwirts\/","title":{"rendered":"Faresin Industries auf der EIMA 2022: Intelligente Technologie im Dienste des Landwirts"},"content":{"rendered":"\t\t<div data-elementor-type=\"wp-post\" data-elementor-id=\"66474\" class=\"elementor elementor-66474 elementor-15085\" data-elementor-post-type=\"post\">\n\t\t\t\t\t\t<section class=\"elementor-section elementor-top-section elementor-element elementor-element-7907064b elementor-section-boxed elementor-section-height-default elementor-section-height-default\" data-id=\"7907064b\" data-element_type=\"section\" data-e-type=\"section\">\n\t\t\t\t\t\t<div class=\"elementor-container elementor-column-gap-default\">\n\t\t\t\t\t<div class=\"elementor-column elementor-col-100 elementor-top-column elementor-element elementor-element-279613d8\" data-id=\"279613d8\" data-element_type=\"column\" data-e-type=\"column\">\n\t\t\t<div class=\"elementor-widget-wrap elementor-element-populated\">\n\t\t\t\t\t\t<div class=\"elementor-element elementor-element-44049a6e elementor-widget elementor-widget-text-editor\" data-id=\"44049a6e\" data-element_type=\"widget\" data-e-type=\"widget\" data-widget_type=\"text-editor.default\">\n\t\t\t\t<div class=\"elementor-widget-container\">\n\t\t\t\t\t\t\t\t\t<p><\/p>\n<p>Faresin Industries wird an der n\u00e4chsten EIMA teilnehmen und die neuesten technologischen Innovationen f\u00fcr seine Produktlinien vorstellen: Mischwagen und Teleskoplader.<\/p>\n<p><\/p>\n<p><\/p>\n<p>Die Marke aus Vicenza setzt damit den Weg der Innovation im Dienste des Kunden fort, der f\u00fcr jede Saison die Einf\u00fchrung neuer Modelle vorsieht, die in der Lage sind, auf die Entwicklung der Nachfrage prompt zu reagieren.<\/p>\n<p><\/p>\n<p><\/p>\n<p>Die Technologien, die die Arbeit der Landwirte intelligenter und effizienter machen sollen, werden in der Fabrik in Breganze entwickelt und hergestellt, mit dem Ziel, die Messlatte f\u00fcr Leistung immer h\u00f6her zu legen und modernste Konstruktionsl\u00f6sungen anzubieten.<\/p>\n<p><\/p>\n<p><\/p>\n<p>Dank seiner fast 50-j\u00e4hrigen Erfahrung in diesem Sektor und seiner fortschrittlichen Forschung steht Faresin an der Spitze der zootechnischen Innovation. So konnten sich seine Mischwagen und Teleskoplader auf dem Weltmarkt f\u00fcr Landmaschinen etablieren und tragen nicht nur zur Verbesserung des Tierschutzes in den landwirtschaftlichen Betrieben bei, sondern auch zur Optimierung der Arbeitszyklen und der Arbeitsbelastung der Fahrer.<\/p>\n<p><\/p>\n<p><\/p>\n<p>Auf der EIMA wird Faresin zwei neue Beitr\u00e4ge vorstellen:<\/p>\n<p><\/p>\n<p><\/p>\n<ul>\n<li style=\"list-style-type: none;\">\n<ul><\/ul>\n<\/li>\n<\/ul>\n<ul>\n<li style=\"list-style-type: none;\">\n<ul>\n<li><strong>Leader PF<\/strong>, ein selbstfahrender Mischwagen mit drei Schnecken, ausgezeichnet mit dem<em>&#8222;EIMA 2022<\/em>Award&#8220;;<\/li>\n<\/ul>\n<\/li>\n<\/ul>\n<p><\/p>\n<p><\/p>\n<ul>\n<li style=\"list-style-type: none;\">\n<ul>\n<li><strong>FS 9.32 Compact<\/strong> Neuzugang der n\u00e4chsten Generation von Faresin, die f\u00fcr den Umschlag in landwirtschaftlichen Betrieben konzipiert sind.<\/li>\n<\/ul>\n<\/li>\n<\/ul>\n<p><\/p>\n<p><\/p>\n<p><\/p>\n<p>Der <strong>6.26 Full Electric<\/strong> wird nicht fehlen, der zwar als Weltpremiere auf der EIMA 2018 vorgestellt wurde, aber auch dank st\u00e4ndiger technologischer Aktualisierungen weiterhin eine Neuheit f\u00fcr die gesamte Branche darstellt.<\/p>\n<p><\/p>\n<p><\/p>\n<p><strong><br><\/strong><img decoding=\"async\" width=\"500\" height=\"334\" class=\"wp-image-15088\" style=\"width: 500px;\" src=\"https:\/\/www.faresin.com\/wp-content\/uploads\/DJI_0563.jpg\" alt=\"\" srcset=\"https:\/\/www.faresin.com\/wp-content\/uploads\/DJI_0563.jpg 1000w, https:\/\/www.faresin.com\/wp-content\/uploads\/DJI_0563-300x200.jpg 300w, https:\/\/www.faresin.com\/wp-content\/uploads\/DJI_0563-768x512.jpg 768w, https:\/\/www.faresin.com\/wp-content\/uploads\/DJI_0563-600x400.jpg 600w\" sizes=\"(max-width: 500px) 100vw, 500px\" \/><\/p>\n<p><\/p>\n<p><\/p>\n<p><strong>Neuer selbstfahrender Mischwagen LEADER PF: MAXIMALE PROFITABILIT\u00c4T, MINIMALER VERBRAUCH<\/strong><\/p>\n<p><\/p>\n<p><\/p>\n<p>Faresin Industries pr\u00e4sentiert in einer Weltpremiere seinen neuen selbstfahrenden Mischwagen mit 3 Schnecken. Eine Maschine, die f\u00fcr die gro\u00dfen Herden &#8211; ab 1.000 Tieren &#8211; entwickelt wurde, die den globalen Viehzuchtsektor ver\u00e4ndern.<\/p>\n<p><\/p>\n<p><\/p>\n<p>LEADER PF3 ist der Inbegriff der Faresin-Technologie und f\u00fchrt Innovationen ein, die die Rentabilit\u00e4t des Stalls erheblich verbessern.<\/p>\n<p><\/p>\n<p><\/p>\n<p><strong>Au\u00dfergew\u00f6hnliche Produktionskapazit\u00e4t.<\/strong> Kubaturen der Mischbeh\u00e4lter: <strong>30 und 36<sup>m3<\/sup><\/strong>. Vertikales 3-Schnecken-System mit einer Mischorgangeometrie, die eine perfekte Entmischung mit einer Faresin-Faserqualit\u00e4t garantiert.<\/p>\n<p><\/p>\n<p><\/p>\n<p><strong>Handhabung in jeder Situation.<\/strong> Die Maschine wurde aus der Sicht des Landwirts entworfen, um trotz ihrer majest\u00e4tischen Gr\u00f6\u00dfe die Zug\u00e4nglichkeit durch Passagen mit geringer H\u00f6he zu gew\u00e4hrleisten. I  <strong>3 Lenkachsen<\/strong>mit permanentem Allradantrieb vorne und hinten und servohydraulischer Lenkung an allen Achsen sind entscheidende Elemente, die den Platzbedarf beim Man\u00f6vrieren auch in kleinen St\u00e4llen reduzieren und eine sehr komfortable Stra\u00dfenfahrt erm\u00f6glichen.<\/p>\n<p><\/p>\n<p><\/p>\n<p><strong>ECOTRONIC: Optimierung, Automatisierung, Reduzierung des Verbrauchs. <\/strong>2017, mit der Einf\u00fchrung der ersten PF-Serie, hat Faresin das Konzept des &#8222;Labors auf R\u00e4dern&#8220; eingef\u00fchrt, das sich durch die Integration des Polispec NIR in die Maschine auszeichnet, um die Qualit\u00e4t des Unkrauts zu gew\u00e4hrleisten.<\/p>\n<p><\/p>\n<p><\/p>\n<p>Mit ECOTRONIC gehen wir noch einen Schritt weiter und verwandeln die Bearbeitung in einen wirklich automatisierten industriellen Prozess. Dieses neue System verbindet alle Ger\u00e4te der Maschine miteinander und erm\u00f6glicht es, ausgehend von der Rezeptur alle Aktivit\u00e4ten in Abh\u00e4ngigkeit von den nach und nach eingebrachten Rohstoffen zu programmieren.&nbsp; Ein Verfahren, das dank strenger Parameter eine optimale Handhabung aller Lade-, Schneide- und Mischvorrichtungen gew\u00e4hrleistet, um die bestm\u00f6gliche Qualit\u00e4t des Unkrauts herzustellen.<\/p>\n<p><\/p>\n<p><\/p>\n<p>ECOTRONIC optimiert dank der Automatisierung auch die Energienutzung und dosiert sie je nach den Bed\u00fcrfnissen der einzelnen Prozessabl\u00e4ufe. Das <strong>reduziert den Verbrauch<\/strong> und schafft strukturelle Nachhaltigkeit.&nbsp;<\/p>\n<p><\/p>\n<p><\/p>\n<p>Die Optimierung der Ressourcen erstreckt sich auch auf die Arbeit des Bedieners, der dank der Vereinfachung zu einem &#8222;Systemdirigenten&#8220; wird, ohne dass er besondere Fachkenntnisse ben\u00f6tigt.<\/p>\n<p><\/p>\n<p><\/p>\n<p>Dank der intelligenten Prozessautomatisierung er\u00f6ffnet LEADER PF, das Flaggschiff der Faresin, einen neuen Weg f\u00fcr das Wachstum der Herde in Bezug auf Qualit\u00e4t und Rentabilit\u00e4t.<\/p>\n<p><\/p>\n<p><\/p>\n<p>Gerade wegen dieser hochinnovativen Eigenschaften wurde Leader PF <strong>mit dem<em>EIMA 2022 Commendation<\/em>&#8222;-Preis ausgezeichnet<\/strong>.<\/p>\n<p><\/p>\n<p><\/p>\n<p>Die gleichen Innovationen werden bald auf die gesamte Mischwagenpalette der italienischen Marke ausgedehnt.<\/p><p><br><\/p>\n<p><\/p>\n<p><\/p>\n<p><\/p>\n<p><\/p>\n<p><img decoding=\"async\" width=\"500\" height=\"334\" class=\"wp-image-15092\" style=\"width: 500px;\" src=\"https:\/\/www.faresin.com\/wp-content\/uploads\/LUI08665.jpg\" alt=\"\" srcset=\"https:\/\/www.faresin.com\/wp-content\/uploads\/LUI08665.jpg 1000w, https:\/\/www.faresin.com\/wp-content\/uploads\/LUI08665-300x200.jpg 300w, https:\/\/www.faresin.com\/wp-content\/uploads\/LUI08665-768x512.jpg 768w, https:\/\/www.faresin.com\/wp-content\/uploads\/LUI08665-600x400.jpg 600w\" sizes=\"(max-width: 500px) 100vw, 500px\" \/><\/p>\n<p><\/p>\n<p><\/p>\n<p><strong>FS 9.32 Compact<\/strong><\/p>\n<p><\/p>\n<p><\/p>\n<p>Ein weiteres neues Modell der n\u00e4chsten Generation von Faresin wird auf der Eima vorgestellt. Der FS 9.32 Compact ist der gro\u00dfe Bruder des FS 7.32 Compact, der letztes Jahr bei der Ausgabe 2021 sein Deb\u00fct feierte. Eine maximale Hubkapazit\u00e4t von <strong>3,2 Tonnen und eine Hubh\u00f6he von bis zu 9 m<\/strong> sind die Zahlen, die diese leistungsstarke und vielseitige Maschine definieren. Der l\u00e4ngere Arm, der aus zwei nachlaufenden Teilen besteht, bietet eine gr\u00f6\u00dfere <em>Kapazit\u00e4t <\/em>bei voller Sicherheit.<\/p>\n<p><\/p>\n<p><\/p>\n<p>Dieses neue Modell verk\u00f6rpert alle Merkmale der neuen FS Compact, die einen neuen Standard im Compact setzt. Eine Serie, die von Grund auf entwickelt wurde, um der wachsenden Nachfrage nach Umweltbewusstsein in allen Sektoren gerecht zu werden<\/p>\n<p><\/p>\n<p><\/p>\n<p>Eine echte &#8222;systemische&#8220; Antwort, die den FS Compact an die <strong>Spitze seines Segments<\/strong> bringt, weil sie alle Hauptfunktionen der Maschine betrifft und den Bediener in den Mittelpunkt stellt, das Bindeglied zwischen der Maschine, ihrer Verwaltung und ihrer Funktions- und Servicekontrolle.<\/p>\n<p><\/p>\n<p><\/p>\n<p>Das neue FS-Sortiment ist bereit f\u00fcr k\u00fcnftige Entwicklungen im Bereich der Vernetzung und des<em>Internets der Dinge<\/em>&#8222;. Es zeichnet sich durch ein innovatives Design aus, das auf einer F&amp;E-Idee Faresin beruht und in Zusammenarbeit mit renommierten Fachstudios und Partnern an der Spitze der Ausf\u00fchrungstechnologie entwickelt wurde. Die neue Motorhaube ist tiefer gelegt und f\u00e4llt am rechten Vorderrad ab, wodurch ein <strong>neues Sichtniveau f\u00fcr Teleskoplader<\/strong> erreicht wird.<\/p>\n<p><\/p>\n<p><\/p>\n<p>Der hydraulische Teil ist der eigentliche Muskel der Maschine und ist \u00fcberdimensioniert, um die Vielseitigkeit des Einsatzes zu gew\u00e4hrleisten, mit Durchflussmengen von 120 bis 180 Litern\/Min., je nach Einstellung, die extrem schnelle Arbeitszyklen gew\u00e4hrleisten.<\/p>\n<p><\/p>\n<p><\/p>\n<p>Ausgestellt wird die Version mit <strong>abgesenktem Fahrerhaus, die eine H\u00f6he von nur 2,06 m<\/strong> aufweist.<\/p><p><br><\/p>\n<p><\/p>\n<p><\/p>\n<p><\/p>\n<p><\/p>\n<p><img decoding=\"async\" width=\"500\" height=\"334\" class=\"wp-image-15093\" style=\"width: 500px;\" src=\"https:\/\/www.faresin.com\/wp-content\/uploads\/Full-electric-range-amb-18.jpg\" alt=\"\" srcset=\"https:\/\/www.faresin.com\/wp-content\/uploads\/Full-electric-range-amb-18.jpg 1000w, https:\/\/www.faresin.com\/wp-content\/uploads\/Full-electric-range-amb-18-300x200.jpg 300w, https:\/\/www.faresin.com\/wp-content\/uploads\/Full-electric-range-amb-18-768x512.jpg 768w, https:\/\/www.faresin.com\/wp-content\/uploads\/Full-electric-range-amb-18-600x400.jpg 600w\" sizes=\"(max-width: 500px) 100vw, 500px\" \/><\/p>\n<p><\/p>\n<p><\/p>\n<p><strong>6.26 Full Electric<\/strong><\/p>\n<p><\/p>\n<p><\/p>\n<p>Das 6.26 Full Electric Faresin-Teleskop erobert den Weltmarkt im Sturm. Mit diesem Aufzug, der 2018 auf der Eima als erster elektrischer Aufzug der Welt vorgestellt wurde, hat Faresin einen Wettbewerbsvorteil gegen\u00fcber den Top-Playern der Branche.<\/p>\n<p><\/p>\n<p><\/p>\n<p>Wendig, leise und nachhaltig. Die vollelektrische Faresin-Hebeb\u00fchne 6.26 ist dank ihrer <strong>Tragf\u00e4higkeit von 2,6 Tonnen und einer maximalen H\u00f6he von 6 m<\/strong> f\u00fcr jede Art von Einsatz geeignet. Als Zwilling seiner Version mit Diesel-Motor wurde er als kompromisslos \u00f6kologische Alternative konzipiert. Der 6.26 Full Electric von Faresin ist f\u00fcr den Einsatz in Bereichen vorgesehen, in denen Emissionen und L\u00e4rm begrenzt werden m\u00fcssen, wie z. B. auf n\u00e4chtlichen Baustellen, in emissionsfreien Wohngebieten, in der Viehzucht, in Gew\u00e4chsh\u00e4usern, bei der Handhabung von Lebensmitteln wie K\u00fchlh\u00e4usern, Weinkellern, Lebensmittellabors usw. Faresin hat seinen vollelektrischen Teleskoplader mit zwei Synchron-Elektromotoren ausgestattet, die von Lithium-Batterien angetrieben werden und in drei Versionen erh\u00e4ltlich sind:  <strong>24 kW\/h (315 Ah), 32 kW\/h (420 Ah) und 43 kW\/h (560 Ah).<\/strong> Faresin bietet auch ein neues <em>Onboard-Schnellladesystem<\/em>, das die Batterie in nur zweieinhalb Stunden vollst\u00e4ndig aufl\u00e4dt.<\/p>\n<p><\/p>\t\t\t\t\t\t\t\t<\/div>\n\t\t\t\t<\/div>\n\t\t\t\t\t<\/div>\n\t\t<\/div>\n\t\t\t\t\t<\/div>\n\t\t<\/section>\n\t\t\t\t<\/div>\n\t\t","protected":false},"excerpt":{"rendered":"<p>Faresin Industries wird an der n\u00e4chsten EIMA teilnehmen und die neuesten technologischen Innovationen f\u00fcr seine Produktlinien vorstellen: Mischwagen und Teleskoplader. Die Marke aus Vicenza setzt damit den Weg der Innovation im Dienste des Kunden fort, der f\u00fcr jede Saison die Einf\u00fchrung neuer Modelle vorsieht, die in der Lage sind, auf die Entwicklung der Nachfrage prompt [&hellip;]<\/p>\n","protected":false},"author":333,"featured_media":55977,"comment_status":"closed","ping_status":"closed","sticky":false,"template":"","format":"standard","meta":{"_acf_changed":false,"footnotes":""},"categories":[338,261],"tags":[464,434,586],"class_list":["post-66474","post","type-post","status-publish","format-standard","has-post-thumbnail","hentry","category-messen","category-presseveroffentlichungen","tag-eima-de","tag-futtermischwagen","tag-teleskoplader"],"acf":[],"_links":{"self":[{"href":"https:\/\/www.faresin.com\/de\/wp-json\/wp\/v2\/posts\/66474","targetHints":{"allow":["GET"]}}],"collection":[{"href":"https:\/\/www.faresin.com\/de\/wp-json\/wp\/v2\/posts"}],"about":[{"href":"https:\/\/www.faresin.com\/de\/wp-json\/wp\/v2\/types\/post"}],"author":[{"embeddable":true,"href":"https:\/\/www.faresin.com\/de\/wp-json\/wp\/v2\/users\/333"}],"replies":[{"embeddable":true,"href":"https:\/\/www.faresin.com\/de\/wp-json\/wp\/v2\/comments?post=66474"}],"version-history":[{"count":0,"href":"https:\/\/www.faresin.com\/de\/wp-json\/wp\/v2\/posts\/66474\/revisions"}],"wp:featuredmedia":[{"embeddable":true,"href":"https:\/\/www.faresin.com\/de\/wp-json\/wp\/v2\/media\/55977"}],"wp:attachment":[{"href":"https:\/\/www.faresin.com\/de\/wp-json\/wp\/v2\/media?parent=66474"}],"wp:term":[{"taxonomy":"category","embeddable":true,"href":"https:\/\/www.faresin.com\/de\/wp-json\/wp\/v2\/categories?post=66474"},{"taxonomy":"post_tag","embeddable":true,"href":"https:\/\/www.faresin.com\/de\/wp-json\/wp\/v2\/tags?post=66474"}],"curies":[{"name":"wp","href":"https:\/\/api.w.org\/{rel}","templated":true}]}}