{"id":70721,"date":"2023-08-01T08:36:13","date_gmt":"2023-08-01T06:36:13","guid":{"rendered":"https:\/\/www.faresin.com\/news\/50-jahre-geschichte-von-faresin\/"},"modified":"2023-08-01T08:51:29","modified_gmt":"2023-08-01T06:51:29","slug":"50-jahre-geschichte-von-faresin","status":"publish","type":"post","link":"https:\/\/www.faresin.com\/de\/news\/50-jahre-geschichte-von-faresin\/","title":{"rendered":"50 Jahre Geschichte von Faresin"},"content":{"rendered":"\n<p>Im Jahr 2023 wird sich die Gr\u00fcndung von <a href=\"https:\/\/www.faresin.com\/de\/unternehmen\/\" data-type=\"page\" data-id=\"3047\">Faresin Industries<\/a> zum 50. Ein wichtiger Meilenstein, der dank der Mitglieder unseres &#8222;erweiterten Unternehmens&#8220; wie dem Vertriebsnetz, den Partnern, den Lieferanten und den Mitarbeitern, die Faresin zum weltweiten Erfolg gef\u00fchrt haben, erreicht wurde.<\/p>\n\n<p>In diesem Jahr wollen wir nicht nur die Vergangenheit feiern, sondern <strong>vor allem die Zukunft<\/strong>. Eine Zukunft, die uns allen geh\u00f6ren wird, dank der Kontinuit\u00e4t dieser gewaltigen kollektiven Anstrengung, die von der Familie Faresin geleitet wird, und dank einer Vision von Fortschritt und Innovation, die den Menschen in den Mittelpunkt des Systems stellt.<\/p>\n\n<p>Anl\u00e4sslich dieses 50-j\u00e4hrigen Jubil\u00e4ums hat Faresin ein neues Logo eingef\u00fchrt. Das Jubil\u00e4ums-Branding unterstreicht die <strong>drei Kerngesch\u00e4ftsbereiche des Unternehmens<\/strong>, die durch ihre jeweiligen Farben repr\u00e4sentiert werden: Gr\u00fcn f\u00fcr <a href=\"https:\/\/www.faresin.com\/de\/futtermischwagen\/\" data-type=\"page\" data-id=\"1939\">Mischwagen<\/a>, Rot f\u00fcr <a href=\"https:\/\/www.faresin.com\/de\/teleskopstapler\/\" data-type=\"page\" data-id=\"3360\">Teleskoplader<\/a> und Blau f\u00fcr die <a href=\"https:\/\/www.faresin.com\/de\/full-electric\/\" data-type=\"page\" data-id=\"14234\">Full Electric-Produktpalette<\/a>.<\/p>\n","protected":false},"excerpt":{"rendered":"<p>Im Jahr 2023 wird sich die Gr\u00fcndung von Faresin Industries zum 50. Ein wichtiger Meilenstein, der dank der Mitglieder unseres &#8222;erweiterten Unternehmens&#8220; wie dem Vertriebsnetz, den Partnern, den Lieferanten und den Mitarbeitern, die Faresin zum weltweiten Erfolg gef\u00fchrt haben, erreicht wurde. In diesem Jahr wollen wir nicht nur die Vergangenheit feiern, sondern vor allem die [&hellip;]<\/p>\n","protected":false},"author":333,"featured_media":70709,"comment_status":"closed","ping_status":"closed","sticky":false,"template":"","format":"standard","meta":{"_acf_changed":false,"footnotes":""},"categories":[240],"tags":[751,750,752],"class_list":["post-70721","post","type-post","status-publish","format-standard","has-post-thumbnail","hentry","category-nachrichten","tag-50-jahre","tag-jahrestag","tag-logo-de"],"acf":[],"_links":{"self":[{"href":"https:\/\/www.faresin.com\/de\/wp-json\/wp\/v2\/posts\/70721","targetHints":{"allow":["GET"]}}],"collection":[{"href":"https:\/\/www.faresin.com\/de\/wp-json\/wp\/v2\/posts"}],"about":[{"href":"https:\/\/www.faresin.com\/de\/wp-json\/wp\/v2\/types\/post"}],"author":[{"embeddable":true,"href":"https:\/\/www.faresin.com\/de\/wp-json\/wp\/v2\/users\/333"}],"replies":[{"embeddable":true,"href":"https:\/\/www.faresin.com\/de\/wp-json\/wp\/v2\/comments?post=70721"}],"version-history":[{"count":0,"href":"https:\/\/www.faresin.com\/de\/wp-json\/wp\/v2\/posts\/70721\/revisions"}],"wp:featuredmedia":[{"embeddable":true,"href":"https:\/\/www.faresin.com\/de\/wp-json\/wp\/v2\/media\/70709"}],"wp:attachment":[{"href":"https:\/\/www.faresin.com\/de\/wp-json\/wp\/v2\/media?parent=70721"}],"wp:term":[{"taxonomy":"category","embeddable":true,"href":"https:\/\/www.faresin.com\/de\/wp-json\/wp\/v2\/categories?post=70721"},{"taxonomy":"post_tag","embeddable":true,"href":"https:\/\/www.faresin.com\/de\/wp-json\/wp\/v2\/tags?post=70721"}],"curies":[{"name":"wp","href":"https:\/\/api.w.org\/{rel}","templated":true}]}}