{"id":71982,"date":"2023-10-03T09:22:31","date_gmt":"2023-10-03T07:22:31","guid":{"rendered":"https:\/\/www.faresin.com\/news\/50-jahrestag-faresin-industries\/"},"modified":"2024-02-22T08:53:00","modified_gmt":"2024-02-22T07:53:00","slug":"50-jahrestag-faresin-industries","status":"publish","type":"post","link":"https:\/\/www.faresin.com\/de\/news\/50-jahrestag-faresin-industries\/","title":{"rendered":"50. Jahrestag FARESIN INDUSTRIES"},"content":{"rendered":"\t\t<div data-elementor-type=\"wp-post\" data-elementor-id=\"71982\" class=\"elementor elementor-71982 elementor-71907\" data-elementor-post-type=\"post\">\n\t\t\t\t<div class=\"elementor-element elementor-element-70475001 e-flex e-con-boxed e-con e-parent\" data-id=\"70475001\" data-element_type=\"container\" data-e-type=\"container\">\n\t\t\t\t\t<div class=\"e-con-inner\">\n\t\t\t\t<div class=\"elementor-element elementor-element-7e82b3d7 elementor-widget elementor-widget-text-editor\" data-id=\"7e82b3d7\" data-element_type=\"widget\" data-e-type=\"widget\" data-widget_type=\"text-editor.default\">\n\t\t\t\t<div class=\"elementor-widget-container\">\n\t\t\t\t\t\t\t\t\t<h2 class=\"wp-block-heading\"><strong>50 Jahre Geschichte und eine Zukunft, die es zu feiern gilt<\/strong><\/h2>\n<p>Am Freitag, den 29. September, blies FARESIN INDUSTRIES seine ersten f\u00fcnfzig Kerzen aus und veranstaltete im Werk Breganze einen <strong>internationalen Kongress unter dem Motto &#8222;Lasst uns die Zukunft feiern&#8220;<\/strong>, an dem \u00fcber 400 Personen teilnahmen. Eine gro\u00dfartige Veranstaltung, die alle <strong>Partner<\/strong> zusammenbrachte, die in diesem halben Jahrhundert zum weltweiten Erfolg der Marke beigetragen haben.<\/p>\n<p>Am darauffolgenden Tag wurden die <strong>Feierlichkeiten<\/strong> im Sinne des integrativen Geistes von FARESIN INDUSTRIES <strong>auch auf die Mitarbeiter und ihre Familien<\/strong>, etwa 600 Personen, <strong>ausgedehnt<\/strong>.<\/p>\n<p>W\u00e4hrend der Plenarsitzung am Freitag <strong>zeichneten<\/strong> die Gesch\u00e4ftsf\u00fchrer Sante Faresin (Pr\u00e4sident), Silvia Faresin (Vizepr\u00e4sidentin) und Giulia Faresin (Betriebsleiterin), flankiert von ihren Mitarbeitern, <strong>die Meilensteine der Unternehmensgeschichte nach und erl\u00e4uterten die Vision und die zuk\u00fcnftigen Strategien<\/strong>.<\/p>\n<p>&#8222;Es scheint mir fast unm\u00f6glich, dass das Unternehmen in diesem Jahr 50 Jahre alt wird, denn ich habe immer das Gef\u00fchl, dass ich in den Startl\u00f6chern stehe: Ich habe noch so viele Tr\u00e4ume zu verwirklichen und Ziele zu erreichen&#8220;, beginnt der Pr\u00e4sident und f\u00fcgt hinzu: &#8222;<strong>Lokales Wohlergehen, Innovation, industrielle Spitzenleistungen und Nachhaltigkeit<\/strong>&#8211; das sind die vier S\u00e4ulen, auf denen wir unsere Zukunft aufbauen.<\/p>\n<p>Es fehlte nicht an hochrangigen G\u00e4sten wie Regionalr\u00e4ten  <a href=\"https:\/\/www.regione.veneto.it\/assessore-all-istruzione-alla-formazione-e-al-lavoro-e-pari-opportunita\" data-type=\"link\" data-id=\"https:\/\/www.regione.veneto.it\/assessore-all-istruzione-alla-formazione-e-al-lavoro-e-pari-opportunita\" target=\"_blank\" rel=\"noopener\"><em>Elena Donazzan<\/em> <\/a>e <em><br \/>\n  <a href=\"https:\/\/www.regione.veneto.it\/assessore-a-sanita-servizi-sociali\" data-type=\"link\" data-id=\"https:\/\/www.regione.veneto.it\/assessore-a-sanita-servizi-sociali\" target=\"_blank\" rel=\"noopener\">Manuela Lanzarin<\/a><br \/>\n<\/em> (Bildung bzw. Gesundheit), der Pr\u00e4sident der Provinz Vicenza <em>Andrea Nardin<\/em>, die Pr\u00e4sidentin der <a href=\"https:\/\/www.confindustria.vicenza.it\/\" data-type=\"link\" data-id=\"https:\/\/www.confindustria.vicenza.it\/\" target=\"_blank\" rel=\"noopener\">Confindustria Vicenza<\/a> <em>Laura Dalla Vecchia<\/em> und der Chefredakteur des Giornale di Vicenza, Dr. Andrea <em>Nardin<\/em>.  <em>Marino Smiderle<\/em>, der auch die Er\u00f6ffnungsphase der Plenartagung moderierte.<\/p>\n<figure class=\"wp-block-image size-large\"><img decoding=\"async\" class=\"wp-image-71935\" src=\"https:\/\/www.faresin.com\/wp-content\/uploads\/FARESIS-50%C2%B0-21_DSC0747-1024x683.jpg\" alt=\"50 Jahre Institutionen\"><\/p>\n<figcaption class=\"wp-element-caption\">Silvia und Giulia Faresin mit den Regionalr\u00e4ten Donazzan und Lanzarin, der Pr\u00e4sidentin der Confindustria Vicenza, Laura Dalla Vecchia, und dem B\u00fcrgermeister von Breganze, Piera Campana<\/figcaption><\/figure>\n<p>Vizepr\u00e4sidentin Silvia Faresin hingegen erl\u00e4uterte die Gesch\u00e4fts- und Marktchancen mit <strong>zwei externen Stellungnahmen von zwei Branchenexperten<\/strong>, die den Markt aus einer objektiveren Perspektive beobachten.<\/p>\n<p>Die  <em>Dr. Gabriele Chiodini von der<a href=\"https:\/\/www.unipg.it\/\" data-type=\"link\" data-id=\"https:\/\/www.unipg.it\/\" target=\"_blank\" rel=\"noopener\">Universit\u00e4t von Perugia<\/a><\/em>  analysierte Trends im Agrarsektor, wie etwa die Nachfrage nach  <strong>zunehmend nachhaltige und intelligente Ger\u00e4te<\/strong>  die gleichzeitig eine Steigerung der Produktion bei gleichzeitiger Verringerung der Schadstoffemissionen im Einklang mit dem Ziel der Klimaneutralit\u00e4t durch die Nutzung erneuerbarer Energiequellen erm\u00f6glichen.<\/p>\n<p>Dr. <em>Paul Howard, ein Spezialist aus dem Redaktionspool <\/em> von<a href=\"https:\/\/offhighwayresearch.com\/\" data-type=\"link\" data-id=\"https:\/\/offhighwayresearch.com\/\" target=\"_blank\" rel=\"noopener\"><em>Off Highway Research<\/em><\/a>, analysierte den Baumarkt und wies darauf hin, dass das <strong>Wachstum von Teleskopladern<\/strong> in den letzten 30 Jahren <strong>beispiellos<\/strong> war. Am st\u00e4rksten betroffen sind <strong>Europa und Nordamerika<\/strong>, auf die mindestens 83 % der weltweiten Nachfrage entfallen.<\/p>\n<p>&#8222;Die F\u00e4higkeit,<strong>den Kunden zuzuh\u00f6ren <\/strong>und <strong>ihre Bed\u00fcrfnisse zu interpretieren und in L\u00f6sungen umzusetzen<\/strong>, war von Anfang an das Herzst\u00fcck unseres Gesch\u00e4ftsmodells. Im Idealfall m\u00f6chten wir erreichen, dass die Gestaltung technologischer L\u00f6sungen mit einbezogen wird und somit zu einem gemeinsamen Ziel wird. Um dies zu erreichen, haben wir zwei Best Practices eingef\u00fchrt, die alle Bereiche des Unternehmens einbeziehen: das Management der Customer <strong>Journey<\/strong> und die <strong>Analyse von Business-Intelligence-Daten<\/strong>, die bei den verschiedenen Kundenkontakten gesammelt werden&#8220;. Vizepr\u00e4sidentin Silvia Faresin erkl\u00e4rt.<\/p>\n<figure class=\"wp-block-image size-large\"><img decoding=\"async\" class=\"wp-image-71944\" src=\"https:\/\/www.faresin.com\/wp-content\/uploads\/FARESIS-50%C2%B0-2_DSC0577-1024x563.jpg\" alt=\"50 Jahre St\u00e4nde\"><\/figure>\n<p>Anschlie\u00dfend befasste sich Giulia Faresin, Operations Manager, mit den Herausforderungen der Fabrik der Zukunft. &#8222;Wir arbeiten daran, eine <strong>zunehmend digitale und automatisierte Fabrik<\/strong> aufzubauen, die einem flie\u00dfenden und konstanten Prozess folgt, der harmonisch mit dem Wertbeitrag der anderen Akteure des Faresin-Systems interagiert. Unser Ziel ist es, sicherzustellen, dass die Produktion die F\u00e4higkeit entwickelt, sich durch die Entwicklung neuer F\u00e4higkeiten und die<strong>Einf\u00fchrung neuer, effizienterer und nachhaltigerer Prozesse<\/strong> rechtzeitig an eine ver\u00e4nderte Nachfrage anzupassen.<\/p>\n<p>Dann hat Giulia Faresin, die an der Spitze von F&amp;E steht, eine Vorschau auf zwei neue Produkte gegeben, die auf der <strong><br \/>\n  <a href=\"https:\/\/www.agritechnica.com\/it\/\" data-type=\"link\" data-id=\"https:\/\/www.agritechnica.com\/it\/\" target=\"_blank\" rel=\"noopener\">Agritechnica-Messe<\/a><br \/>\n<\/strong> im November vorgestellt werden:<\/p>\n<ul>\n<li><strong><br \/>\n  <a href=\"https:\/\/www.faresin.com\/de\/teleskopstapler\/fs-middle\/\" data-type=\"page\" data-id=\"14796\">FS Middle<\/a><br \/>\n<\/strong>die zweite Serie der n\u00e4chsten Generation der Faresin Teleskoplader<\/li>\n<li><strong>Leader PF Full Electric,<\/strong> ein selbstfahrender, 100 % elektrischer Mischwagen mit Null-Emissionen<\/li>\n<\/ul>\n<figure class=\"wp-block-gallery has-nested-images columns-default is-cropped\"><\/figure>\n<p>Zwei sensationelle Innovationen, die die Art und Weise revolutionieren werden, wie wir \u00fcber die Arbeit von Bedienern und die Pr\u00e4zisionslandwirtschaft denken.<\/p>\n<p>Am darauffolgenden Tag, Samstag, den 30. Oktober, feierte Faresin diesen wichtigen Meilenstein auch mit den <strong>mehr als 250 Mitarbeitern<\/strong>, die jeden Tag mit Enthusiasmus und Beharrlichkeit die Projekte des Unternehmens umsetzen. Das Unternehmen \u00f6ffnete die T\u00fcren seiner Produktionsst\u00e4tten in Breganze, um seine Mitarbeiter und deren Familien zu empfangen. Sie konnten die Anlagen des Unternehmens besichtigen und die Futtermischwagen und Teleskoplader, die Faresin herstellt, aus n\u00e4chster N\u00e4he betrachten.<\/p>\n<figure class=\"wp-block-image size-large\"><img decoding=\"async\" width=\"1024\" height=\"663\" class=\"wp-image-71953\" src=\"https:\/\/www.faresin.com\/wp-content\/uploads\/\/Cattura-1024x663.jpg\" alt=\"50 Jahre Team\" srcset=\"https:\/\/www.faresin.com\/wp-content\/uploads\/Cattura-1024x663.jpg 1024w, https:\/\/www.faresin.com\/wp-content\/uploads\/Cattura-300x194.jpg 300w, https:\/\/www.faresin.com\/wp-content\/uploads\/Cattura-768x497.jpg 768w, https:\/\/www.faresin.com\/wp-content\/uploads\/Cattura.jpg 1454w\" sizes=\"(max-width: 1024px) 100vw, 1024px\" \/><\/figure>\n\t\t\t\t\t\t\t\t<\/div>\n\t\t\t\t<\/div>\n\t\t\t\t\t<\/div>\n\t\t\t\t<\/div>\n\t\t<div class=\"elementor-element elementor-element-defac9d e-flex e-con-boxed e-con e-parent\" data-id=\"defac9d\" data-element_type=\"container\" data-e-type=\"container\">\n\t\t\t\t\t<div class=\"e-con-inner\">\n\t\t\t\t<div class=\"elementor-element elementor-element-ab9afb3 elementor-widget elementor-widget-gallery\" data-id=\"ab9afb3\" data-element_type=\"widget\" data-e-type=\"widget\" data-settings=\"{&quot;gallery_layout&quot;:&quot;justified&quot;,&quot;lazyload&quot;:&quot;yes&quot;,&quot;ideal_row_height&quot;:{&quot;unit&quot;:&quot;px&quot;,&quot;size&quot;:200,&quot;sizes&quot;:[]},&quot;ideal_row_height_tablet&quot;:{&quot;unit&quot;:&quot;px&quot;,&quot;size&quot;:150,&quot;sizes&quot;:[]},&quot;ideal_row_height_mobile&quot;:{&quot;unit&quot;:&quot;px&quot;,&quot;size&quot;:150,&quot;sizes&quot;:[]},&quot;gap&quot;:{&quot;unit&quot;:&quot;px&quot;,&quot;size&quot;:10,&quot;sizes&quot;:[]},&quot;gap_tablet&quot;:{&quot;unit&quot;:&quot;px&quot;,&quot;size&quot;:10,&quot;sizes&quot;:[]},&quot;gap_mobile&quot;:{&quot;unit&quot;:&quot;px&quot;,&quot;size&quot;:10,&quot;sizes&quot;:[]},&quot;link_to&quot;:&quot;file&quot;,&quot;overlay_background&quot;:&quot;yes&quot;,&quot;content_hover_animation&quot;:&quot;fade-in&quot;}\" data-widget_type=\"gallery.default\">\n\t\t\t\t<div class=\"elementor-widget-container\">\n\t\t\t\t\t\t\t<div class=\"elementor-gallery__container\">\n\t\t\t\t\t\t\t<a class=\"e-gallery-item elementor-gallery-item elementor-animated-content\" href=\"https:\/\/www.faresin.com\/wp-content\/uploads\/FARESIS-50\u00b0-19_DSC0991-scaled.jpg\" data-elementor-open-lightbox=\"yes\" data-elementor-lightbox-slideshow=\"ab9afb3\" data-elementor-lightbox-title=\"FARESIS 50\u00b0-19_DSC0991\" data-e-action-hash=\"#elementor-action%3Aaction%3Dlightbox%26settings%3DeyJpZCI6NzE5MzEsInVybCI6Imh0dHBzOlwvXC93d3cuZmFyZXNpbi5jb21cL3dwLWNvbnRlbnRcL3VwbG9hZHNcL0ZBUkVTSVMtNTBcdTAwYjAtMTlfRFNDMDk5MS1zY2FsZWQuanBnIiwic2xpZGVzaG93IjoiYWI5YWZiMyJ9\">\n\t\t\t\t\t<div class=\"e-gallery-image elementor-gallery-item__image\" data-thumbnail=\"https:\/\/www.faresin.com\/wp-content\/uploads\/FARESIS-50\u00b0-19_DSC0991-200x300.jpg\" data-width=\"200\" data-height=\"300\" aria-label=\"FS Middle\" role=\"img\" ><\/div>\n\t\t\t\t\t\t\t\t\t\t\t<div class=\"elementor-gallery-item__overlay\"><\/div>\n\t\t\t\t\t\t\t\t\t\t\t\t\t\t<\/a>\n\t\t\t\t\t\t\t<a class=\"e-gallery-item elementor-gallery-item elementor-animated-content\" href=\"https:\/\/www.faresin.com\/wp-content\/uploads\/FARESIS-50\u00b0-17_DSC1040-scaled.jpg\" data-elementor-open-lightbox=\"yes\" data-elementor-lightbox-slideshow=\"ab9afb3\" data-elementor-lightbox-title=\"FARESIS 50\u00b0-17_DSC1040\" data-e-action-hash=\"#elementor-action%3Aaction%3Dlightbox%26settings%3DeyJpZCI6NzE5MjIsInVybCI6Imh0dHBzOlwvXC93d3cuZmFyZXNpbi5jb21cL3dwLWNvbnRlbnRcL3VwbG9hZHNcL0ZBUkVTSVMtNTBcdTAwYjAtMTdfRFNDMTA0MC1zY2FsZWQuanBnIiwic2xpZGVzaG93IjoiYWI5YWZiMyJ9\">\n\t\t\t\t\t<div class=\"e-gallery-image elementor-gallery-item__image\" data-thumbnail=\"https:\/\/www.faresin.com\/wp-content\/uploads\/FARESIS-50\u00b0-17_DSC1040-300x200.jpg\" data-width=\"300\" data-height=\"200\" aria-label=\"Leader PF FE\" role=\"img\" ><\/div>\n\t\t\t\t\t\t\t\t\t\t\t<div class=\"elementor-gallery-item__overlay\"><\/div>\n\t\t\t\t\t\t\t\t\t\t\t\t\t\t<\/a>\n\t\t\t\t\t\t\t<a class=\"e-gallery-item elementor-gallery-item elementor-animated-content\" href=\"https:\/\/www.faresin.com\/wp-content\/uploads\/FARESIS-50\u00b0-7_DSC1004-scaled.jpg\" data-elementor-open-lightbox=\"yes\" data-elementor-lightbox-slideshow=\"ab9afb3\" data-elementor-lightbox-title=\"FARESIS 50\u00b0-7_DSC1004\" data-e-action-hash=\"#elementor-action%3Aaction%3Dlightbox%26settings%3DeyJpZCI6NzE5MTMsInVybCI6Imh0dHBzOlwvXC93d3cuZmFyZXNpbi5jb21cL3dwLWNvbnRlbnRcL3VwbG9hZHNcL0ZBUkVTSVMtNTBcdTAwYjAtN19EU0MxMDA0LXNjYWxlZC5qcGciLCJzbGlkZXNob3ciOiJhYjlhZmIzIn0%3D\">\n\t\t\t\t\t<div class=\"e-gallery-image elementor-gallery-item__image\" data-thumbnail=\"https:\/\/www.faresin.com\/wp-content\/uploads\/FARESIS-50\u00b0-7_DSC1004-300x170.jpg\" data-width=\"300\" data-height=\"170\" aria-label=\"\" role=\"img\" ><\/div>\n\t\t\t\t\t\t\t\t\t\t\t<div class=\"elementor-gallery-item__overlay\"><\/div>\n\t\t\t\t\t\t\t\t\t\t\t\t\t\t<\/a>\n\t\t\t\t\t<\/div>\n\t\t\t\t\t<\/div>\n\t\t\t\t<\/div>\n\t\t\t\t\t<\/div>\n\t\t\t\t<\/div>\n\t\t<div class=\"elementor-element elementor-element-9abe210 e-flex e-con-boxed e-con e-parent\" data-id=\"9abe210\" data-element_type=\"container\" data-e-type=\"container\">\n\t\t\t\t\t<div class=\"e-con-inner\">\n\t\t\t\t<div class=\"elementor-element elementor-element-e1dc79e elementor-widget elementor-widget-video\" data-id=\"e1dc79e\" data-element_type=\"widget\" data-e-type=\"widget\" data-settings=\"{&quot;video_type&quot;:&quot;hosted&quot;,&quot;controls&quot;:&quot;yes&quot;}\" data-widget_type=\"video.default\">\n\t\t\t\t<div class=\"elementor-widget-container\">\n\t\t\t\t\t\t\t<div class=\"e-hosted-video elementor-wrapper elementor-open-inline\">\n\t\t\t\t\t<video class=\"elementor-video\" src=\"https:\/\/faresin.com\/wp-content\/uploads\/AI%20FARESIN%20INDUSTRIES%2050esimo%2030%20SETTEMBRE%202023.mp4\" controls=\"\" preload=\"metadata\" controlsList=\"nodownload\"><\/video>\n\t\t\t\t<\/div>\n\t\t\t\t\t\t<\/div>\n\t\t\t\t<\/div>\n\t\t\t\t\t<\/div>\n\t\t\t\t<\/div>\n\t\t\t\t<\/div>\n\t\t","protected":false},"excerpt":{"rendered":"<p>50 Jahre Geschichte und eine Zukunft, die es zu feiern gilt Am Freitag, den 29. September, blies FARESIN INDUSTRIES seine ersten f\u00fcnfzig Kerzen aus und veranstaltete im Werk Breganze einen internationalen Kongress unter dem Motto &#8222;Lasst uns die Zukunft feiern&#8220;, an dem \u00fcber 400 Personen teilnahmen. Eine gro\u00dfartige Veranstaltung, die alle Partner zusammenbrachte, die in [&hellip;]<\/p>\n","protected":false},"author":333,"featured_media":71967,"comment_status":"closed","ping_status":"closed","sticky":false,"template":"","format":"standard","meta":{"_acf_changed":false,"footnotes":""},"categories":[332,261],"tags":[751,750],"class_list":["post-71982","post","type-post","status-publish","format-standard","has-post-thumbnail","hentry","category-corporate-de","category-presseveroffentlichungen","tag-50-jahre","tag-jahrestag"],"acf":[],"_links":{"self":[{"href":"https:\/\/www.faresin.com\/de\/wp-json\/wp\/v2\/posts\/71982","targetHints":{"allow":["GET"]}}],"collection":[{"href":"https:\/\/www.faresin.com\/de\/wp-json\/wp\/v2\/posts"}],"about":[{"href":"https:\/\/www.faresin.com\/de\/wp-json\/wp\/v2\/types\/post"}],"author":[{"embeddable":true,"href":"https:\/\/www.faresin.com\/de\/wp-json\/wp\/v2\/users\/333"}],"replies":[{"embeddable":true,"href":"https:\/\/www.faresin.com\/de\/wp-json\/wp\/v2\/comments?post=71982"}],"version-history":[{"count":0,"href":"https:\/\/www.faresin.com\/de\/wp-json\/wp\/v2\/posts\/71982\/revisions"}],"wp:featuredmedia":[{"embeddable":true,"href":"https:\/\/www.faresin.com\/de\/wp-json\/wp\/v2\/media\/71967"}],"wp:attachment":[{"href":"https:\/\/www.faresin.com\/de\/wp-json\/wp\/v2\/media?parent=71982"}],"wp:term":[{"taxonomy":"category","embeddable":true,"href":"https:\/\/www.faresin.com\/de\/wp-json\/wp\/v2\/categories?post=71982"},{"taxonomy":"post_tag","embeddable":true,"href":"https:\/\/www.faresin.com\/de\/wp-json\/wp\/v2\/tags?post=71982"}],"curies":[{"name":"wp","href":"https:\/\/api.w.org\/{rel}","templated":true}]}}