{"id":73575,"date":"2023-11-06T14:26:58","date_gmt":"2023-11-06T13:26:58","guid":{"rendered":"https:\/\/www.faresin.com\/news\/faresin-auf-der-agritechnica-2023-seit-50-jahren-gemeinsam-mit-landwirten\/"},"modified":"2024-02-22T09:10:33","modified_gmt":"2024-02-22T08:10:33","slug":"faresin-auf-der-agritechnica-2023-seit-50-jahren-gemeinsam-mit-landwirten","status":"publish","type":"post","link":"https:\/\/www.faresin.com\/de\/news\/faresin-auf-der-agritechnica-2023-seit-50-jahren-gemeinsam-mit-landwirten\/","title":{"rendered":"Faresin auf der Agritechnica 2023: Seit 50 Jahren gemeinsam mit Landwirten"},"content":{"rendered":"\n<p>Nachdem Faresin sein 50-j\u00e4hriges Bestehen mit einem gro\u00dfen internationalen Kongress gefeiert hat, kommt es zur <a href=\"https:\/\/www.agritechnica.com\/it\/\" data-type=\"link\" data-id=\"https:\/\/www.agritechnica.com\/it\/\" target=\"_blank\" rel=\"noopener\">Agritechnica<\/a> 2023 mit vielen Neuheiten. Innovationen, die dazu bestimmt sind, die Welt der Landwirtschaft und der Tierhaltung im Namen der Nachhaltigkeit und der Technologie zu revolutionieren.<\/p>\n\n<p><strong>Auf dem Stand Nr. A26 in Halle 21<\/strong> der Hannover Messe werden mehrere neue Maschinen ausgestellt, die das Ergebnis der j\u00fcngsten technologischen Fortschritte von Faresin in letzter Zeit sind. Maschinen von heute, die f\u00fcr morgen bereit sind.<\/p>\n\n<p>Seit der letzten Ausgabe hat Faresin ein unaufhaltsames Wachstum erlebt, das auf die Einf\u00fchrung von immer <strong>umweltfreundlicheren Produkten<\/strong> und <strong>immer fortschrittlicheren und vernetzten Maschinen<\/strong> zur\u00fcckzuf\u00fchren ist. Der Markt verlangt n\u00e4mlich zunehmend \u00f6kologische, sichere und effiziente Produkte.<\/p>\n\n<p>Die Palette der Teleskoplader wurde mit der neuen FS Baureihe komplett \u00fcberarbeitet, w\u00e4hrend das Angebot an Futtermischwagen stark erweitert wurde. Beide Produktlinien haben das gleiche Ziel der <em>Kohlenstoffneutralit\u00e4t<\/em>: Null Emissionen f\u00fcr die elektrische Baureihe und eine konstante Reduzierung des Verbrauchs f\u00fcr die endothermische Baureihe. Aus diesem Grund hat Faresin sein Angebot verdoppelt, das auf <strong>zwei parallelen Linien &#8211; endothermisch und elektrifiziert<\/strong> &#8211; aufgebaut ist, die in jedem Fall bereit sind, L\u00f6sungen und technologische Innovationen zu teilen, die einen Mehrwert f\u00fcr die Kunden schaffen.<\/p>\n\n<h3 class=\"wp-block-heading\">Faresin-Neuheiten auf der Agritechinca vorgestellt<\/h3>\n\n<p>Vor diesem Hintergrund werden auf der Agritechnica die folgenden Produkte vorgestellt <a href=\"https:\/\/www.faresin.com\/de\/full-electric\/leader-pf-full-electric\/\" data-type=\"page\" data-id=\"72385\"><strong>Leader PF Full Electric<\/strong> <\/a>der erste selbstfahrende 100% elektrische Mischwagen der Marke Faresin, der die 2018 mit der Pr\u00e4sentation des <a href=\"https:\/\/www.faresin.com\/de\/full-electric\/6-26-full-electric\/\" data-type=\"page\" data-id=\"4174\">weltweit ersten elektrischen Teleskopladers<\/a> eingef\u00fchrte elektrifizierte Produktpalette von Faresin vervollst\u00e4ndigt.<\/p>\n\n<p>F\u00fcr kleinere Betriebe ist der neue <strong>\n  <a href=\"https:\/\/www.faresin.com\/de\/futtermischwagen\/leader-pf-klassisch\/\" data-type=\"page\" data-id=\"72519\">Leader PF Classic<\/a>\n<\/strong>eine kompakte selbstfahrende Maschine mit einer Schnecke. Kosteng\u00fcnstige Linie f\u00fcr einen ersten Ansatz zur Pr\u00e4zisionsf\u00fctterung.<\/p>\n\n<p>Vollst\u00e4ndige Erneuerung der Palette der <a href=\"https:\/\/www.faresin.com\/de\/futtermischwagen\/gezogene-vertikal-futtermischwagen-tpf\/\" data-type=\"page\" data-id=\"6284\">\n  <strong>TPF-Vertikalschleppern<\/strong>\n<\/a>die jetzt nicht weniger als 33 verschiedene Kubaturen umfasst und die M\u00f6glichkeit bietet, eine bis drei Schnecken einzubauen. Jetzt wurden die Modelle in drei Konfigurationen umstrukturiert: <strong>Classic, Plus und Profi<\/strong>.<\/p>\n\n<p>F\u00fcr Teleskoplader hingegen ist die neue <strong>\n  <a href=\"https:\/\/www.faresin.com\/de\/teleskopstapler\/fs-middle\/\" data-type=\"page\" data-id=\"14796\">FS Middle<\/a>\n<\/strong>eine Baureihe, die f\u00fcr den Einsatz in der Landwirtschaft und im Baugewerbe konzipiert wurde und Maschinen mit ausfahrbaren Auslegern von <strong>7 bis 10 Metern H\u00f6he und einer Tragf\u00e4higkeit von 3,5 bis 4,5 Tonnen<\/strong> umfasst.<\/p>\n\n<p>Um diese zahlreichen Innovationen (und mehr) zu entdecken, freut sich Faresin, Sie auf der Agritechnica am <strong>Stand A26 in Halle 21<\/strong> begr\u00fc\u00dfen zu d\u00fcrfen. Wir warten auf Sie!<\/p>\n\n<hr class=\"wp-block-separator has-alpha-channel-opacity\"\/>\n\n<div style=\"height:38px\" aria-hidden=\"true\" class=\"wp-block-spacer\"><\/div>\n\n<div class=\"wp-block-buttons is-content-justification-center is-layout-flex wp-container-core-buttons-is-layout-a89b3969 wp-block-buttons-is-layout-flex\">\n<div class=\"wp-block-button\"><a class=\"wp-block-button__link has-text-align-center wp-element-button\" href=\"https:\/\/www.faresin.com\/de\/kontakt\/\">Vereinbaren Sie einen Termin auf der Messe!<\/a><\/div>\n<\/div>\n\n<div style=\"height:41px\" aria-hidden=\"true\" class=\"wp-block-spacer\"><\/div>\n\n<figure class=\"wp-block-image size-large\"><img decoding=\"async\" width=\"819\" height=\"1024\" src=\"https:\/\/www.faresin.com\/wp-content\/uploads\/\/Agritechnica-819x1024.jpg\" alt=\"\" class=\"wp-image-73524\" srcset=\"https:\/\/www.faresin.com\/wp-content\/uploads\/Agritechnica-819x1024.jpg 819w, https:\/\/www.faresin.com\/wp-content\/uploads\/Agritechnica-240x300.jpg 240w, https:\/\/www.faresin.com\/wp-content\/uploads\/Agritechnica-768x960.jpg 768w, https:\/\/www.faresin.com\/wp-content\/uploads\/Agritechnica.jpg 1080w\" sizes=\"(max-width: 819px) 100vw, 819px\" \/><\/figure>\n\n<div style=\"height:100px\" aria-hidden=\"true\" class=\"wp-block-spacer\"><\/div>\n","protected":false},"excerpt":{"rendered":"<p>Nachdem Faresin sein 50-j\u00e4hriges Bestehen mit einem gro\u00dfen internationalen Kongress gefeiert hat, kommt es zur Agritechnica 2023 mit vielen Neuheiten. Innovationen, die dazu bestimmt sind, die Welt der Landwirtschaft und der Tierhaltung im Namen der Nachhaltigkeit und der Technologie zu revolutionieren. Auf dem Stand Nr. A26 in Halle 21 der Hannover Messe werden mehrere neue [&hellip;]<\/p>\n","protected":false},"author":333,"featured_media":73520,"comment_status":"closed","ping_status":"closed","sticky":false,"template":"","format":"standard","meta":{"_acf_changed":false,"footnotes":""},"categories":[338,261],"tags":[803,804,380],"class_list":["post-73575","post","type-post","status-publish","format-standard","has-post-thumbnail","hentry","category-messen","category-presseveroffentlichungen","tag-agritechnica-de","tag-hannover-de","tag-landwirtschaft"],"acf":[],"_links":{"self":[{"href":"https:\/\/www.faresin.com\/de\/wp-json\/wp\/v2\/posts\/73575","targetHints":{"allow":["GET"]}}],"collection":[{"href":"https:\/\/www.faresin.com\/de\/wp-json\/wp\/v2\/posts"}],"about":[{"href":"https:\/\/www.faresin.com\/de\/wp-json\/wp\/v2\/types\/post"}],"author":[{"embeddable":true,"href":"https:\/\/www.faresin.com\/de\/wp-json\/wp\/v2\/users\/333"}],"replies":[{"embeddable":true,"href":"https:\/\/www.faresin.com\/de\/wp-json\/wp\/v2\/comments?post=73575"}],"version-history":[{"count":0,"href":"https:\/\/www.faresin.com\/de\/wp-json\/wp\/v2\/posts\/73575\/revisions"}],"wp:featuredmedia":[{"embeddable":true,"href":"https:\/\/www.faresin.com\/de\/wp-json\/wp\/v2\/media\/73520"}],"wp:attachment":[{"href":"https:\/\/www.faresin.com\/de\/wp-json\/wp\/v2\/media?parent=73575"}],"wp:term":[{"taxonomy":"category","embeddable":true,"href":"https:\/\/www.faresin.com\/de\/wp-json\/wp\/v2\/categories?post=73575"},{"taxonomy":"post_tag","embeddable":true,"href":"https:\/\/www.faresin.com\/de\/wp-json\/wp\/v2\/tags?post=73575"}],"curies":[{"name":"wp","href":"https:\/\/api.w.org\/{rel}","templated":true}]}}