{"id":80030,"date":"2024-05-24T14:38:00","date_gmt":"2024-05-24T12:38:00","guid":{"rendered":"https:\/\/www.faresin.com\/news\/fs-middle-die-serie-landet-in-der-tuerkei\/"},"modified":"2024-12-20T10:36:39","modified_gmt":"2024-12-20T09:36:39","slug":"fs-middle-die-serie-landet-in-der-tuerkei","status":"publish","type":"post","link":"https:\/\/www.faresin.com\/de\/news\/fs-middle-die-serie-landet-in-der-tuerkei\/","title":{"rendered":"FS Middle Die Serie landet in der T\u00fcrkei"},"content":{"rendered":"\n<p><strong> FS MiddleAm 22. Mai wurde die<\/strong><strong><strong> neue Teleskoplader-Serie<\/strong> offiziell auf dem t\u00fcrkischen Markt vorgestellt. Die Pr\u00e4sentation fand vor einer gro\u00dfen Vertretung lokaler Politiker und Verwaltungsangestellter sowie dem B\u00fcrgermeister der Stadt Nev\u015fehir, im Herzen <strong>Kappadokiens<\/strong>, statt.<\/strong> <\/p>\n\n<p>FaresinDie Bedeutung der Veranstaltung wurde durch die Teilnahme eines Vertreters unseres Unternehmens unter der Leitung des Gr\u00fcnders Sante unterstrichen.<\/p>\n\n<p>Die Veranstaltung wurde dank der langj\u00e4hrigen Zusammenarbeit mit der Meka Lift Gruppe, einem t\u00fcrkischen Unternehmen, das Maschinen f\u00fcr den Hebesektor vertreibt, erm\u00f6glicht. Der Eigent\u00fcmer Mehmet Karakaya betonte w\u00e4hrend der Pr\u00e4sentation, an der mehr als 600 Landwirte, Hersteller, Vermieter und politische Entscheidungstr\u00e4ger teilnahmen, die Bedeutung des t\u00fcrkischen Marktes und seinen Wachstumstrend f\u00fcr Teleskoplader. <\/p>\n\n<p>Besonders hervorgehoben wurden die besonderen Einsatzm\u00f6glichkeiten dieser Maschine im Land, wie das Handling von Baumwollballen, die Ernte von Haseln\u00fcssen und nicht zuletzt der Einsatz in den Gebieten, in denen sich das verheerende Erdbeben im Februar letzten Jahres ereignet hat.<\/p>\n\n<p>Die FS Middle-Teleskoplader-Serie besteht aus 4 Modellen mit einer Hubkraft von 3,5 bis 4,5 Tonnen und einer maximalen Reichweite von 10 Metern.<\/p>\n\n<figure class=\"wp-block-image alignleft size-full is-resized\"><img decoding=\"async\" width=\"1000\" height=\"667\" src=\"https:\/\/www.faresin.com\/wp-content\/uploads\/Mehmet-Karakaya-and-Sante-Faresin-1.png\" alt=\"\" class=\"wp-image-77710\" style=\"width:525px;height:auto\" srcset=\"https:\/\/www.faresin.com\/wp-content\/uploads\/Mehmet-Karakaya-and-Sante-Faresin-1.png 1000w, https:\/\/www.faresin.com\/wp-content\/uploads\/Mehmet-Karakaya-and-Sante-Faresin-1-300x200.png 300w, https:\/\/www.faresin.com\/wp-content\/uploads\/Mehmet-Karakaya-and-Sante-Faresin-1-768x512.png 768w\" sizes=\"(max-width: 1000px) 100vw, 1000px\" \/><\/figure>\n\n<p>Faresin W\u00e4hrend der Feierlichkeiten \u00fcberreichte Pr\u00e4sident Sante zusammen mit dem Eigent\u00fcmer von Mekalift Mehmet Karakaya dem B\u00fcrgermeister der Stadt ein Modell des FULL ELECTRIC 6.26 Teleskopladers, das aus den ber\u00fchmten Legosteinen hergestellt wurde, als Erinnerung an dieses wichtige Ereignis.<\/p>\n\n<p>Faresin Faresin &#8222;Die Wertsch\u00e4tzung der Maschinen in der ganzen Welt h\u00e4lt an und damit auch die Ausweitung des Vertriebs und die Konsolidierung der Beziehungen zu den wichtigsten Akteuren&#8220;, kommentierte Sante am Ende der Veranstaltung.<\/p>\n\n<p>Faresin Faresin Giulia , die Betriebsleiterin des Unternehmens, m\u00f6chte hingegen die Entschlossenheit und die F\u00e4higkeit erw\u00e4hnen, technische L\u00f6sungen zu entwickeln, die es den Teleskopladern erm\u00f6glichen, sich an jeden Bedarf oder jede Einsatzbedingung anzupassen.<\/p>\n\n<figure class=\"wp-block-gallery has-nested-images columns-default is-cropped wp-block-gallery-1 is-layout-flex wp-block-gallery-is-layout-flex\">\n<figure class=\"wp-block-image size-large\"><img decoding=\"async\" width=\"1024\" height=\"768\" data-id=\"77755\" src=\"https:\/\/www.faresin.com\/wp-content\/uploads\/\/new-fs-range-1024x768.jpg\" alt=\"\" class=\"wp-image-77755\" srcset=\"https:\/\/www.faresin.com\/wp-content\/uploads\/new-fs-range-1024x768.jpg 1024w, https:\/\/www.faresin.com\/wp-content\/uploads\/new-fs-range-300x225.jpg 300w, https:\/\/www.faresin.com\/wp-content\/uploads\/new-fs-range-768x576.jpg 768w, https:\/\/www.faresin.com\/wp-content\/uploads\/new-fs-range-1536x1152.jpg 1536w, https:\/\/www.faresin.com\/wp-content\/uploads\/new-fs-range-2048x1536.jpg 2048w\" sizes=\"(max-width: 1024px) 100vw, 1024px\" \/><\/figure>\n\n\n\n<figure class=\"wp-block-image size-large\"><img decoding=\"async\" width=\"1000\" height=\"667\" data-id=\"77746\" src=\"https:\/\/www.faresin.com\/wp-content\/uploads\/Faresin-team-1.png\" alt=\"\" class=\"wp-image-77746\" srcset=\"https:\/\/www.faresin.com\/wp-content\/uploads\/Faresin-team-1.png 1000w, https:\/\/www.faresin.com\/wp-content\/uploads\/Faresin-team-1-300x200.png 300w, https:\/\/www.faresin.com\/wp-content\/uploads\/Faresin-team-1-768x512.png 768w\" sizes=\"(max-width: 1000px) 100vw, 1000px\" \/><\/figure>\n\n\n\n<figure class=\"wp-block-image size-large\"><img decoding=\"async\" width=\"1000\" height=\"667\" data-id=\"77728\" src=\"https:\/\/www.faresin.com\/wp-content\/uploads\/Presentarion-event-in-Kapadokya-1.png\" alt=\"\" class=\"wp-image-77728\" srcset=\"https:\/\/www.faresin.com\/wp-content\/uploads\/Presentarion-event-in-Kapadokya-1.png 1000w, https:\/\/www.faresin.com\/wp-content\/uploads\/Presentarion-event-in-Kapadokya-1-300x200.png 300w, https:\/\/www.faresin.com\/wp-content\/uploads\/Presentarion-event-in-Kapadokya-1-768x512.png 768w\" sizes=\"(max-width: 1000px) 100vw, 1000px\" \/><\/figure>\n\n\n\n<figure class=\"wp-block-image size-large\"><img decoding=\"async\" width=\"1000\" height=\"667\" data-id=\"77719\" src=\"https:\/\/www.faresin.com\/wp-content\/uploads\/Meka-Lift-and-Faresin-team-1.png\" alt=\"\" class=\"wp-image-77719\" srcset=\"https:\/\/www.faresin.com\/wp-content\/uploads\/Meka-Lift-and-Faresin-team-1.png 1000w, https:\/\/www.faresin.com\/wp-content\/uploads\/Meka-Lift-and-Faresin-team-1-300x200.png 300w, https:\/\/www.faresin.com\/wp-content\/uploads\/Meka-Lift-and-Faresin-team-1-768x512.png 768w\" sizes=\"(max-width: 1000px) 100vw, 1000px\" \/><\/figure>\n<\/figure>\n","protected":false},"excerpt":{"rendered":"<p>FS MiddleAm 22. Mai wurde die neue Teleskoplader-Serie offiziell auf dem t\u00fcrkischen Markt vorgestellt. Die Pr\u00e4sentation fand vor einer gro\u00dfen Vertretung lokaler Politiker und Verwaltungsangestellter sowie dem B\u00fcrgermeister der Stadt Nev\u015fehir, im Herzen Kappadokiens, statt. <\/p>\n","protected":false},"author":333,"featured_media":77706,"comment_status":"closed","ping_status":"closed","sticky":false,"template":"","format":"standard","meta":{"_acf_changed":false,"footnotes":""},"categories":[839,240,350],"tags":[586],"class_list":["post-80030","post","type-post","status-publish","format-standard","has-post-thumbnail","hentry","category-handler","category-nachrichten","category-teleskoplader","tag-teleskoplader"],"acf":[],"_links":{"self":[{"href":"https:\/\/www.faresin.com\/de\/wp-json\/wp\/v2\/posts\/80030","targetHints":{"allow":["GET"]}}],"collection":[{"href":"https:\/\/www.faresin.com\/de\/wp-json\/wp\/v2\/posts"}],"about":[{"href":"https:\/\/www.faresin.com\/de\/wp-json\/wp\/v2\/types\/post"}],"author":[{"embeddable":true,"href":"https:\/\/www.faresin.com\/de\/wp-json\/wp\/v2\/users\/333"}],"replies":[{"embeddable":true,"href":"https:\/\/www.faresin.com\/de\/wp-json\/wp\/v2\/comments?post=80030"}],"version-history":[{"count":1,"href":"https:\/\/www.faresin.com\/de\/wp-json\/wp\/v2\/posts\/80030\/revisions"}],"predecessor-version":[{"id":80031,"href":"https:\/\/www.faresin.com\/de\/wp-json\/wp\/v2\/posts\/80030\/revisions\/80031"}],"wp:featuredmedia":[{"embeddable":true,"href":"https:\/\/www.faresin.com\/de\/wp-json\/wp\/v2\/media\/77706"}],"wp:attachment":[{"href":"https:\/\/www.faresin.com\/de\/wp-json\/wp\/v2\/media?parent=80030"}],"wp:term":[{"taxonomy":"category","embeddable":true,"href":"https:\/\/www.faresin.com\/de\/wp-json\/wp\/v2\/categories?post=80030"},{"taxonomy":"post_tag","embeddable":true,"href":"https:\/\/www.faresin.com\/de\/wp-json\/wp\/v2\/tags?post=80030"}],"curies":[{"name":"wp","href":"https:\/\/api.w.org\/{rel}","templated":true}]}}