{"id":83895,"date":"2025-11-13T12:07:32","date_gmt":"2025-11-13T11:07:32","guid":{"rendered":"https:\/\/www.faresin.com\/news\/faresin-deutschland-feiert-20-jahre-auf-der-agritechnica-2025-ein-meilenstein-der-von-wachstum-kundennaehe-und-internationaler-vision-spricht\/"},"modified":"2025-11-13T12:09:08","modified_gmt":"2025-11-13T11:09:08","slug":"faresin-deutschland-feiert-20-jahre-auf-der-agritechnica-2025-ein-meilenstein-der-von-wachstum-kundennaehe-und-internationaler-vision-spricht","status":"publish","type":"post","link":"https:\/\/www.faresin.com\/de\/news\/faresin-deutschland-feiert-20-jahre-auf-der-agritechnica-2025-ein-meilenstein-der-von-wachstum-kundennaehe-und-internationaler-vision-spricht\/","title":{"rendered":"Faresin Deutschland feiert 20 Jahre: auf der Agritechnica 2025 ein Meilenstein, der von Wachstum, Kundenn\u00e4he und internationaler Vision spricht"},"content":{"rendered":"\n<p><strong>Breganze (Italien) &#8211; November 2025<\/strong> &#8211; Auf der Agritechnica 2025 feiert Faresin neben technologischen Premieren und Produktneuheiten einen besonderen Meilenstein: das <strong>20-j\u00e4hrige Bestehen von Faresin Deutschland<\/strong>, der ersten direkten Tochtergesellschaft der Gruppe in Deutschland.<br\/>Ein Jubil\u00e4um, das nicht nur ein wichtiges Kapitel in der Geschichte des Unternehmens darstellt, sondern auch die Best\u00e4tigung eines Weges des gemeinsamen Wachstums, der kapillaren Pr\u00e4senz und der starken Zusammenarbeit mit deutschen Z\u00fcchtern, H\u00e4ndlern und Partnern.<\/p>\n\n<p>W\u00e4hrend der Messe wurden alle auf dem Stand ausgestellten Maschinen mit einer <strong>Erinnerungsrosette<\/strong> geschm\u00fcckt, ein Symbol f\u00fcr die Dankbarkeit von Faresin gegen\u00fcber dem deutschen Markt und die \u00fcber zwei Jahrzehnte aufgebaute Bindung.<\/p>\n\n<hr class=\"wp-block-separator has-alpha-channel-opacity\"\/>\n\n<h2 class=\"wp-block-heading\"><strong>Eine Tochtergesellschaft, die gegr\u00fcndet wurde, um den deutschen Landwirten nahe zu sein<\/strong><\/h2>\n\n<p>Die <strong>2005 in Steinach bei Rothenburg ob der Tauber<\/strong> gegr\u00fcndete Faresin Deutschland wurde mit einem klaren Ziel ins Leben gerufen:<br\/><strong>, um den deutschen Kunden eine direkte Anlaufstelle f\u00fcr kommerzielle, technische und logistische Unterst\u00fctzung zu bieten<\/strong> und einen Service zu garantieren, der den hohen Standards des deutschen Marktes entspricht.<\/p>\n\n<p>Dank dieser lokalen Pr\u00e4senz war Faresin in der Lage:<\/p>\n\n<ul class=\"wp-block-list\">\n<li>die Bed\u00fcrfnisse der Landwirte in Bayern, Baden-W\u00fcrttemberg und den angrenzenden Regionen genau zu verstehen<\/li>\n\n\n\n<li>die Anpassung der Maschinen an die typischen Betriebsbedingungen deutscher Unternehmen<\/li>\n\n\n\n<li>ein schnelles und effizientes Ersatzteilservice- und Support-Netzwerk aufzubauen<\/li>\n\n\n\n<li>starke und dauerhafte Beziehungen zu H\u00e4ndlern und strategischen Partnern aufzubauen<\/li>\n<\/ul>\n\n<hr class=\"wp-block-separator has-alpha-channel-opacity\"\/>\n\n<h2 class=\"wp-block-heading\"><strong>Stetiges Wachstum und eine immer besser organisierte Struktur<\/strong><\/h2>\n\n<p>Im Laufe der Jahre hat die deutsche Niederlassung ein bedeutendes Wachstum erfahren und wurde zu einer Referenz f\u00fcr:<\/p>\n\n<ul class=\"wp-block-list\">\n<li><strong>Selbstfahrende und gezogene Futtermischwagen<\/strong><\/li>\n\n\n\n<li>Technologien zur Pr\u00e4zisionsf\u00fctterung<\/li>\n\n\n\n<li>Teleskoplader f\u00fcr Landwirtschaft und Industrie<\/li>\n\n\n\n<li>Full Electric L\u00f6sungen f\u00fcr nachhaltigkeitsbewusste Unternehmen<\/li>\n<\/ul>\n\n<p>Die internationale Expansionsstrategie der Gruppe f\u00fchrte dann zur Gr\u00fcndung eines zweiten Tochterunternehmens, <strong>Faresin Deutschland Nord<\/strong>, das derzeit umstrukturiert wird, um eine noch breitere Pr\u00e4senz in ganz Deutschland zu gew\u00e4hrleisten.<\/p>\n\n<hr class=\"wp-block-separator has-alpha-channel-opacity\"\/>\n\n<h2 class=\"wp-block-heading\"><strong>Ein Jubil\u00e4um mit besonderer Note<\/strong><\/h2>\n\n<p>Das 20-j\u00e4hrige Jubil\u00e4um 2025 hat auch einen emotionalen Wert: Faresin erinnert an <strong>Walter Schirmer<\/strong>, einen der Architekten der Gr\u00fcndung der Tochtergesellschaft, der im Mai dieses Jahres viel zu fr\u00fch verstorben ist.<br\/>Seine Vision, sein Engagement und seine Hingabe spielten eine zentrale Rolle bei der Entwicklung von Faresin in Deutschland.<\/p>\n\n<p>Heute wird die Filiale von <strong>Martin Kn\u00e4ulein<\/strong> geleitet, der seit dem ersten Tag dabei ist. Er ist ein historischer Bezugspunkt f\u00fcr Kunden und H\u00e4ndler, ein Symbol f\u00fcr die Kontinuit\u00e4t und Professionalit\u00e4t, die diese ersten 20 Jahre gepr\u00e4gt haben.<\/p>\n\n<hr class=\"wp-block-separator has-alpha-channel-opacity\"\/>\n\n<h2 class=\"wp-block-heading\"><strong>Eine Zukunft der Zusammenarbeit und Innovation<\/strong><\/h2>\n\n<p>Das Jubil\u00e4um, das auf der Agritechnica gefeiert wird, ist kein Meilenstein, sondern ein neuer Ausgangspunkt.<br\/>Faresin will seine Pr\u00e4senz in Deutschland weiter ausbauen und investiert in:<\/p>\n\n<ul class=\"wp-block-list\">\n<li>Full Electric Innovationen<\/li>\n\n\n\n<li>Intelligente F\u00fctterungstechnologien f\u00fcr das Datenmanagement im Stall<\/li>\n\n\n\n<li>technische Schulungen und unmittelbare Demonstrationen vor Ort<\/li>\n\n\n\n<li>noch schnellerer Kundendienst in Kundenn\u00e4he<\/li>\n<\/ul>\n\n<p>Deutschland ist nach wie vor einer der strategisch wichtigsten M\u00e4rkte f\u00fcr die Gruppe, und die Geschichte von Faresin Deutschland zeigt, dass Kundenn\u00e4he, Zuh\u00f6ren und Servicequalit\u00e4t entscheidend f\u00fcr den Aufbau solider und dauerhafter Beziehungen sind.<\/p>\n","protected":false},"excerpt":{"rendered":"<p>Breganze (Italien) &#8211; November 2025 &#8211; Auf der Agritechnica 2025 feiert Faresin neben technologischen Premieren und Produktneuheiten einen besonderen Meilenstein: das 20-j\u00e4hrige Bestehen von Faresin Deutschland, der ersten direkten Tochtergesellschaft der Gruppe in Deutschland.Ein Jubil\u00e4um, das nicht nur ein wichtiges Kapitel in der Geschichte des Unternehmens darstellt, sondern auch die Best\u00e4tigung eines Weges des gemeinsamen [&hellip;]<\/p>\n","protected":false},"author":1,"featured_media":0,"comment_status":"closed","ping_status":"closed","sticky":false,"template":"","format":"standard","meta":{"_acf_changed":false,"footnotes":""},"categories":[338,261],"tags":[],"class_list":["post-83895","post","type-post","status-publish","format-standard","hentry","category-messen","category-presseveroffentlichungen"],"acf":[],"_links":{"self":[{"href":"https:\/\/www.faresin.com\/de\/wp-json\/wp\/v2\/posts\/83895","targetHints":{"allow":["GET"]}}],"collection":[{"href":"https:\/\/www.faresin.com\/de\/wp-json\/wp\/v2\/posts"}],"about":[{"href":"https:\/\/www.faresin.com\/de\/wp-json\/wp\/v2\/types\/post"}],"author":[{"embeddable":true,"href":"https:\/\/www.faresin.com\/de\/wp-json\/wp\/v2\/users\/1"}],"replies":[{"embeddable":true,"href":"https:\/\/www.faresin.com\/de\/wp-json\/wp\/v2\/comments?post=83895"}],"version-history":[{"count":1,"href":"https:\/\/www.faresin.com\/de\/wp-json\/wp\/v2\/posts\/83895\/revisions"}],"predecessor-version":[{"id":83896,"href":"https:\/\/www.faresin.com\/de\/wp-json\/wp\/v2\/posts\/83895\/revisions\/83896"}],"wp:attachment":[{"href":"https:\/\/www.faresin.com\/de\/wp-json\/wp\/v2\/media?parent=83895"}],"wp:term":[{"taxonomy":"category","embeddable":true,"href":"https:\/\/www.faresin.com\/de\/wp-json\/wp\/v2\/categories?post=83895"},{"taxonomy":"post_tag","embeddable":true,"href":"https:\/\/www.faresin.com\/de\/wp-json\/wp\/v2\/tags?post=83895"}],"curies":[{"name":"wp","href":"https:\/\/api.w.org\/{rel}","templated":true}]}}