{"id":66426,"date":"2021-05-31T16:57:00","date_gmt":"2021-05-31T14:57:00","guid":{"rendered":"https:\/\/www.faresin.com\/news\/entrevista-de-gestion-maquinaria-agricola-manana\/"},"modified":"2023-02-22T08:48:07","modified_gmt":"2023-02-22T07:48:07","slug":"entrevista-de-gestion-maquinaria-agricola-manana","status":"publish","type":"post","link":"https:\/\/www.faresin.com\/es\/news\/entrevista-de-gestion-maquinaria-agricola-manana\/","title":{"rendered":"ENTREVISTA DE GESTI\u00d3N &#8211; MAQUINARIA AGR\u00cdCOLA MA\u00d1ANA"},"content":{"rendered":"\n<p>En el n\u00famero de mayo de 2021 de MAD, Macchine Agricole Domani, Marco Limina entrevist\u00f3 en exclusiva a la direcci\u00f3n de Faresin Industries Industries. Una amplia conversaci\u00f3n con el Presidente Sante Faresin y sus hijas Silvia y Giulia, en la que se cuenta la visi\u00f3n de la empresa.<\/p>\n\n<p>El amor por la fabricaci\u00f3n italiana, la rapidez en la toma de decisiones y la ausencia de l\u00edmites en el desarrollo comercial y de productos son las directrices empresariales que han llevado a la empresa a viajar con el viento en popa hacia el hito de sus primeros 50 a\u00f1os.<\/p>\n\n<p>\u00abNuestro compromiso es dar un impulso diario a la mejora de la producci\u00f3n en t\u00e9rminos de contenido mec\u00e1nico y tecnol\u00f3gico, mediante una fuerte inversi\u00f3n en investigaci\u00f3n y desarrollo. &#8211; afirma el Presidente Sante Faresin &#8211; Siempre hemos trabajado con estos objetivos, incluso al principio de nuestra aventura, entre finales de los a\u00f1os 80 y principios de los 90, cuando confiamos al departamento de investigaci\u00f3n de la Universidad de Padua el an\u00e1lisis de nuestros primeros productos y su posterior comparaci\u00f3n con lo que ya ofrec\u00eda el mercado. Incluso en estos a\u00f1os, seguimos colaborando con varios institutos de investigaci\u00f3n y universidades para intentar mejorar siempre la calidad de nuestra oferta.\u00bb<\/p>\n\n<p>\u00abNuestra empresa tiene tres filiales comerciales en Alemania, Francia y Polonia y m\u00e1s de 200 distribuidores en todo el mundo. Los mercados m\u00e1s importantes son precisamente aquellos en los que tenemos filiales, pero tambi\u00e9n trabajamos bien en Australia, Estados Unidos y Canad\u00e1\u00bb, explica Silvia Faresin.<\/p>\n\n<p>\u00abNuestra pol\u00edtica es formar al nuevo concesionario o revendedor inmediatamente despu\u00e9s de la adquisici\u00f3n para que sea lo m\u00e1s independiente posible. &#8211; comenta Giulia Faresin &#8211; Esto permite a sus t\u00e9cnicos ocuparse inmediatamente de las necesidades del cliente final. Si esto no es posible, nuestros t\u00e9cnicos intervendr\u00e1n. En este a\u00f1o y medio de paradas debidas a la pandemia, hemos apreciado la preparaci\u00f3n de nuestros distribuidores, que han respondido a las peticiones de los usuarios de nuestras m\u00e1quinas.\u00bb<\/p>\n\n<p>Lea aqu\u00ed un extracto de la entrevista<a href=\"https:\/\/www.informatoreagrario.it\/meccanica\/faresin-storia-e-nuove-idee-le-chiavi-per-crescere\/\" target=\"_blank\" rel=\"noopener\">:https:\/\/www.informatoreagrario.it\/meccanica\/faresin-storia-e-nuove-idee-le-chiavi-per-crescere\/<\/a><\/p>\n","protected":false},"excerpt":{"rendered":"<p>En el n\u00famero de mayo de 2021 de MAD, Macchine Agricole Domani, Marco Limina entrevist\u00f3 en exclusiva a la direcci\u00f3n de Faresin Industries Industries. Una amplia conversaci\u00f3n con el Presidente Sante Faresin y sus hijas Silvia y Giulia, en la que se cuenta la visi\u00f3n de la empresa. El amor por la fabricaci\u00f3n italiana, la [&hellip;]<\/p>\n","protected":false},"author":333,"featured_media":19729,"comment_status":"closed","ping_status":"closed","sticky":false,"template":"","format":"standard","meta":{"_acf_changed":false,"footnotes":""},"categories":[263],"tags":[],"class_list":["post-66426","post","type-post","status-publish","format-standard","has-post-thumbnail","hentry","category-revista-de-prensa"],"acf":[],"_links":{"self":[{"href":"https:\/\/www.faresin.com\/es\/wp-json\/wp\/v2\/posts\/66426","targetHints":{"allow":["GET"]}}],"collection":[{"href":"https:\/\/www.faresin.com\/es\/wp-json\/wp\/v2\/posts"}],"about":[{"href":"https:\/\/www.faresin.com\/es\/wp-json\/wp\/v2\/types\/post"}],"author":[{"embeddable":true,"href":"https:\/\/www.faresin.com\/es\/wp-json\/wp\/v2\/users\/333"}],"replies":[{"embeddable":true,"href":"https:\/\/www.faresin.com\/es\/wp-json\/wp\/v2\/comments?post=66426"}],"version-history":[{"count":0,"href":"https:\/\/www.faresin.com\/es\/wp-json\/wp\/v2\/posts\/66426\/revisions"}],"wp:featuredmedia":[{"embeddable":true,"href":"https:\/\/www.faresin.com\/es\/wp-json\/wp\/v2\/media\/19729"}],"wp:attachment":[{"href":"https:\/\/www.faresin.com\/es\/wp-json\/wp\/v2\/media?parent=66426"}],"wp:term":[{"taxonomy":"category","embeddable":true,"href":"https:\/\/www.faresin.com\/es\/wp-json\/wp\/v2\/categories?post=66426"},{"taxonomy":"post_tag","embeddable":true,"href":"https:\/\/www.faresin.com\/es\/wp-json\/wp\/v2\/tags?post=66426"}],"curies":[{"name":"wp","href":"https:\/\/api.w.org\/{rel}","templated":true}]}}