{"id":66439,"date":"2022-10-29T13:33:00","date_gmt":"2022-10-29T11:33:00","guid":{"rendered":"https:\/\/www.faresin.com\/news\/foro-de-mezcladoras-de-alimentacion-faresin\/"},"modified":"2023-02-22T08:48:06","modified_gmt":"2023-02-22T07:48:06","slug":"foro-de-mezcladoras-de-alimentacion-faresin","status":"publish","type":"post","link":"https:\/\/www.faresin.com\/es\/news\/foro-de-mezcladoras-de-alimentacion-faresin\/","title":{"rendered":"FORO DE MEZCLADORAS DE ALIMENTACI\u00d3N FARESIN"},"content":{"rendered":"\n<p><strong>La fuerza de una empresa internacional e interconectada<\/strong><\/p>\n\n<p>Faresin organiz\u00f3 dos jornadas dedicadas al segmento de <strong>los vagones mezcladores<\/strong>, en las que la red de distribuci\u00f3n italiana y europea pudo conocer todas las aplicaciones de <strong>las tecnolog\u00edas Feeding 4.0 y descubrir las tendencias de futuro<\/strong>. Los socios tambi\u00e9n aportaron importantes comentarios de los clientes de sus mercados objetivo, lo que es muy importante para <strong>una empresa orientada al cliente<\/strong> e interconectada como Faresin Industries.<\/p>\n\n<p>La empresa de Breganze, que est\u00e1 a punto de superar el hito hist\u00f3rico de 50 a\u00f1os de actividad, es cada vez m\u00e1s internacional gracias a una presencia mundial que abarca todos los continentes. El valor de las exportaciones, que representa el 85% de la facturaci\u00f3n, da fe del profundo arraigo de Faresin en el mundo, que cuenta con una s\u00f3lida <strong>red de distribuidores en 70 pa\u00edses<\/strong>. Minoristas sensibles al valor a\u00f1adido de la innovaci\u00f3n, capilares en el servicio al cliente y entusiastas de la relaci\u00f3n con la marca.<\/p>\n\n<p>Las dos jornadas se centraron en el carro mezclador, una m\u00e1quina indispensable en las granjas para preparar las raciones para el ganado que, con el paso de los a\u00f1os, se est\u00e1 convirtiendo cada vez m\u00e1s en un <strong>laboratorio 4.0 sobre ruedas<\/strong>. Los remolques mezcladores Faresin son m\u00e1quinas interconectadas que garantizan la rentabilidad cuantificable de las explotaciones ganaderas, gracias a unas prestaciones muy superiores a los est\u00e1ndares del mercado.<\/p>\n\n<p>El impulso innovador ha hecho de las tecnolog\u00edas Faresin un sistema integrado, que abarca desde la alimentaci\u00f3n hasta todo el ciclo de cr\u00eda del ganado, gracias tambi\u00e9n a la <strong>sinergia de 30 a\u00f1os con la Universidad de Padua<\/strong>.<\/p>\n\n<p>La estrella de la reuni\u00f3n fue el nuevo veh\u00edculo autopropulsado <strong>Leader PF3<\/strong>, presentado en exclusiva a los concesionarios. La m\u00e1quina se presentar\u00e1 en primicia mundial al gran p\u00fablico en <em>Eima<\/em> <em>2022<\/em> y <em>Eurotier 2022<\/em>. El impresionante nuevo buque insignia tambi\u00e9n recibi\u00f3 una importante menci\u00f3n honor\u00edfica del comit\u00e9 nacional de Innovaciones T\u00e9cnicas de <em>Federunacoma<\/em> (la asociaci\u00f3n comercial de fabricantes de maquinaria agr\u00edcola).<\/p>\n\n<p>El foro fue tambi\u00e9n una oportunidad para visitar las instalaciones de Breganze (VI), donde se concentra todo el proceso de producci\u00f3n, el almac\u00e9n central de distribuci\u00f3n de piezas de recambio y el centro de coordinaci\u00f3n del servicio posventa.<\/p>\n","protected":false},"excerpt":{"rendered":"<p>La fuerza de una empresa internacional e interconectada Faresin organiz\u00f3 dos jornadas dedicadas al segmento de los vagones mezcladores, en las que la red de distribuci\u00f3n italiana y europea pudo conocer todas las aplicaciones de las tecnolog\u00edas Feeding 4.0 y descubrir las tendencias de futuro. Los socios tambi\u00e9n aportaron importantes comentarios de los clientes de [&hellip;]<\/p>\n","protected":false},"author":333,"featured_media":55812,"comment_status":"closed","ping_status":"closed","sticky":false,"template":"","format":"standard","meta":{"_acf_changed":false,"footnotes":""},"categories":[246],"tags":[436,478,552],"class_list":["post-66439","post","type-post","status-publish","format-standard","has-post-thumbnail","hentry","category-noticias","tag-carros-mezcladores","tag-eventos","tag-red-de-distribucion"],"acf":[],"_links":{"self":[{"href":"https:\/\/www.faresin.com\/es\/wp-json\/wp\/v2\/posts\/66439","targetHints":{"allow":["GET"]}}],"collection":[{"href":"https:\/\/www.faresin.com\/es\/wp-json\/wp\/v2\/posts"}],"about":[{"href":"https:\/\/www.faresin.com\/es\/wp-json\/wp\/v2\/types\/post"}],"author":[{"embeddable":true,"href":"https:\/\/www.faresin.com\/es\/wp-json\/wp\/v2\/users\/333"}],"replies":[{"embeddable":true,"href":"https:\/\/www.faresin.com\/es\/wp-json\/wp\/v2\/comments?post=66439"}],"version-history":[{"count":0,"href":"https:\/\/www.faresin.com\/es\/wp-json\/wp\/v2\/posts\/66439\/revisions"}],"wp:featuredmedia":[{"embeddable":true,"href":"https:\/\/www.faresin.com\/es\/wp-json\/wp\/v2\/media\/55812"}],"wp:attachment":[{"href":"https:\/\/www.faresin.com\/es\/wp-json\/wp\/v2\/media?parent=66439"}],"wp:term":[{"taxonomy":"category","embeddable":true,"href":"https:\/\/www.faresin.com\/es\/wp-json\/wp\/v2\/categories?post=66439"},{"taxonomy":"post_tag","embeddable":true,"href":"https:\/\/www.faresin.com\/es\/wp-json\/wp\/v2\/tags?post=66439"}],"curies":[{"name":"wp","href":"https:\/\/api.w.org\/{rel}","templated":true}]}}