{"id":66460,"date":"2021-11-01T17:36:00","date_gmt":"2021-11-01T16:36:00","guid":{"rendered":"https:\/\/www.faresin.com\/news\/fs-7-32-compact-el-primer-modelo-de-la-nueva-generacion-de-manipuladores-telescopicos-faresin\/"},"modified":"2023-02-22T08:48:06","modified_gmt":"2023-02-22T07:48:06","slug":"fs-7-32-compact-el-primer-modelo-de-la-nueva-generacion-de-manipuladores-telescopicos-faresin","status":"publish","type":"post","link":"https:\/\/www.faresin.com\/es\/news\/fs-7-32-compact-el-primer-modelo-de-la-nueva-generacion-de-manipuladores-telescopicos-faresin\/","title":{"rendered":"FS 7.32 COMPACT, EL PRIMER MODELO DE LA NUEVA GENERACI\u00d3N DE MANIPULADORES TELESC\u00d3PICOS FARESIN"},"content":{"rendered":"\n<p>La empresa del V\u00e9neto ha presentado hoy la FS 7.32 Compact, la primera de la nueva gama FS de manipuladores telesc\u00f3picos de Faresin Industries.  <\/p>\n\n<p>Faresin opt\u00f3 por hacerlo con una emisi\u00f3n en modo \u00abSala Cerrada\u00bb, transmitida desde un hangar de la planta de Breganze. Un v\u00eddeo en directo, minimalista pero de alta tecnolog\u00eda, centrado en el contenido t\u00e9cnico y funcional del nuevo producto.  <\/p>\n\n<p>Un reportaje a varias voces en el que participaron el equipo del proyecto FS, encabezado por el Presidente Sante Faresin y sus hijas Silvia y Giulia, Vicepresidenta y Directora de Operaciones respectivamente de Faresin Industries.<\/p>\n\n<p>Un aut\u00e9ntico cambio de paradigma con la vista puesta en el futuro, ya que la gama se ha creado preparada para la evoluci\u00f3n de la tecnolog\u00eda \u00abInternet de las cosas\u00bb, cada vez m\u00e1s estrat\u00e9gica para la gesti\u00f3n de flotas y para la interacci\u00f3n entre m\u00e1quinas y dispositivos en explotaciones agr\u00edcolas y obras.<\/p>\n\n<p>La FS 7.32 Compact se dise\u00f1\u00f3 desde cero precisamente para responder a la evoluci\u00f3n de la demanda y a la creciente concienciaci\u00f3n medioambiental en todos los sectores. Una verdadera respuesta \u00absist\u00e9mica\u00bb que sit\u00faa a la FS 7.32 Compact a la cabeza de su segmento, ya que afecta a todas las funciones principales de la m\u00e1quina y sit\u00faa al operador en el centro, el v\u00ednculo entre la m\u00e1quina, su gesti\u00f3n y el control funcional y de servicio.<\/p>\n\n<p>El proyecto FS 7.32 Compact es el resultado de 20 a\u00f1os de experiencia en la industria telesc\u00f3pica y se basa en un sistema industrial en el que Investigaci\u00f3n y Desarrollo, Producci\u00f3n y Marketing-Ventas trabajan en un \u00fanico proceso integrado que sit\u00faa al cliente en el centro de todo.  <\/p>\n\n<p>De hecho, todos los componentes estructurales de la nueva m\u00e1quina, incluido el sofisticado software que gestiona los sensores integrados, se dise\u00f1aron, probaron y fabricaron en la f\u00e1brica de Breganze.  <\/p>\n\n<p>Una tecnolog\u00eda made in Faresin que est\u00e1 revolucionando el sector y que ya ha atra\u00eddo la atenci\u00f3n mundial con la introducci\u00f3n del primer ascensor totalmente el\u00e9ctrico del mundo.<\/p>\n\n<p>La nueva FS 7.32 Compact se presentar\u00e1 al gran p\u00fablico en la Eima Internacional de Bolonia, donde los visitantes podr\u00e1n descubrir de cerca esta joya tecnol\u00f3gica.  <\/p>\n\n<p><a href=\"https:\/\/www.faresin.com\/wp-content\/uploads\/IT-Press-Release-Faresin-FS-7.32-Compact-Preview-.docx\">Descargar el comunicado de prensa completo  &gt;&gt;<\/a><\/p>\n","protected":false},"excerpt":{"rendered":"<p>La empresa del V\u00e9neto ha presentado hoy la FS 7.32 Compact, la primera de la nueva gama FS de manipuladores telesc\u00f3picos de Faresin Industries. Faresin opt\u00f3 por hacerlo con una emisi\u00f3n en modo \u00abSala Cerrada\u00bb, transmitida desde un hangar de la planta de Breganze. Un v\u00eddeo en directo, minimalista pero de alta tecnolog\u00eda, centrado en [&hellip;]<\/p>\n","protected":false},"author":333,"featured_media":17587,"comment_status":"closed","ping_status":"closed","sticky":false,"template":"","format":"standard","meta":{"_acf_changed":false,"footnotes":""},"categories":[258,352],"tags":[588,546,570],"class_list":["post-66460","post","type-post","status-publish","format-standard","has-post-thumbnail","hentry","category-comunicados-de-prensa","category-manipuladores-telescopicos","tag-manipuladores-telescopicos","tag-next-generation-es","tag-serie-fs-es"],"acf":[],"_links":{"self":[{"href":"https:\/\/www.faresin.com\/es\/wp-json\/wp\/v2\/posts\/66460","targetHints":{"allow":["GET"]}}],"collection":[{"href":"https:\/\/www.faresin.com\/es\/wp-json\/wp\/v2\/posts"}],"about":[{"href":"https:\/\/www.faresin.com\/es\/wp-json\/wp\/v2\/types\/post"}],"author":[{"embeddable":true,"href":"https:\/\/www.faresin.com\/es\/wp-json\/wp\/v2\/users\/333"}],"replies":[{"embeddable":true,"href":"https:\/\/www.faresin.com\/es\/wp-json\/wp\/v2\/comments?post=66460"}],"version-history":[{"count":0,"href":"https:\/\/www.faresin.com\/es\/wp-json\/wp\/v2\/posts\/66460\/revisions"}],"wp:featuredmedia":[{"embeddable":true,"href":"https:\/\/www.faresin.com\/es\/wp-json\/wp\/v2\/media\/17587"}],"wp:attachment":[{"href":"https:\/\/www.faresin.com\/es\/wp-json\/wp\/v2\/media?parent=66460"}],"wp:term":[{"taxonomy":"category","embeddable":true,"href":"https:\/\/www.faresin.com\/es\/wp-json\/wp\/v2\/categories?post=66460"},{"taxonomy":"post_tag","embeddable":true,"href":"https:\/\/www.faresin.com\/es\/wp-json\/wp\/v2\/tags?post=66460"}],"curies":[{"name":"wp","href":"https:\/\/api.w.org\/{rel}","templated":true}]}}