{"id":66486,"date":"2022-11-25T15:42:44","date_gmt":"2022-11-25T14:42:44","guid":{"rendered":"https:\/\/www.faresin.com\/news\/faresin-industries-en-eima-2022-tecnologia-inteligente-al-servicio-del-agricultor\/"},"modified":"2023-02-22T08:48:05","modified_gmt":"2023-02-22T07:48:05","slug":"faresin-industries-en-eima-2022-tecnologia-inteligente-al-servicio-del-agricultor","status":"publish","type":"post","link":"https:\/\/www.faresin.com\/es\/news\/faresin-industries-en-eima-2022-tecnologia-inteligente-al-servicio-del-agricultor\/","title":{"rendered":"Faresin Industries en EIMA 2022: Tecnolog\u00eda inteligente al servicio del agricultor"},"content":{"rendered":"\t\t<div data-elementor-type=\"wp-post\" data-elementor-id=\"66486\" class=\"elementor elementor-66486 elementor-15085\" data-elementor-post-type=\"post\">\n\t\t\t\t\t\t<section class=\"elementor-section elementor-top-section elementor-element elementor-element-7907064b elementor-section-boxed elementor-section-height-default elementor-section-height-default\" data-id=\"7907064b\" data-element_type=\"section\" data-e-type=\"section\">\n\t\t\t\t\t\t<div class=\"elementor-container elementor-column-gap-default\">\n\t\t\t\t\t<div class=\"elementor-column elementor-col-100 elementor-top-column elementor-element elementor-element-279613d8\" data-id=\"279613d8\" data-element_type=\"column\" data-e-type=\"column\">\n\t\t\t<div class=\"elementor-widget-wrap elementor-element-populated\">\n\t\t\t\t\t\t<div class=\"elementor-element elementor-element-44049a6e elementor-widget elementor-widget-text-editor\" data-id=\"44049a6e\" data-element_type=\"widget\" data-e-type=\"widget\" data-widget_type=\"text-editor.default\">\n\t\t\t\t<div class=\"elementor-widget-container\">\n\t\t\t\t\t\t\t\t\t<p><\/p>\n<p>Faresin Industries Industries acudir\u00e1 a la pr\u00f3xima edici\u00f3n de EIMA presentando las \u00faltimas innovaciones tecnol\u00f3gicas aplicadas a sus l\u00edneas de producto: carros mezcladores y manipuladores telesc\u00f3picos.<\/p>\n<p><\/p>\n<p><\/p>\n<p>La marca de Vicenza prosigue as\u00ed por la senda de la innovaci\u00f3n al servicio del cliente que prev\u00e9, para cada temporada, la introducci\u00f3n de nuevos modelos capaces de responder con prontitud a la evoluci\u00f3n de la demanda.<\/p>\n<p><\/p>\n<p><\/p>\n<p>Las tecnolog\u00edas dise\u00f1adas para que el trabajo de los agricultores sea m\u00e1s inteligente y eficaz se dise\u00f1an y fabrican en la f\u00e1brica de Breganze con el objetivo de elevar constantemente el list\u00f3n del rendimiento y ofrecer soluciones de construcci\u00f3n de vanguardia.<\/p>\n<p><\/p>\n<p><\/p>\n<p>Casi 50 a\u00f1os de experiencia en el sector, junto con una avanzada investigaci\u00f3n, sit\u00faan a Faresin a la vanguardia de la innovaci\u00f3n zoot\u00e9cnica, permitiendo a sus carros mezcladores y manipuladores telesc\u00f3picos consolidarse en el mercado mundial de maquinaria agr\u00edcola para contribuir no s\u00f3lo a mejorar el bienestar animal en las explotaciones, sino tambi\u00e9n a optimizar los ciclos de trabajo y las cargas de los operarios.<\/p>\n<p><\/p>\n<p><\/p>\n<p>En EIMA, Faresin presentar\u00e1 dos novedades:<\/p>\n<p><\/p>\n<p><\/p>\n<ul>\n<li style=\"list-style-type: none;\">\n<ul><\/ul>\n<\/li>\n<\/ul>\n<ul>\n<li style=\"list-style-type: none;\">\n<ul>\n<li><strong>Leader PF<\/strong>, un carro mezclador autopropulsado con tres sinfines, galardonado con el<em>\u00ab<\/em>Premio<em>EIMA 2022<\/em>\u00ab;<\/li>\n<\/ul>\n<\/li>\n<\/ul>\n<p><\/p>\n<p><\/p>\n<ul>\n<li style=\"list-style-type: none;\">\n<ul>\n<li><strong>FS 9.32<\/strong> Nueva llegada <strong> Compact<\/strong> de la Nueva Generaci\u00f3n de manipuladores telesc\u00f3picos Faresin, dise\u00f1ada para la manipulaci\u00f3n en explotaciones agr\u00edcolas.<\/li>\n<\/ul>\n<\/li>\n<\/ul>\n<p><\/p>\n<p><\/p>\n<p><\/p>\n<p>No faltar\u00e1 el <strong>6.26 Full Electric<\/strong> Electric, que, aunque se present\u00f3 como primicia mundial en la edici\u00f3n 2018 de EIMA, sigue siendo una novedad para todo el sector, gracias tambi\u00e9n a las constantes actualizaciones tecnol\u00f3gicas.<\/p>\n<p><\/p>\n<p><\/p>\n<p><strong><br><\/strong><img decoding=\"async\" width=\"500\" height=\"334\" class=\"wp-image-15088\" style=\"width: 500px;\" src=\"https:\/\/www.faresin.com\/wp-content\/uploads\/DJI_0563.jpg\" alt=\"\" srcset=\"https:\/\/www.faresin.com\/wp-content\/uploads\/DJI_0563.jpg 1000w, https:\/\/www.faresin.com\/wp-content\/uploads\/DJI_0563-300x200.jpg 300w, https:\/\/www.faresin.com\/wp-content\/uploads\/DJI_0563-768x512.jpg 768w, https:\/\/www.faresin.com\/wp-content\/uploads\/DJI_0563-600x400.jpg 600w\" sizes=\"(max-width: 500px) 100vw, 500px\" \/><\/p>\n<p><\/p>\n<p><\/p>\n<p><strong>Nuevo remolque hormigonera autopropulsado LEADER PF: M\u00c1XIMA RENTABILIDAD, M\u00cdNIMO CONSUMO<\/strong><\/p>\n<p><\/p>\n<p><\/p>\n<p>Faresin Industries Industries presenta, en primicia mundial, su nuevo carro mezclador autopropulsado con 3 sinfines. Una m\u00e1quina dise\u00f1ada para los grandes reba\u00f1os -a partir de 1000 cabezas- que est\u00e1n transformando el sector ganadero mundial.<\/p>\n<p><\/p>\n<p><\/p>\n<p>LEADER PF3 es el ep\u00edtome de la tecnolog\u00eda Faresin e introduce innovaciones que mejoran sustancialmente la rentabilidad del establo.<\/p>\n<p><\/p>\n<p><\/p>\n<p><strong>Extraordinaria capacidad de producci\u00f3n.<\/strong> Cubicaciones de las cubas de mezcla: <strong>30 y 36<sup>m3<\/sup><\/strong>. Sistema vertical de 3 aforadores con una geometr\u00eda del \u00f3rgano mezclador que garantiza un unifeed perfecto con un respeto de la fibra de grado Faresin.<\/p>\n<p><\/p>\n<p><\/p>\n<p><strong>Manejo en cualquier situaci\u00f3n.<\/strong> La m\u00e1quina se dise\u00f1\u00f3 desde la perspectiva del agricultor para garantizar la accesibilidad a trav\u00e9s de pasos de altura limitada a pesar de su majestuosa grandeza. I  <strong>3 ejes directrices<\/strong>con tracci\u00f3n permanente a las cuatro ruedas delantera y trasera y direcci\u00f3n servohidr\u00e1ulica en todos los ejes son elementos fundamentales que reducen el espacio necesario para maniobrar incluso en establos peque\u00f1os y permiten viajar por carretera con gran comodidad.<\/p>\n<p><\/p>\n<p><\/p>\n<p><strong>ECOTRONIC: Optimizaci\u00f3n, automatizaci\u00f3n, reducci\u00f3n del consumo. <\/strong>En 2017, con el lanzamiento de la primera serie PF, Faresin lanz\u00f3 el concepto de dise\u00f1o \u00ablaboratorio sobre ruedas\u00bb caracterizado por la integraci\u00f3n del Polispec NIR con la m\u00e1quina para garantizar la calidad del unifeed.<\/p>\n<p><\/p>\n<p><\/p>\n<p>Con ECOTRONIC vamos un paso m\u00e1s all\u00e1, transformando el mecanizado en un proceso industrial verdaderamente automatizado. Este nuevo sistema interconecta todos los dispositivos de la m\u00e1quina y permite, a partir de la receta, programar todas sus actividades en funci\u00f3n de las materias primas que se van cargando.&nbsp; Un proceso que garantiza, gracias a unos par\u00e1metros estrictos, una manipulaci\u00f3n \u00f3ptima de todos los equipos de carga, corte y mezcla para preparar la mejor calidad posible de unifeed.<\/p>\n<p><\/p>\n<p><\/p>\n<p>ECOTRONIC, gracias a la automatizaci\u00f3n, tambi\u00e9n optimiza el uso de la energ\u00eda, dosific\u00e1ndola en funci\u00f3n de las necesidades de cada operaci\u00f3n del proceso. Esto <strong>reduce el consumo<\/strong> y crea sostenibilidad estructural.&nbsp;<\/p>\n<p><\/p>\n<p><\/p>\n<p>La optimizaci\u00f3n de los recursos se extiende tambi\u00e9n al trabajo del operario que, gracias a la simplificaci\u00f3n, se convierte en un \u00abconductor del sistema\u00bb sin necesidad de competencias profesionales especiales.<\/p>\n<p><\/p>\n<p><\/p>\n<p>Gracias a la automatizaci\u00f3n inteligente de los procesos, LEADER PF, buque insignia de la gama Faresin, abre una nueva v\u00eda de crecimiento del reba\u00f1o en t\u00e9rminos de calidad y rentabilidad.<\/p>\n<p><\/p>\n<p><\/p>\n<p>Precisamente por estas caracter\u00edsticas tan innovadoras, Leader PFrecibi\u00f3 <strong>el premio \u00ab<em>EIMA 2022 Commendation<\/em><\/strong>\u00ab.<\/p>\n<p><\/p>\n<p><\/p>\n<p>Estas mismas innovaciones se extender\u00e1n pr\u00f3ximamente a toda la gama de remolques hormigonera de la marca italiana.<\/p><p><br><\/p>\n<p><\/p>\n<p><\/p>\n<p><\/p>\n<p><\/p>\n<p><img decoding=\"async\" width=\"500\" height=\"334\" class=\"wp-image-15092\" style=\"width: 500px;\" src=\"https:\/\/www.faresin.com\/wp-content\/uploads\/LUI08665.jpg\" alt=\"\" srcset=\"https:\/\/www.faresin.com\/wp-content\/uploads\/LUI08665.jpg 1000w, https:\/\/www.faresin.com\/wp-content\/uploads\/LUI08665-300x200.jpg 300w, https:\/\/www.faresin.com\/wp-content\/uploads\/LUI08665-768x512.jpg 768w, https:\/\/www.faresin.com\/wp-content\/uploads\/LUI08665-600x400.jpg 600w\" sizes=\"(max-width: 500px) 100vw, 500px\" \/><\/p>\n<p><\/p>\n<p><\/p>\n<p><strong>FS 9.32 Compact<\/strong><\/p>\n<p><\/p>\n<p><\/p>\n<p>En Eima se presentar\u00e1 otro nuevo modelo de la Nueva Generaci\u00f3n de manipuladores telesc\u00f3picos Faresin. La FS 9.32 Compact es la hermana mayor de la FS 7.32 Compact, que debut\u00f3 el a\u00f1o pasado en la edici\u00f3n de 2021. Una capacidad de elevaci\u00f3n m\u00e1xima de <strong>3,2 toneladas y una altura de elevaci\u00f3n de hasta 9 m<\/strong> son las cifras que definen a esta m\u00e1quina potente y vers\u00e1til. El brazo m\u00e1s largo, formado por dos secciones de arrastre, proporciona una mayor <em>capacidad <\/em>con total seguridad.<\/p>\n<p><\/p>\n<p><\/p>\n<p>Este nuevo modelo incorpora todas las caracter\u00edsticas de la nueva serie FS Compact, que establece un nuevo est\u00e1ndar en el segmento de Compact. Una serie dise\u00f1ada desde cero para responder a una creciente demanda de concienciaci\u00f3n medioambiental en todos los sectores.<\/p>\n<p><\/p>\n<p><\/p>\n<p>Una verdadera respuesta \u00absist\u00e9mica\u00bb que sit\u00faa a FS Compact a la <strong>cabeza de su segmento<\/strong> porque afecta a todas las funciones principales de la m\u00e1quina y sit\u00faa al operador en el centro, el v\u00ednculo entre la m\u00e1quina, su gesti\u00f3n y su control funcional y de servicio.<\/p>\n<p><\/p>\n<p><\/p>\n<p>La nueva gama FS nace preparada para los futuros desarrollos en interconexi\u00f3n e<em>\u00abinternet de las cosas<\/em>\u00bb y se caracteriza por un dise\u00f1o innovador que parti\u00f3 de una idea de I+D Faresin y se desarroll\u00f3 en colaboraci\u00f3n con prestigiosos estudios especializados y socios a la vanguardia de la tecnolog\u00eda ejecutiva. Rebajado e inclinado hacia abajo sobre la rueda delantera derecha, el nuevo cap\u00f3 establece un <strong>nuevo nivel de visibilidad para las manipuladoras telesc\u00f3picas<\/strong>.<\/p>\n<p><\/p>\n<p><\/p>\n<p>La parte hidr\u00e1ulica es el verdadero m\u00fasculo de la m\u00e1quina y est\u00e1 sobredimensionada para garantizar la versatilidad de uso, con caudales de 120 a 180 litros\/min, seg\u00fan la configuraci\u00f3n, capaces de garantizar ciclos de trabajo extremadamente r\u00e1pidos.<\/p>\n<p><\/p>\n<p><\/p>\n<p>La versi\u00f3n expuesta ser\u00e1 la de <strong>cabina rebajada, con una altura de s\u00f3lo 2,06 m<\/strong>.<\/p><p><br><\/p>\n<p><\/p>\n<p><\/p>\n<p><\/p>\n<p><\/p>\n<p><img decoding=\"async\" width=\"500\" height=\"334\" class=\"wp-image-15093\" style=\"width: 500px;\" src=\"https:\/\/www.faresin.com\/wp-content\/uploads\/Full-electric-range-amb-18.jpg\" alt=\"\" srcset=\"https:\/\/www.faresin.com\/wp-content\/uploads\/Full-electric-range-amb-18.jpg 1000w, https:\/\/www.faresin.com\/wp-content\/uploads\/Full-electric-range-amb-18-300x200.jpg 300w, https:\/\/www.faresin.com\/wp-content\/uploads\/Full-electric-range-amb-18-768x512.jpg 768w, https:\/\/www.faresin.com\/wp-content\/uploads\/Full-electric-range-amb-18-600x400.jpg 600w\" sizes=\"(max-width: 500px) 100vw, 500px\" \/><\/p>\n<p><\/p>\n<p><\/p>\n<p><strong>6,26 Full Electric<\/strong><\/p>\n<p><\/p>\n<p><\/p>\n<p>La telesc\u00f3pica Faresin 6.26 Full Electric est\u00e1 conquistando r\u00e1pidamente el mercado mundial. Con este ascensor, que se present\u00f3 en 2018 en Eima como el primer ascensor el\u00e9ctrico del mundo, Faresin tiene una ventaja competitiva sobre los principales actores del sector.<\/p>\n<p><\/p>\n<p><\/p>\n<p>R\u00e1pido, silencioso y sostenible. El elevador Faresin 6.26 Full Electric es adecuado para cualquier tipo de uso gracias a su <strong>capacidad de elevaci\u00f3n de 2,6 toneladas y una altura m\u00e1xima de 6 m<\/strong>. Gemelo de su versi\u00f3n con motor endot\u00e9rmico, ha sido dise\u00f1ado para ser la alternativa ecol\u00f3gica sin conceciones. El 6.26 Full Full Electric de Faresin est\u00e1 destinado a usos en los que las emisiones y el ruido deben ser limitados, como obras de construcci\u00f3n nocturnas, zonas residenciales con cero emisiones, explotaciones ganaderas, invernaderos, lugares de manipulaci\u00f3n de alimentos como c\u00e1maras frigor\u00edficas, bodegas, laboratorios alimentarios, etc. Faresin ha equipado su manipulador telesc\u00f3pico totalmente el\u00e9ctrico con dos motores el\u00e9ctricos s\u00edncronos alimentados por bater\u00edas de litio, disponibles en tres versiones:  <strong>24 kW\/h (315 Ah), 32 kW\/h (420 Ah) y 43 kW\/h (560 Ah).<\/strong> Faresin tambi\u00e9n ofrece un nuevo sistema de carga <em>r\u00e1pida a bordo<\/em> que carga completamente la bater\u00eda en solo dos horas y media.<\/p>\n<p><\/p>\t\t\t\t\t\t\t\t<\/div>\n\t\t\t\t<\/div>\n\t\t\t\t\t<\/div>\n\t\t<\/div>\n\t\t\t\t\t<\/div>\n\t\t<\/section>\n\t\t\t\t<\/div>\n\t\t","protected":false},"excerpt":{"rendered":"<p>Faresin Industries Industries acudir\u00e1 a la pr\u00f3xima edici\u00f3n de EIMA presentando las \u00faltimas innovaciones tecnol\u00f3gicas aplicadas a sus l\u00edneas de producto: carros mezcladores y manipuladores telesc\u00f3picos. La marca de Vicenza prosigue as\u00ed por la senda de la innovaci\u00f3n al servicio del cliente que prev\u00e9, para cada temporada, la introducci\u00f3n de nuevos modelos capaces de responder [&hellip;]<\/p>\n","protected":false},"author":333,"featured_media":55980,"comment_status":"closed","ping_status":"closed","sticky":false,"template":"","format":"standard","meta":{"_acf_changed":false,"footnotes":""},"categories":[258,340],"tags":[436,466,588],"class_list":["post-66486","post","type-post","status-publish","format-standard","has-post-thumbnail","hentry","category-comunicados-de-prensa","category-ferias","tag-carros-mezcladores","tag-eima-es","tag-manipuladores-telescopicos"],"acf":[],"_links":{"self":[{"href":"https:\/\/www.faresin.com\/es\/wp-json\/wp\/v2\/posts\/66486","targetHints":{"allow":["GET"]}}],"collection":[{"href":"https:\/\/www.faresin.com\/es\/wp-json\/wp\/v2\/posts"}],"about":[{"href":"https:\/\/www.faresin.com\/es\/wp-json\/wp\/v2\/types\/post"}],"author":[{"embeddable":true,"href":"https:\/\/www.faresin.com\/es\/wp-json\/wp\/v2\/users\/333"}],"replies":[{"embeddable":true,"href":"https:\/\/www.faresin.com\/es\/wp-json\/wp\/v2\/comments?post=66486"}],"version-history":[{"count":0,"href":"https:\/\/www.faresin.com\/es\/wp-json\/wp\/v2\/posts\/66486\/revisions"}],"wp:featuredmedia":[{"embeddable":true,"href":"https:\/\/www.faresin.com\/es\/wp-json\/wp\/v2\/media\/55980"}],"wp:attachment":[{"href":"https:\/\/www.faresin.com\/es\/wp-json\/wp\/v2\/media?parent=66486"}],"wp:term":[{"taxonomy":"category","embeddable":true,"href":"https:\/\/www.faresin.com\/es\/wp-json\/wp\/v2\/categories?post=66486"},{"taxonomy":"post_tag","embeddable":true,"href":"https:\/\/www.faresin.com\/es\/wp-json\/wp\/v2\/tags?post=66486"}],"curies":[{"name":"wp","href":"https:\/\/api.w.org\/{rel}","templated":true}]}}