{"id":66574,"date":"2022-11-26T12:31:11","date_gmt":"2022-11-26T11:31:11","guid":{"rendered":"https:\/\/www.faresin.com\/news\/faresin-industries-en-eurotier-2022-tecnologia-inteligente-al-servicio-del-agricultor\/"},"modified":"2023-02-22T08:48:05","modified_gmt":"2023-02-22T07:48:05","slug":"faresin-industries-en-eurotier-2022-tecnologia-inteligente-al-servicio-del-agricultor","status":"publish","type":"post","link":"https:\/\/www.faresin.com\/es\/news\/faresin-industries-en-eurotier-2022-tecnologia-inteligente-al-servicio-del-agricultor\/","title":{"rendered":"Faresin Industries en Eurotier 2022: Tecnolog\u00eda inteligente al servicio del agricultor"},"content":{"rendered":"\n<p>Faresin Industries participar\u00e1 en la pr\u00f3xima edici\u00f3n de Eurotier, que regresa tras un par\u00f3n de dos a\u00f1os debido a la emergencia sanitaria. Del 15 al 17 de noviembre de 2022, la industria de Vicenza presentar\u00e1 a los visitantes las \u00faltimas innovaciones para sus carros mezcladores y manipuladores telesc\u00f3picos, m\u00e1quinas inteligentes que garantizan una rentabilidad medible para las explotaciones ganaderas y est\u00e1n preparadas para la agricultura del ma\u00f1ana.<\/p>\n\n<p>Todas las tecnolog\u00edas se dise\u00f1an, prueban y fabrican en la f\u00e1brica de Breganze con el objetivo de elevar constantemente el list\u00f3n de las prestaciones y ofrecer soluciones constructivas de vanguardia.<\/p>\n\n<p>Casi 50 a\u00f1os de experiencia en el sector, junto con una avanzada investigaci\u00f3n, sit\u00faan a Faresin a la vanguardia de la innovaci\u00f3n zoot\u00e9cnica, permitiendo a sus carros mezcladores y manipuladores telesc\u00f3picos consolidarse en el mercado mundial de maquinaria agr\u00edcola para contribuir no s\u00f3lo a mejorar el bienestar animal en las explotaciones, sino tambi\u00e9n a optimizar los ciclos de trabajo y las cargas de los operarios.<\/p>\n\n<div style=\"height:50px\" aria-hidden=\"true\" class=\"wp-block-spacer\"><\/div>\n\n<h5 class=\"wp-block-heading\"><strong>Nuevo remolque hormigonera autopropulsado LEADER PF3: M\u00c1XIMA RENTABILIDAD, M\u00cdNIMO CONSUMO<\/strong><\/h5>\n\n<p>Faresin Industries presenta, en primicia mundial, su nuevo remolque hormigonera de 3 palas. <strong>Una m\u00e1quina dise\u00f1ada para los grandes reba\u00f1os -a <\/strong> partir de 1000 cabezas- que est\u00e1n transformando el sector ganadero mundial.<\/p>\n\n<p><strong>LEADER PF3 es el ep\u00edtome de la tecnolog\u00eda Faresin<\/strong> e introduce innovaciones que mejoran sustancialmente la rentabilidad del establo.<\/p>\n\n<p><strong>Extraordinaria capacidad de producci\u00f3n<\/strong>. Cubicaciones de los grandes tanques de mezcla: 30 y 36 m3. Sistema vertical de 3 aforadores con una geometr\u00eda del \u00f3rgano mezclador que garantiza un unifeed perfecto con un respeto de la fibra de grado Faresin.<\/p>\n\n<p><strong>Manejo en cualquier situaci\u00f3n<\/strong>. La m\u00e1quina se dise\u00f1\u00f3 desde la perspectiva del agricultor para garantizar la accesibilidad a trav\u00e9s de pasos de altura limitada a pesar de su majestuosa grandeza. Los 3 ejes direccionales, con la tracci\u00f3n delantera y trasera permanente a las cuatro ruedas, y la direcci\u00f3n servohidr\u00e1ulica en todos los ejes son elementos fundamentales que reducen el espacio de maniobra incluso en establos peque\u00f1os y permiten viajar por carretera con gran comodidad.<\/p>\n\n<p><strong>ECOTRONIC: Optimizaci\u00f3n, automatizaci\u00f3n, reducci\u00f3n del consumo<\/strong>. En 2017<strong>,<\/strong> con el lanzamiento de la primera serie PF, Faresin lanz\u00f3 el concepto de dise\u00f1o \u00ablaboratorio sobre ruedas\u00bb caracterizado por la integraci\u00f3n del <em>Polispec NIR<\/em> con la m\u00e1quina para garantizar la calidad del unifeed.<\/p>\n\n<p>Con ECOTRONIC vamos un paso m\u00e1s all\u00e1, transformando el mecanizado en un proceso industrial verdaderamente automatizado. Este nuevo sistema interconecta todos los dispositivos de la m\u00e1quina y permite, a partir de la receta, programar todas sus actividades en funci\u00f3n de las materias primas que se van cargando. Un proceso que garantiza, gracias a unos par\u00e1metros estrictos, una manipulaci\u00f3n \u00f3ptima de todos los equipos de carga, corte y mezcla para preparar la mejor calidad posible de unifeed.<\/p>\n\n<p>ECOTRONIC <strong>tambi\u00e9n optimiza el uso de la energ\u00eda <\/strong>mediante la automatizaci\u00f3n <strong>, dosific\u00e1ndola seg\u00fan las necesidades de cada operaci\u00f3n del proceso <\/strong>. Esto<strong> reduce el consumo y crea sostenibilidad estructural <\/strong>.  <\/p>\n\n<p>La <strong>optimizaci\u00f3n de los recursos se extiende tambi\u00e9n al trabajo del operario<\/strong> que, gracias a la simplificaci\u00f3n, se convierte en un <strong>\u00abconductor del sistema<\/strong>\u00bb sin necesidad de competencias profesionales especiales.<\/p>\n\n<p>Gracias a la automatizaci\u00f3n inteligente de los procesos,<strong> LEADER PF3, buque insignia de la gama Faresin, abre una nueva v\u00eda de crecimiento del reba\u00f1o en t\u00e9rminos de calidad y rentabilidad<\/strong>.<\/p>\n\n<p>Tecnolog\u00edas innovadoras que pronto se extender\u00e1n a toda la gama de remolques hormigonera de la marca italiana.<\/p>\n\n<figure class=\"wp-block-image size-full is-resized is-style-default\"><img decoding=\"async\" src=\"https:\/\/www.faresin.com\/wp-content\/uploads\/NEW6749-sito.jpg\" alt=\"\" class=\"wp-image-56378\" width=\"500\" height=\"334\" srcset=\"https:\/\/www.faresin.com\/wp-content\/uploads\/NEW6749-sito.jpg 1000w, https:\/\/www.faresin.com\/wp-content\/uploads\/NEW6749-sito-300x200.jpg 300w, https:\/\/www.faresin.com\/wp-content\/uploads\/NEW6749-sito-768x512.jpg 768w\" sizes=\"(max-width: 500px) 100vw, 500px\" \/><\/figure>\n\n<div style=\"height:50px\" aria-hidden=\"true\" class=\"wp-block-spacer\"><\/div>\n\n<h5 class=\"wp-block-heading\"><strong>FS 7.32 Compact: el primero de una nueva generaci\u00f3n<\/strong><\/h5>\n\n<p>FS 7.32 Compact,  <strong>con una capacidad m\u00e1xima de elevaci\u00f3n de 3,2 toneladas y una altura m\u00e1xima de elevaci\u00f3n de 7,1 m<\/strong>, es una m\u00e1quina que establece un nuevo est\u00e1ndar en el segmento de las compactas, dise\u00f1ada desde cero para satisfacer una demanda cada vez mayor con una creciente conciencia medioambiental en todos los sectores. Una verdadera respuesta \u00absist\u00e9mica\u00bb que sit\u00faa a la FS 7.32 Compact a la <strong>cabeza de su segmento<\/strong>, ya que afecta a todas las funciones principales de la m\u00e1quina y sit\u00faa al operador en el centro, el v\u00ednculo entre la m\u00e1quina, su gesti\u00f3n y el control funcional y de servicio.<\/p>\n\n<p>La nueva gama FS nace preparada para los futuros desarrollos de interconexi\u00f3n del \u00abinternet de las cosas\u00bb y se caracteriza por un dise\u00f1o innovador que parti\u00f3 de una idea de I+D de Faresin y se desarroll\u00f3 en colaboraci\u00f3n con prestigiosos estudios especializados y socios a la vanguardia de la tecnolog\u00eda ejecutiva. Rebajado e inclinado hacia abajo sobre la rueda delantera derecha, el nuevo cap\u00f3 define un <strong>nuevo nivel de visibilidad para las manipuladoras telesc\u00f3picas<\/strong>. La m\u00e1quina tambi\u00e9n est\u00e1 disponible con <strong>cabina rebajada, con una altura m\u00e1xima de 2,06 m<\/strong>, para su uso en granjas av\u00edcolas.<\/p>\n\n<p>La parte hidr\u00e1ulica es el verdadero m\u00fasculo de la m\u00e1quina y est\u00e1 sobredimensionada para garantizar la versatilidad de uso, con caudales de 120 a 180 litros\/min, seg\u00fan la configuraci\u00f3n, capaces de garantizar ciclos de trabajo extremadamente r\u00e1pidos.<\/p>\n\n<figure class=\"wp-block-image size-full is-resized\"><img decoding=\"async\" src=\"https:\/\/www.faresin.com\/wp-content\/uploads\/FS-7-sito.jpg\" alt=\"\" class=\"wp-image-56370\" width=\"500\" height=\"334\" srcset=\"https:\/\/www.faresin.com\/wp-content\/uploads\/FS-7-sito.jpg 1000w, https:\/\/www.faresin.com\/wp-content\/uploads\/FS-7-sito-300x200.jpg 300w, https:\/\/www.faresin.com\/wp-content\/uploads\/FS-7-sito-768x512.jpg 768w\" sizes=\"(max-width: 500px) 100vw, 500px\" \/><\/figure>\n\n<div style=\"height:50px\" aria-hidden=\"true\" class=\"wp-block-spacer\"><\/div>\n\n<h5 class=\"wp-block-heading\"><strong>6.26 Full Electric: Sostenibilidad en el trabajo<\/strong><\/h5>\n\n<p>La telesc\u00f3pica Faresin 6.26 Full Electric est\u00e1 conquistando r\u00e1pidamente el mercado mundial. Con este ascensor, que se present\u00f3 en 2018 en Eima como el primer ascensor el\u00e9ctrico del mundo, Faresin tiene una ventaja competitiva sobre los principales actores del sector. R\u00e1pido, silencioso y sostenible. El elevador Faresin 6.26 Full Electric es adecuado para cualquier tipo de uso gracias a su <strong>capacidad de elevaci\u00f3n de 2,6 toneladas y una altura m\u00e1xima de 6 m<\/strong>. Gemelo de su versi\u00f3n con motor endot\u00e9rmico, ha sido dise\u00f1ado para ser la alternativa ecol\u00f3gica sin conceciones<strong>.<\/strong> El Full Electric 6.26 de Faresin est\u00e1 pensado para un uso en el que las emisiones y el ruido deben ser limitados, como obras de construcci\u00f3n nocturnas, zonas residenciales con cero emisiones, explotaciones ganaderas, invernaderos, zonas de manipulaci\u00f3n de alimentos como c\u00e1maras frigor\u00edficas, bodegas, laboratorios alimentarios, etc.<\/p>\n\n<figure class=\"wp-block-image size-full is-resized\"><img decoding=\"async\" src=\"https:\/\/www.faresin.com\/wp-content\/uploads\/Full-electric-range-sito-1.jpg\" alt=\"\" class=\"wp-image-56355\" width=\"500\" height=\"334\" srcset=\"https:\/\/www.faresin.com\/wp-content\/uploads\/Full-electric-range-sito-1.jpg 1000w, https:\/\/www.faresin.com\/wp-content\/uploads\/Full-electric-range-sito-1-300x200.jpg 300w, https:\/\/www.faresin.com\/wp-content\/uploads\/Full-electric-range-sito-1-768x512.jpg 768w\" sizes=\"(max-width: 500px) 100vw, 500px\" \/><\/figure>\n","protected":false},"excerpt":{"rendered":"<p>Faresin Industries participar\u00e1 en la pr\u00f3xima edici\u00f3n de Eurotier, que regresa tras un par\u00f3n de dos a\u00f1os debido a la emergencia sanitaria. Del 15 al 17 de noviembre de 2022, la industria de Vicenza presentar\u00e1 a los visitantes las \u00faltimas innovaciones para sus carros mezcladores y manipuladores telesc\u00f3picos, m\u00e1quinas inteligentes que garantizan una rentabilidad medible [&hellip;]<\/p>\n","protected":false},"author":333,"featured_media":56353,"comment_status":"closed","ping_status":"closed","sticky":false,"template":"","format":"standard","meta":{"_acf_changed":false,"footnotes":""},"categories":[258,340],"tags":[436,472,588],"class_list":["post-66574","post","type-post","status-publish","format-standard","has-post-thumbnail","hentry","category-comunicados-de-prensa","category-ferias","tag-carros-mezcladores","tag-eurotier-es","tag-manipuladores-telescopicos"],"acf":[],"_links":{"self":[{"href":"https:\/\/www.faresin.com\/es\/wp-json\/wp\/v2\/posts\/66574","targetHints":{"allow":["GET"]}}],"collection":[{"href":"https:\/\/www.faresin.com\/es\/wp-json\/wp\/v2\/posts"}],"about":[{"href":"https:\/\/www.faresin.com\/es\/wp-json\/wp\/v2\/types\/post"}],"author":[{"embeddable":true,"href":"https:\/\/www.faresin.com\/es\/wp-json\/wp\/v2\/users\/333"}],"replies":[{"embeddable":true,"href":"https:\/\/www.faresin.com\/es\/wp-json\/wp\/v2\/comments?post=66574"}],"version-history":[{"count":0,"href":"https:\/\/www.faresin.com\/es\/wp-json\/wp\/v2\/posts\/66574\/revisions"}],"wp:featuredmedia":[{"embeddable":true,"href":"https:\/\/www.faresin.com\/es\/wp-json\/wp\/v2\/media\/56353"}],"wp:attachment":[{"href":"https:\/\/www.faresin.com\/es\/wp-json\/wp\/v2\/media?parent=66574"}],"wp:term":[{"taxonomy":"category","embeddable":true,"href":"https:\/\/www.faresin.com\/es\/wp-json\/wp\/v2\/categories?post=66574"},{"taxonomy":"post_tag","embeddable":true,"href":"https:\/\/www.faresin.com\/es\/wp-json\/wp\/v2\/tags?post=66574"}],"curies":[{"name":"wp","href":"https:\/\/api.w.org\/{rel}","templated":true}]}}