{"id":71990,"date":"2023-10-03T09:22:31","date_gmt":"2023-10-03T07:22:31","guid":{"rendered":"https:\/\/www.faresin.com\/news\/50-aniversario-de-faresin-industries\/"},"modified":"2024-02-22T08:53:00","modified_gmt":"2024-02-22T07:53:00","slug":"50-aniversario-de-faresin-industries","status":"publish","type":"post","link":"https:\/\/www.faresin.com\/es\/news\/50-aniversario-de-faresin-industries\/","title":{"rendered":"50 aniversario de FARESIN INDUSTRIES"},"content":{"rendered":"\t\t<div data-elementor-type=\"wp-post\" data-elementor-id=\"71990\" class=\"elementor elementor-71990 elementor-71907\" data-elementor-post-type=\"post\">\n\t\t\t\t<div class=\"elementor-element elementor-element-70475001 e-flex e-con-boxed e-con e-parent\" data-id=\"70475001\" data-element_type=\"container\" data-e-type=\"container\">\n\t\t\t\t\t<div class=\"e-con-inner\">\n\t\t\t\t<div class=\"elementor-element elementor-element-7e82b3d7 elementor-widget elementor-widget-text-editor\" data-id=\"7e82b3d7\" data-element_type=\"widget\" data-e-type=\"widget\" data-widget_type=\"text-editor.default\">\n\t\t\t\t<div class=\"elementor-widget-container\">\n\t\t\t\t\t\t\t\t\t<h2 class=\"wp-block-heading\"><strong>50 a\u00f1os de historia y un futuro que celebrar<\/strong><\/h2>\n<p>El viernes 29 de septiembre, FARESIN INDUSTRIES sopl\u00f3 sus primeras cincuenta velas con una <strong>convenci\u00f3n internacional \u00abCelebremos el futuro\u00bb<\/strong> celebrada en la planta de Breganze, que cont\u00f3 con m\u00e1s de 400 participantes. Un gran acontecimiento que reuni\u00f3 a todos los <strong>socios<\/strong> que han contribuido al \u00e9xito mundial de la Marca a lo largo de este medio siglo.<\/p>\n<p>Al d\u00eda siguiente, las <strong>celebraciones se extendieron tambi\u00e9n a los empleados y sus familias<\/strong>, unas 600 personas, en el esp\u00edritu integrador de Faresin Industries.<\/p>\n<p>Durante la reuni\u00f3n plenaria del viernes, los directivos, Sante Faresin (Presidente), Silvia Faresin (Vicepresidenta) y Giulia Faresin (Directora de Operaciones), flanqueados por su personal, <strong>recorrieron los hitos de la historia de la empresa e ilustraron la visi\u00f3n y las estrategias futuras<\/strong>.<\/p>\n<p>\u00abMe parece casi imposible que la empresa cumpla 50 a\u00f1os este a\u00f1o, porque siempre tengo la sensaci\u00f3n de que estoy en el punto de partida: a\u00fan me quedan muchos sue\u00f1os por realizar y metas por alcanzar\u00bb, comienza diciendo el Presidente, que a\u00f1ade \u00ab<strong>Bienestar local, innovaci\u00f3n, excelencia industrial y sostenibilidad<\/strong>, estos son los cuatro pilares sobre los que estamos construyendo nuestro futuro.<\/p>\n<p>No faltaron distinguidos invitados, como consejeros regionales  <a href=\"https:\/\/www.regione.veneto.it\/assessore-all-istruzione-alla-formazione-e-al-lavoro-e-pari-opportunita\" data-type=\"link\" data-id=\"https:\/\/www.regione.veneto.it\/assessore-all-istruzione-alla-formazione-e-al-lavoro-e-pari-opportunita\" target=\"_blank\" rel=\"noopener\"><em>Elena Donazzan<\/em> <\/a>e <em><br \/>\n  <a href=\"https:\/\/www.regione.veneto.it\/assessore-a-sanita-servizi-sociali\" data-type=\"link\" data-id=\"https:\/\/www.regione.veneto.it\/assessore-a-sanita-servizi-sociali\" target=\"_blank\" rel=\"noopener\">Manuela Lanzarin<\/a><br \/>\n<\/em> (educaci\u00f3n y sanidad respectivamente), el Presidente de la Provincia de Vicenza <em>Andrea Nardin<\/em>, la Presidenta de <a href=\"https:\/\/www.confindustria.vicenza.it\/\" data-type=\"link\" data-id=\"https:\/\/www.confindustria.vicenza.it\/\" target=\"_blank\" rel=\"noopener\">Confindustria Vicenza<\/a> <em>Laura Dalla Vecchia<\/em> y el redactor jefe del Giornale di Vicenza, Dr. Andrea <em>Nardin<\/em>.  <em>Marino Smiderle<\/em>, que tambi\u00e9n moder\u00f3 la apertura de la sesi\u00f3n plenaria.<\/p>\n<figure class=\"wp-block-image size-large\"><img decoding=\"async\" class=\"wp-image-71935\" src=\"https:\/\/www.faresin.com\/wp-content\/uploads\/FARESIS-50%C2%B0-21_DSC0747-1024x683.jpg\" alt=\"50 a\u00f1os instituciones\"><\/p>\n<figcaption class=\"wp-element-caption\">Silvia y Giulia Faresin con los consejeros regionales Donazzan y Lanzarin, la presidenta de Confindustria Vicenza, Laura Dalla Vecchia, y el alcalde de Breganze, Piera Campana.<\/figcaption><\/figure>\n<p>Por su parte, la Vicepresidenta Silvia Faresin ilustr\u00f3 las oportunidades de negocio y de mercado con <strong>dos testimonios externos de dos expertos del sector<\/strong> que observan el mercado desde una perspectiva m\u00e1s objetiva.<\/p>\n<p>En  <em>Dr. Gabriele Chiodini de<a href=\"https:\/\/www.unipg.it\/\" data-type=\"link\" data-id=\"https:\/\/www.unipg.it\/\" target=\"_blank\" rel=\"noopener\">la Universidad de Perugia<\/a><\/em>  analiz\u00f3 las tendencias del sector agr\u00edcola, como la demanda de  <strong>equipos cada vez m\u00e1s sostenibles e inteligentes<\/strong>  que, al mismo tiempo, permiten aumentar la producci\u00f3n reduciendo las emisiones contaminantes, en consonancia con el objetivo de alcanzar la neutralidad clim\u00e1tica mediante el uso de fuentes renovables.<\/p>\n<p>El Dr. <em>Paul Howard, especialista del grupo editorial <\/em><a href=\"https:\/\/offhighwayresearch.com\/\" data-type=\"link\" data-id=\"https:\/\/offhighwayresearch.com\/\" target=\"_blank\" rel=\"noopener\"><em>Off Highway Research<\/em><\/a>, analiz\u00f3 el mercado de la construcci\u00f3n y se\u00f1al\u00f3 que el <strong>crecimiento de los manipuladores telesc\u00f3picos no ha tenido parang\u00f3n<\/strong> en los \u00faltimos 30 a\u00f1os. Las zonas m\u00e1s afectadas son <strong>Europa y Norteam\u00e9rica<\/strong>, que absorben al menos el 83% de la demanda mundial.<\/p>\n<p>\u00ab<strong>Escuchar a los clientes <\/strong>y <strong>saber interpretar sus necesidades y convertirlas en soluciones<\/strong> han estado en el centro de nuestro modelo de negocio desde el principio. Lo ideal ser\u00eda lograr la implicaci\u00f3n en el dise\u00f1o de soluciones tecnol\u00f3gicas, convirti\u00e9ndolas as\u00ed en un objetivo compartido. Para lograrlo, hemos adoptado dos buenas pr\u00e1cticas que implican a todas las \u00e1reas de la empresa: la gesti\u00f3n del customer <strong>journey<\/strong> y el <strong>an\u00e1lisis de los datos de business intelligence<\/strong> recogidos en las distintas ocasiones de contacto con el cliente\u00bb. explica la Vicepresidenta Silvia Faresin.<\/p>\n<figure class=\"wp-block-image size-large\"><img decoding=\"async\" class=\"wp-image-71944\" src=\"https:\/\/www.faresin.com\/wp-content\/uploads\/FARESIS-50%C2%B0-2_DSC0577-1024x563.jpg\" alt=\"50 a\u00f1os se estancan\"><\/figure>\n<p>A continuaci\u00f3n, Giulia Faresin, Directora de Operaciones, analiz\u00f3 los retos de la F\u00e1brica del futuro. \u00abTrabajamos para construir una <strong>f\u00e1brica cada vez m\u00e1s digital y automatizada<\/strong>, siguiendo un proceso fluido y constante que interact\u00faa arm\u00f3nicamente con el valor aportado por el resto de actores del sistema Faresin. Nuestro objetivo es garantizar que la producci\u00f3n desarrolle la capacidad de adaptarse a los cambios de la demanda en el momento oportuno mediante el desarrollo de nuevas competencias y la<strong>implantaci\u00f3n de procesos nuevos, m\u00e1s eficientes y sostenibles<\/strong>.\u00bb<\/p>\n<p>A continuaci\u00f3n, Giulia Faresin, en primera l\u00ednea de I+D, desvel\u00f3 un avance de dos nuevos productos que se presentar\u00e1n al gran p\u00fablico en la feria <strong><br \/>\n  <a href=\"https:\/\/www.agritechnica.com\/it\/\" data-type=\"link\" data-id=\"https:\/\/www.agritechnica.com\/it\/\" target=\"_blank\" rel=\"noopener\">feria Agritechnica<\/a><br \/>\n<\/strong> en noviembre:<\/p>\n<ul>\n<li><strong><br \/>\n  <a href=\"https:\/\/www.faresin.com\/es\/manipuladores-telescopicos\/fs-middle\/\" data-type=\"page\" data-id=\"14796\">FS Middle<\/a><br \/>\n<\/strong>la segunda serie de la Nueva Generaci\u00f3n de manipuladores telesc\u00f3picos Faresin<\/li>\n<li><strong>Leader PF Full ELECTRIC<\/strong>, un Carros Mezcladores autopropulsado 100% el\u00e9ctrico con cero emisiones.<\/li>\n<\/ul>\n<figure class=\"wp-block-gallery has-nested-images columns-default is-cropped\"><\/figure>\n<p>Dos innovaciones sensacionales que revolucionar\u00e1n nuestra forma de concebir el trabajo de los operarios y la agricultura de precisi\u00f3n.<\/p>\n<p>Al d\u00eda siguiente, s\u00e1bado 30 de octubre, Faresin tambi\u00e9n celebr\u00f3 este importante hito con los <strong>m\u00e1s de 250 empleados<\/strong> que, con entusiasmo y tenacidad, realizan cada d\u00eda los proyectos de la empresa. De hecho, la empresa abri\u00f3 las puertas de sus instalaciones de producci\u00f3n en Breganze para recibir a sus empleados y a sus familias, que pudieron visitar las instalaciones de la empresa y ver de primera mano los Carros Mezcladores y los manipuladores telesc\u00f3picos que fabrica Faresin.<\/p>\n<figure class=\"wp-block-image size-large\"><img decoding=\"async\" width=\"1024\" height=\"663\" class=\"wp-image-71953\" src=\"https:\/\/www.faresin.com\/wp-content\/uploads\/\/Cattura-1024x663.jpg\" alt=\"Equipo 50 a\u00f1os\" srcset=\"https:\/\/www.faresin.com\/wp-content\/uploads\/Cattura-1024x663.jpg 1024w, https:\/\/www.faresin.com\/wp-content\/uploads\/Cattura-300x194.jpg 300w, https:\/\/www.faresin.com\/wp-content\/uploads\/Cattura-768x497.jpg 768w, https:\/\/www.faresin.com\/wp-content\/uploads\/Cattura.jpg 1454w\" sizes=\"(max-width: 1024px) 100vw, 1024px\" \/><\/figure>\n\t\t\t\t\t\t\t\t<\/div>\n\t\t\t\t<\/div>\n\t\t\t\t\t<\/div>\n\t\t\t\t<\/div>\n\t\t<div class=\"elementor-element elementor-element-defac9d e-flex e-con-boxed e-con e-parent\" data-id=\"defac9d\" data-element_type=\"container\" data-e-type=\"container\">\n\t\t\t\t\t<div class=\"e-con-inner\">\n\t\t\t\t<div class=\"elementor-element elementor-element-ab9afb3 elementor-widget elementor-widget-gallery\" data-id=\"ab9afb3\" data-element_type=\"widget\" data-e-type=\"widget\" data-settings=\"{&quot;gallery_layout&quot;:&quot;justified&quot;,&quot;lazyload&quot;:&quot;yes&quot;,&quot;ideal_row_height&quot;:{&quot;unit&quot;:&quot;px&quot;,&quot;size&quot;:200,&quot;sizes&quot;:[]},&quot;ideal_row_height_tablet&quot;:{&quot;unit&quot;:&quot;px&quot;,&quot;size&quot;:150,&quot;sizes&quot;:[]},&quot;ideal_row_height_mobile&quot;:{&quot;unit&quot;:&quot;px&quot;,&quot;size&quot;:150,&quot;sizes&quot;:[]},&quot;gap&quot;:{&quot;unit&quot;:&quot;px&quot;,&quot;size&quot;:10,&quot;sizes&quot;:[]},&quot;gap_tablet&quot;:{&quot;unit&quot;:&quot;px&quot;,&quot;size&quot;:10,&quot;sizes&quot;:[]},&quot;gap_mobile&quot;:{&quot;unit&quot;:&quot;px&quot;,&quot;size&quot;:10,&quot;sizes&quot;:[]},&quot;link_to&quot;:&quot;file&quot;,&quot;overlay_background&quot;:&quot;yes&quot;,&quot;content_hover_animation&quot;:&quot;fade-in&quot;}\" data-widget_type=\"gallery.default\">\n\t\t\t\t<div class=\"elementor-widget-container\">\n\t\t\t\t\t\t\t<div class=\"elementor-gallery__container\">\n\t\t\t\t\t\t\t<a class=\"e-gallery-item elementor-gallery-item elementor-animated-content\" href=\"https:\/\/www.faresin.com\/wp-content\/uploads\/FARESIS-50\u00b0-19_DSC0991-scaled.jpg\" data-elementor-open-lightbox=\"yes\" data-elementor-lightbox-slideshow=\"ab9afb3\" data-elementor-lightbox-title=\"FARESIS 50\u00b0-19_DSC0991\" data-e-action-hash=\"#elementor-action%3Aaction%3Dlightbox%26settings%3DeyJpZCI6NzE5MzQsInVybCI6Imh0dHBzOlwvXC93d3cuZmFyZXNpbi5jb21cL3dwLWNvbnRlbnRcL3VwbG9hZHNcL0ZBUkVTSVMtNTBcdTAwYjAtMTlfRFNDMDk5MS1zY2FsZWQuanBnIiwic2xpZGVzaG93IjoiYWI5YWZiMyJ9\">\n\t\t\t\t\t<div class=\"e-gallery-image elementor-gallery-item__image\" data-thumbnail=\"https:\/\/www.faresin.com\/wp-content\/uploads\/FARESIS-50\u00b0-19_DSC0991-200x300.jpg\" data-width=\"200\" data-height=\"300\" aria-label=\"FS Middle\" role=\"img\" ><\/div>\n\t\t\t\t\t\t\t\t\t\t\t<div class=\"elementor-gallery-item__overlay\"><\/div>\n\t\t\t\t\t\t\t\t\t\t\t\t\t\t<\/a>\n\t\t\t\t\t\t\t<a class=\"e-gallery-item elementor-gallery-item elementor-animated-content\" href=\"https:\/\/www.faresin.com\/wp-content\/uploads\/FARESIS-50\u00b0-17_DSC1040-scaled.jpg\" data-elementor-open-lightbox=\"yes\" data-elementor-lightbox-slideshow=\"ab9afb3\" data-elementor-lightbox-title=\"FARESIS 50\u00b0-17_DSC1040\" data-e-action-hash=\"#elementor-action%3Aaction%3Dlightbox%26settings%3DeyJpZCI6NzE5MjUsInVybCI6Imh0dHBzOlwvXC93d3cuZmFyZXNpbi5jb21cL3dwLWNvbnRlbnRcL3VwbG9hZHNcL0ZBUkVTSVMtNTBcdTAwYjAtMTdfRFNDMTA0MC1zY2FsZWQuanBnIiwic2xpZGVzaG93IjoiYWI5YWZiMyJ9\">\n\t\t\t\t\t<div class=\"e-gallery-image elementor-gallery-item__image\" data-thumbnail=\"https:\/\/www.faresin.com\/wp-content\/uploads\/FARESIS-50\u00b0-17_DSC1040-300x200.jpg\" data-width=\"300\" data-height=\"200\" aria-label=\"Leader PF FE\" role=\"img\" ><\/div>\n\t\t\t\t\t\t\t\t\t\t\t<div class=\"elementor-gallery-item__overlay\"><\/div>\n\t\t\t\t\t\t\t\t\t\t\t\t\t\t<\/a>\n\t\t\t\t\t\t\t<a class=\"e-gallery-item elementor-gallery-item elementor-animated-content\" href=\"https:\/\/www.faresin.com\/wp-content\/uploads\/FARESIS-50\u00b0-7_DSC1004-scaled.jpg\" data-elementor-open-lightbox=\"yes\" data-elementor-lightbox-slideshow=\"ab9afb3\" data-elementor-lightbox-title=\"FARESIS 50\u00b0-7_DSC1004\" data-e-action-hash=\"#elementor-action%3Aaction%3Dlightbox%26settings%3DeyJpZCI6NzE5MTYsInVybCI6Imh0dHBzOlwvXC93d3cuZmFyZXNpbi5jb21cL3dwLWNvbnRlbnRcL3VwbG9hZHNcL0ZBUkVTSVMtNTBcdTAwYjAtN19EU0MxMDA0LXNjYWxlZC5qcGciLCJzbGlkZXNob3ciOiJhYjlhZmIzIn0%3D\">\n\t\t\t\t\t<div class=\"e-gallery-image elementor-gallery-item__image\" data-thumbnail=\"https:\/\/www.faresin.com\/wp-content\/uploads\/FARESIS-50\u00b0-7_DSC1004-300x170.jpg\" data-width=\"300\" data-height=\"170\" aria-label=\"\" role=\"img\" ><\/div>\n\t\t\t\t\t\t\t\t\t\t\t<div class=\"elementor-gallery-item__overlay\"><\/div>\n\t\t\t\t\t\t\t\t\t\t\t\t\t\t<\/a>\n\t\t\t\t\t<\/div>\n\t\t\t\t\t<\/div>\n\t\t\t\t<\/div>\n\t\t\t\t\t<\/div>\n\t\t\t\t<\/div>\n\t\t<div class=\"elementor-element elementor-element-9abe210 e-flex e-con-boxed e-con e-parent\" data-id=\"9abe210\" data-element_type=\"container\" data-e-type=\"container\">\n\t\t\t\t\t<div class=\"e-con-inner\">\n\t\t\t\t<div class=\"elementor-element elementor-element-e1dc79e elementor-widget elementor-widget-video\" data-id=\"e1dc79e\" data-element_type=\"widget\" data-e-type=\"widget\" data-settings=\"{&quot;video_type&quot;:&quot;hosted&quot;,&quot;controls&quot;:&quot;yes&quot;}\" data-widget_type=\"video.default\">\n\t\t\t\t<div class=\"elementor-widget-container\">\n\t\t\t\t\t\t\t<div class=\"e-hosted-video elementor-wrapper elementor-open-inline\">\n\t\t\t\t\t<video class=\"elementor-video\" src=\"https:\/\/faresin.com\/wp-content\/uploads\/AI%20FARESIN%20INDUSTRIES%2050esimo%2030%20SETTEMBRE%202023.mp4\" controls=\"\" preload=\"metadata\" controlsList=\"nodownload\"><\/video>\n\t\t\t\t<\/div>\n\t\t\t\t\t\t<\/div>\n\t\t\t\t<\/div>\n\t\t\t\t\t<\/div>\n\t\t\t\t<\/div>\n\t\t\t\t<\/div>\n\t\t","protected":false},"excerpt":{"rendered":"<p>50 a\u00f1os de historia y un futuro que celebrar El viernes 29 de septiembre, FARESIN INDUSTRIES sopl\u00f3 sus primeras cincuenta velas con una convenci\u00f3n internacional \u00abCelebremos el futuro\u00bb celebrada en la planta de Breganze, que cont\u00f3 con m\u00e1s de 400 participantes. Un gran acontecimiento que reuni\u00f3 a todos los socios que han contribuido al \u00e9xito [&hellip;]<\/p>\n","protected":false},"author":333,"featured_media":71970,"comment_status":"closed","ping_status":"closed","sticky":false,"template":"","format":"standard","meta":{"_acf_changed":false,"footnotes":""},"categories":[258,334],"tags":[760,759],"class_list":["post-71990","post","type-post","status-publish","format-standard","has-post-thumbnail","hentry","category-comunicados-de-prensa","category-empresa","tag-50-anos","tag-aniversario"],"acf":[],"_links":{"self":[{"href":"https:\/\/www.faresin.com\/es\/wp-json\/wp\/v2\/posts\/71990","targetHints":{"allow":["GET"]}}],"collection":[{"href":"https:\/\/www.faresin.com\/es\/wp-json\/wp\/v2\/posts"}],"about":[{"href":"https:\/\/www.faresin.com\/es\/wp-json\/wp\/v2\/types\/post"}],"author":[{"embeddable":true,"href":"https:\/\/www.faresin.com\/es\/wp-json\/wp\/v2\/users\/333"}],"replies":[{"embeddable":true,"href":"https:\/\/www.faresin.com\/es\/wp-json\/wp\/v2\/comments?post=71990"}],"version-history":[{"count":0,"href":"https:\/\/www.faresin.com\/es\/wp-json\/wp\/v2\/posts\/71990\/revisions"}],"wp:featuredmedia":[{"embeddable":true,"href":"https:\/\/www.faresin.com\/es\/wp-json\/wp\/v2\/media\/71970"}],"wp:attachment":[{"href":"https:\/\/www.faresin.com\/es\/wp-json\/wp\/v2\/media?parent=71990"}],"wp:term":[{"taxonomy":"category","embeddable":true,"href":"https:\/\/www.faresin.com\/es\/wp-json\/wp\/v2\/categories?post=71990"},{"taxonomy":"post_tag","embeddable":true,"href":"https:\/\/www.faresin.com\/es\/wp-json\/wp\/v2\/tags?post=71990"}],"curies":[{"name":"wp","href":"https:\/\/api.w.org\/{rel}","templated":true}]}}