{"id":73581,"date":"2023-11-06T14:26:58","date_gmt":"2023-11-06T13:26:58","guid":{"rendered":"https:\/\/www.faresin.com\/news\/faresin-en-agritechnica-2023-50-anos-junto-a-los-agricultores\/"},"modified":"2024-02-22T09:10:53","modified_gmt":"2024-02-22T08:10:53","slug":"faresin-en-agritechnica-2023-50-anos-junto-a-los-agricultores","status":"publish","type":"post","link":"https:\/\/www.faresin.com\/es\/news\/faresin-en-agritechnica-2023-50-anos-junto-a-los-agricultores\/","title":{"rendered":"Faresin en Agritechnica 2023: 50 a\u00f1os junto a los agricultores"},"content":{"rendered":"\n<p>Tras celebrar su 50 aniversario con una gran convenci\u00f3n internacional, Faresin llega a <a href=\"https:\/\/www.agritechnica.com\/it\/\" data-type=\"link\" data-id=\"https:\/\/www.agritechnica.com\/it\/\" target=\"_blank\" rel=\"noopener\">Agritechnica<\/a> 2023 cargada de novedades. Innovaciones destinadas a revolucionar el mundo de la agricultura y la ganader\u00eda en nombre de la sostenibilidad y la tecnolog\u00eda.<\/p>\n\n<p>En el <strong>stand n\u00ba A26, situado en el pabell\u00f3n 21<\/strong> de la feria de Hannover, se expondr\u00e1n varias m\u00e1quinas nuevas, fruto de los \u00faltimos avances tecnol\u00f3gicos realizados por Faresin en los \u00faltimos tiempos. M\u00e1quinas dise\u00f1adas hoy pero preparadas para ma\u00f1ana.<\/p>\n\n<p>Desde su \u00faltima edici\u00f3n, Faresin ha experimentado un crecimiento imparable derivado de la introducci\u00f3n de <strong>productos<\/strong> cada vez m\u00e1s <strong>ecol\u00f3gicos<\/strong> y de <strong>m\u00e1quinas cada vez m\u00e1s avanzadas e interconectadas<\/strong>. De hecho, el mercado exige productos cada vez m\u00e1s ecol\u00f3gicos, seguros y eficientes.<\/p>\n\n<p>La gama de manipuladores telesc\u00f3picos se ha renovado por completo con la nueva Serie FS, mientras que los Carros Mezcladores han experimentado una importante ampliaci\u00f3n de la oferta. Ambas l\u00edneas de productos comparten el mismo objetivo de <em>neutralidad en carbono<\/em>: cero emisiones para la gama electrificada y reducci\u00f3n constante del consumo para la endot\u00e9rmica. Por ello, Faresin ha duplicado su gama, que se est\u00e1 estructurando en <strong>dos l\u00edneas paralelas -endot\u00e9rmica y electrificada-<\/strong> que, en cualquier caso, est\u00e1n preparadas para compartir soluciones e innovaciones tecnol\u00f3gicas que creen valor para los clientes.<\/p>\n\n<h3 class=\"wp-block-heading\">Novedades Faresin presentadas en Agritechinca<\/h3>\n\n<p>Teniendo esto en cuenta, en Agritechnica se presentar\u00e1n los siguientes productos <a href=\"https:\/\/www.faresin.com\/es\/full-electric\/leader-pf-full-electric\/\" data-type=\"page\" data-id=\"72385\"><strong>Leader PF Full Electric<\/strong> <\/a>el primer CARRO MEZCLADORES 100% el\u00e9ctrico autopropulsado de la marca Faresin, que completa la gama electrificada Faresin lanzada en 2018 con la presentaci\u00f3n del <a href=\"https:\/\/www.faresin.com\/es\/full-electric\/626-full-electric\/\" data-type=\"page\" data-id=\"4174\">primer manipulador telesc\u00f3pico el\u00e9ctrico del<\/a> mundo.<\/p>\n\n<p>Para las explotaciones m\u00e1s peque\u00f1as, el nuevo <strong>\n  <a href=\"https:\/\/www.faresin.com\/es\/carros-mezcladores\/leader-pf-clasico\/\" data-type=\"page\" data-id=\"72519\">Leader PF Classic<\/a>\n<\/strong>es una m\u00e1quina compacta autopropulsada de un solo aforador. L\u00ednea de bajo coste dise\u00f1ada para un primer acercamiento a la alimentaci\u00f3n de precisi\u00f3n.<\/p>\n\n<p>Completamente renovada la gama de <a href=\"https:\/\/www.faresin.com\/es\/carros-mezcladores\/vertical-arrastrado-tpf\/\" data-type=\"page\" data-id=\"6284\">\n  <strong>tractores verticales arrastrados TPF<\/strong>\n<\/a>que ahora incluye nada menos que 33 cubicajes diferentes y la posibilidad de montar de uno a tres sinfines. Ahora los modelos se han reorganizado en tres configuraciones: <strong>Classic, Plus y Profi<\/strong>.<\/p>\n\n<p>Para los manipuladores telesc\u00f3picos, en cambio, el nuevo <strong>\n  <a href=\"https:\/\/www.faresin.com\/es\/manipuladores-telescopicos\/fs-middle\/\" data-type=\"page\" data-id=\"14796\">FS Middle<\/a>\n<\/strong>una serie dise\u00f1ada para ser \u00e1gil y vers\u00e1til en todos los contextos de la agricultura y la construcci\u00f3n, que incluye m\u00e1quinas con plumas extensibles de <strong>7 a 10 metros de altura y capacidades de carga de 3,5 a 4,5 toneladas<\/strong>.<\/p>\n\n<p>Para descubrir estas numerosas innovaciones (y muchas m\u00e1s), Faresin se complace en darle la bienvenida a Agritechnica en el <strong>stand A26 del pabell\u00f3n 21<\/strong>. Le estamos esperando.<\/p>\n\n<hr class=\"wp-block-separator has-alpha-channel-opacity\"\/>\n\n<div style=\"height:38px\" aria-hidden=\"true\" class=\"wp-block-spacer\"><\/div>\n\n<div class=\"wp-block-buttons is-content-justification-center is-layout-flex wp-container-core-buttons-is-layout-a89b3969 wp-block-buttons-is-layout-flex\">\n<div class=\"wp-block-button\"><a class=\"wp-block-button__link has-text-align-center wp-element-button\" href=\"https:\/\/www.faresin.com\/es\/contacte-con\/\">Solicite una cita en la feria<\/a><\/div>\n<\/div>\n\n<div style=\"height:41px\" aria-hidden=\"true\" class=\"wp-block-spacer\"><\/div>\n\n<figure class=\"wp-block-image size-large\"><img decoding=\"async\" width=\"819\" height=\"1024\" src=\"https:\/\/www.faresin.com\/wp-content\/uploads\/\/Agritechnica-819x1024.jpg\" alt=\"\" class=\"wp-image-73524\" srcset=\"https:\/\/www.faresin.com\/wp-content\/uploads\/Agritechnica-819x1024.jpg 819w, https:\/\/www.faresin.com\/wp-content\/uploads\/Agritechnica-240x300.jpg 240w, https:\/\/www.faresin.com\/wp-content\/uploads\/Agritechnica-768x960.jpg 768w, https:\/\/www.faresin.com\/wp-content\/uploads\/Agritechnica.jpg 1080w\" sizes=\"(max-width: 819px) 100vw, 819px\" \/><\/figure>\n\n<div style=\"height:100px\" aria-hidden=\"true\" class=\"wp-block-spacer\"><\/div>\n","protected":false},"excerpt":{"rendered":"<p>Tras celebrar su 50 aniversario con una gran convenci\u00f3n internacional, Faresin llega a Agritechnica 2023 cargada de novedades. Innovaciones destinadas a revolucionar el mundo de la agricultura y la ganader\u00eda en nombre de la sostenibilidad y la tecnolog\u00eda. En el stand n\u00ba A26, situado en el pabell\u00f3n 21 de la feria de Hannover, se expondr\u00e1n [&hellip;]<\/p>\n","protected":false},"author":333,"featured_media":73523,"comment_status":"closed","ping_status":"closed","sticky":false,"template":"","format":"standard","meta":{"_acf_changed":false,"footnotes":""},"categories":[258,340],"tags":[382,810,811],"class_list":["post-73581","post","type-post","status-publish","format-standard","has-post-thumbnail","hentry","category-comunicados-de-prensa","category-ferias","tag-agricultura","tag-agritechnica-es","tag-hannover-es"],"acf":[],"_links":{"self":[{"href":"https:\/\/www.faresin.com\/es\/wp-json\/wp\/v2\/posts\/73581","targetHints":{"allow":["GET"]}}],"collection":[{"href":"https:\/\/www.faresin.com\/es\/wp-json\/wp\/v2\/posts"}],"about":[{"href":"https:\/\/www.faresin.com\/es\/wp-json\/wp\/v2\/types\/post"}],"author":[{"embeddable":true,"href":"https:\/\/www.faresin.com\/es\/wp-json\/wp\/v2\/users\/333"}],"replies":[{"embeddable":true,"href":"https:\/\/www.faresin.com\/es\/wp-json\/wp\/v2\/comments?post=73581"}],"version-history":[{"count":0,"href":"https:\/\/www.faresin.com\/es\/wp-json\/wp\/v2\/posts\/73581\/revisions"}],"wp:featuredmedia":[{"embeddable":true,"href":"https:\/\/www.faresin.com\/es\/wp-json\/wp\/v2\/media\/73523"}],"wp:attachment":[{"href":"https:\/\/www.faresin.com\/es\/wp-json\/wp\/v2\/media?parent=73581"}],"wp:term":[{"taxonomy":"category","embeddable":true,"href":"https:\/\/www.faresin.com\/es\/wp-json\/wp\/v2\/categories?post=73581"},{"taxonomy":"post_tag","embeddable":true,"href":"https:\/\/www.faresin.com\/es\/wp-json\/wp\/v2\/tags?post=73581"}],"curies":[{"name":"wp","href":"https:\/\/api.w.org\/{rel}","templated":true}]}}