{"id":80021,"date":"2024-07-25T13:35:35","date_gmt":"2024-07-25T11:35:35","guid":{"rendered":"https:\/\/www.faresin.com\/news\/faresin-industriespresupuesto-conforme-al-plan-de-empresa\/"},"modified":"2024-12-20T10:35:46","modified_gmt":"2024-12-20T09:35:46","slug":"faresin-industriespresupuesto-conforme-al-plan-de-empresa","status":"publish","type":"post","link":"https:\/\/www.faresin.com\/es\/news\/faresin-industriespresupuesto-conforme-al-plan-de-empresa\/","title":{"rendered":"FARESIN INDUSTRIESpresupuesto conforme al plan de empresa"},"content":{"rendered":"\n<p><strong>Breganze (Italia) &#8211; 3 de julio de 2024 &#8211;<\/strong> \u00abEn un a\u00f1o complejo, 2023, hemos registrado un resultado acorde con el plan de negocio de nuestra empresa, con un aumento del 22,5% de la facturaci\u00f3n\u00bb. Faresin Sante , fundador y presidente de la empresa de Breganze, comenz\u00f3 con estas significativas cifras la presentaci\u00f3n del informe anual 2023 en el Palacio Bonin Longare, sede de Confindustria Vicenza. <\/p>\n\n<p>\u00abEn siete a\u00f1os, desde 2017, hemos duplicado nuestra facturaci\u00f3n y, desde principios de este siglo, incluso la hemos multiplicado por diez\u00bb, subray\u00f3 el presidente. Desde 2020, cuando comenz\u00f3 la pandemia, la empresa ha seguido una tendencia positiva que ha hecho que la facturaci\u00f3n aumente un 65%. <\/p>\n\n<p>Esta progresi\u00f3n ha sido posible gracias a la apreciaci\u00f3n de los mercados de destino, el agr\u00edcola y el de la construcci\u00f3n principalmente, por los productos desarrollados por la empresa de Breganze, lo que se ha traducido en un aumento de su cuota de exportaci\u00f3n, que alcanza ya el 89% de la facturaci\u00f3n. Faresin Sante concluy\u00f3 su discurso con estas palabras: \u00abMe gustar\u00eda dar las gracias a todos mis empleados y clientes, por la confianza que han depositado en la empresa, y a nuestra red de distribuidores y concesionarios, que abarca m\u00e1s de 70 pa\u00edses. <\/p>\n\n<p>El impacto de la empresa en la regi\u00f3n es algo que la familia subraya constantemente, adem\u00e1s de ser un valor de la empresa: s\u00f3lo en 2023, la empresa registr\u00f3 la creaci\u00f3n de 37 nuevos puestos de trabajo, una tendencia que sigue en marcha.<\/p>\n\n<p>2023 fue un a\u00f1o importante para Faresin IndustriesLeader PF porque adem\u00e1s de celebrar su 50 aniversario, durante la importante fiesta de aniversario, ante m\u00e1s de 600 socios de todo el mundo, se presentaron por primera vez dos nuevas series de productos: los manipuladores telesc\u00f3picos de categor\u00eda \u00abmedia\u00bb, con alturas de alcance de 7 a 10 metros y capacidades de elevaci\u00f3n de hasta 4,5 toneladas, y los Carros Mezcladores totalmente el\u00e9ctricos. Full Electric Full Electric Esta \u00faltima serie de productos confirma el desarrollo por parte de la empresa de una l\u00ednea de productos totalmente el\u00e9ctricos y sigue a la gran atenci\u00f3n y el \u00e9xito comercial de la manipuladora telesc\u00f3pica , modelo 6.26 y los modelos m\u00e1s grandes, tambi\u00e9n , 14.42, la 17.40 y la 17.45. Soluciones todas ellas destinadas a satisfacer una demanda emergente del mercado de menor impacto medioambiental y menores costes operativos.  <\/p>\n\n<p>La capacidad de desarrollar y ofrecer a los mercados innovaciones \u00fatiles y rentables es una de las caracter\u00edsticas m\u00e1s valoradas y reconocidas en . Faresin Industries.<\/p>\n\n<p>FaresinSilvia , Vicepresidenta, explic\u00f3 el escenario de los mercados mundiales de 2023 y aquellos en los que competir\u00e1 la empresa en este 2024, y aport\u00f3 algunas l\u00edneas estrat\u00e9gicas de desarrollo: &#8216;Estamos experimentando con soluciones de Inteligencia Artificial (IA) que se integran con las soluciones que ya tenemos en cartera. Adem\u00e1s, ya hemos dado el paso hacia el desarrollo de soluciones rob\u00f3ticas, que ser\u00e1 una de nuestras innovaciones en un futuro muy pr\u00f3ximo\u00bb.<\/p>\n\n<p>FaresinGiulia , Directora de Operaciones, al presentar la futura estrategia de desarrollo industrial, a\u00f1adi\u00f3: \u00abLas cadenas de suministro y la capacidad de producci\u00f3n tienen que funcionar cada vez m\u00e1s s\u00f3lo en funci\u00f3n del mercado. El mundo sigue vi\u00e9ndose influido por numerosos efectos globales y regionales. <\/p>\n\n<p>La colaboraci\u00f3n con nuestros clientes, tanto existentes como nuevos, es cada vez mayor, y nuestra prioridad es ser din\u00e1micos para adaptarnos al cambio. Prestamos especial atenci\u00f3n a la alineaci\u00f3n de la capacidad y a las soluciones inteligentes e innovadoras para salvaguardar la sostenibilidad. Tambi\u00e9n prestamos especial atenci\u00f3n a nuestras estrategias para hacer frente a las futuras fluctuaciones del mercado\u00bb.  <\/p>\n\n<p>Junto con el Informe Anual, se present\u00f3 el primer Informe de Sostenibilidad elaborado seg\u00fan las normas GRI, en el que se explicitan sus \u00edndices de sostenibilidad y los objetivos que la industria pretende alcanzar. El resultado de la publicaci\u00f3n es la puesta de relieve de los impactos de una gobernanza transparente y responsable, una profunda atenci\u00f3n al crecimiento social de las personas y el territorio, y el respeto por el medio ambiente. La ubicaci\u00f3n de las plantas de producci\u00f3n en las orillas del torrente Astico impone una responsabilidad particular para la protecci\u00f3n del territorio que Faresin Industries hizo expl\u00edcita con su intenci\u00f3n declarada de luchar por la neutralidad en carbono. Es emblem\u00e1tica la relaci\u00f3n de colaboraci\u00f3n establecida con la Associazione Naturalisti Vicentini (Asociaci\u00f3n de Naturalistas Vicentinos), que proporcion\u00f3 fotos de animales y plantas caracter\u00edsticos de los entornos naturales del territorio de Breganzese, incluidas en el informe de sostenibilidad con la intenci\u00f3n de hacer un llamamiento al conocimiento y respeto del territorio.   <\/p>\n","protected":false},"excerpt":{"rendered":"<p>Breganze (Italia) &#8211; 3 de julio de 2024 &#8211; \u00abEn un a\u00f1o complejo, 2023, hemos registrado un resultado acorde con el plan de negocio de nuestra empresa, con un aumento del 22,5% de la facturaci\u00f3n\u00bb. Faresin Sante , fundador y presidente de la empresa de Breganze, comenz\u00f3 con estas significativas cifras la presentaci\u00f3n del informe [&hellip;]<\/p>\n","protected":false},"author":1,"featured_media":78267,"comment_status":"closed","ping_status":"closed","sticky":false,"template":"","format":"standard","meta":{"_acf_changed":false,"footnotes":""},"categories":[246],"tags":[],"class_list":["post-80021","post","type-post","status-publish","format-standard","has-post-thumbnail","hentry","category-noticias"],"acf":[],"_links":{"self":[{"href":"https:\/\/www.faresin.com\/es\/wp-json\/wp\/v2\/posts\/80021","targetHints":{"allow":["GET"]}}],"collection":[{"href":"https:\/\/www.faresin.com\/es\/wp-json\/wp\/v2\/posts"}],"about":[{"href":"https:\/\/www.faresin.com\/es\/wp-json\/wp\/v2\/types\/post"}],"author":[{"embeddable":true,"href":"https:\/\/www.faresin.com\/es\/wp-json\/wp\/v2\/users\/1"}],"replies":[{"embeddable":true,"href":"https:\/\/www.faresin.com\/es\/wp-json\/wp\/v2\/comments?post=80021"}],"version-history":[{"count":1,"href":"https:\/\/www.faresin.com\/es\/wp-json\/wp\/v2\/posts\/80021\/revisions"}],"predecessor-version":[{"id":80022,"href":"https:\/\/www.faresin.com\/es\/wp-json\/wp\/v2\/posts\/80021\/revisions\/80022"}],"wp:featuredmedia":[{"embeddable":true,"href":"https:\/\/www.faresin.com\/es\/wp-json\/wp\/v2\/media\/78267"}],"wp:attachment":[{"href":"https:\/\/www.faresin.com\/es\/wp-json\/wp\/v2\/media?parent=80021"}],"wp:term":[{"taxonomy":"category","embeddable":true,"href":"https:\/\/www.faresin.com\/es\/wp-json\/wp\/v2\/categories?post=80021"},{"taxonomy":"post_tag","embeddable":true,"href":"https:\/\/www.faresin.com\/es\/wp-json\/wp\/v2\/tags?post=80021"}],"curies":[{"name":"wp","href":"https:\/\/api.w.org\/{rel}","templated":true}]}}