{"id":80034,"date":"2024-05-24T14:38:00","date_gmt":"2024-05-24T12:38:00","guid":{"rendered":"https:\/\/www.faresin.com\/news\/fs-middle-la-serie-aterriza-en-turquia\/"},"modified":"2024-12-20T10:36:46","modified_gmt":"2024-12-20T09:36:46","slug":"fs-middle-la-serie-aterriza-en-turquia","status":"publish","type":"post","link":"https:\/\/www.faresin.com\/es\/news\/fs-middle-la-serie-aterriza-en-turquia\/","title":{"rendered":"FS Middle La serie aterriza en Turqu\u00eda"},"content":{"rendered":"\n<p><strong> FS MiddleEl 22 de mayo se present\u00f3 oficialmente al mercado turco la<\/strong><strong><strong> nueva serie de cargadoras telesc\u00f3picas<\/strong>. La presentaci\u00f3n tuvo lugar ante una nutrida representaci\u00f3n de pol\u00edticos y administradores locales y el alcalde de la ciudad de Nev\u015fehir, en el coraz\u00f3n de <strong>la Capadocia<\/strong>.<\/strong> <\/p>\n\n<p>FaresinSubrayando la importancia del evento fue la participaci\u00f3n de un representante de nuestra empresa dirigido por el fundador Sante .<\/p>\n\n<p>El acto fue posible gracias a la larga colaboraci\u00f3n con el grupo Meka Lift, empresa turca que comercializa m\u00e1quinas para el sector de la elevaci\u00f3n. Su propietario, Mehmet Karakaya, durante la presentaci\u00f3n a la que asistieron m\u00e1s de 600 agricultores, fabricantes, alquiladores y administradores pol\u00edticos, destac\u00f3 la importancia del mercado turco y su tendencia de crecimiento para las manipuladoras telesc\u00f3picas. <\/p>\n\n<p>Se hizo especial hincapi\u00e9 en los usos particulares a los que se enfrenta esta m\u00e1quina en el pa\u00eds, como la manipulaci\u00f3n de balas de algod\u00f3n, la recolecci\u00f3n de avellanas y, por \u00faltimo, pero no por ello menos importante, su uso en las zonas donde se produjo el devastador terremoto de febrero del a\u00f1o pasado.<\/p>\n\n<p>La serie de cargadoras telesc\u00f3picas FS Middle consta de 4 modelos con capacidades de elevaci\u00f3n de 3,5 a 4,5 toneladas y un alcance m\u00e1ximo de 10 metros.<\/p>\n\n<figure class=\"wp-block-image alignleft size-full is-resized\"><img decoding=\"async\" width=\"1000\" height=\"667\" src=\"https:\/\/www.faresin.com\/wp-content\/uploads\/Mehmet-Karakaya-and-Sante-Faresin-1.png\" alt=\"\" class=\"wp-image-77710\" style=\"width:525px;height:auto\" srcset=\"https:\/\/www.faresin.com\/wp-content\/uploads\/Mehmet-Karakaya-and-Sante-Faresin-1.png 1000w, https:\/\/www.faresin.com\/wp-content\/uploads\/Mehmet-Karakaya-and-Sante-Faresin-1-300x200.png 300w, https:\/\/www.faresin.com\/wp-content\/uploads\/Mehmet-Karakaya-and-Sante-Faresin-1-768x512.png 768w\" sizes=\"(max-width: 1000px) 100vw, 1000px\" \/><\/figure>\n\n<p>Faresin Full Electric Durante la celebraci\u00f3n, el Presidente Sante, junto con el propietario de Mekalift, Mehmet Karakaya, obsequiaron al alcalde de la ciudad con una maqueta de la manipuladora telesc\u00f3pica 6.26 fabricada con los famosos ladrillos de Lego en recuerdo del importante acontecimiento.<\/p>\n\n<p>Faresin Faresin \u00abLa revalorizaci\u00f3n de las m\u00e1quinas en todo el mundo contin\u00faa, y con ella la expansi\u00f3n de la distribuci\u00f3n y la consolidaci\u00f3n de las relaciones con los actores clave\u00bb, coment\u00f3 Sante al t\u00e9rmino del evento.<\/p>\n\n<p>Faresin Faresin Giulia , responsable de Operaciones de la empresa, por su parte, quiso mencionar la determinaci\u00f3n y la capacidad para desarrollar soluciones t\u00e9cnicas que permiten adaptar los manipuladores telesc\u00f3picos a cada necesidad o condici\u00f3n de uso.<\/p>\n\n<figure class=\"wp-block-gallery has-nested-images columns-default is-cropped wp-block-gallery-1 is-layout-flex wp-block-gallery-is-layout-flex\">\n<figure class=\"wp-block-image size-large\"><img decoding=\"async\" width=\"1024\" height=\"768\" data-id=\"77755\" src=\"https:\/\/www.faresin.com\/wp-content\/uploads\/\/new-fs-range-1024x768.jpg\" alt=\"\" class=\"wp-image-77755\" srcset=\"https:\/\/www.faresin.com\/wp-content\/uploads\/new-fs-range-1024x768.jpg 1024w, https:\/\/www.faresin.com\/wp-content\/uploads\/new-fs-range-300x225.jpg 300w, https:\/\/www.faresin.com\/wp-content\/uploads\/new-fs-range-768x576.jpg 768w, https:\/\/www.faresin.com\/wp-content\/uploads\/new-fs-range-1536x1152.jpg 1536w, https:\/\/www.faresin.com\/wp-content\/uploads\/new-fs-range-2048x1536.jpg 2048w\" sizes=\"(max-width: 1024px) 100vw, 1024px\" \/><\/figure>\n\n\n\n<figure class=\"wp-block-image size-large\"><img decoding=\"async\" width=\"1000\" height=\"667\" data-id=\"77746\" src=\"https:\/\/www.faresin.com\/wp-content\/uploads\/Faresin-team-1.png\" alt=\"\" class=\"wp-image-77746\" srcset=\"https:\/\/www.faresin.com\/wp-content\/uploads\/Faresin-team-1.png 1000w, https:\/\/www.faresin.com\/wp-content\/uploads\/Faresin-team-1-300x200.png 300w, https:\/\/www.faresin.com\/wp-content\/uploads\/Faresin-team-1-768x512.png 768w\" sizes=\"(max-width: 1000px) 100vw, 1000px\" \/><\/figure>\n\n\n\n<figure class=\"wp-block-image size-large\"><img decoding=\"async\" width=\"1000\" height=\"667\" data-id=\"77728\" src=\"https:\/\/www.faresin.com\/wp-content\/uploads\/Presentarion-event-in-Kapadokya-1.png\" alt=\"\" class=\"wp-image-77728\" srcset=\"https:\/\/www.faresin.com\/wp-content\/uploads\/Presentarion-event-in-Kapadokya-1.png 1000w, https:\/\/www.faresin.com\/wp-content\/uploads\/Presentarion-event-in-Kapadokya-1-300x200.png 300w, https:\/\/www.faresin.com\/wp-content\/uploads\/Presentarion-event-in-Kapadokya-1-768x512.png 768w\" sizes=\"(max-width: 1000px) 100vw, 1000px\" \/><\/figure>\n\n\n\n<figure class=\"wp-block-image size-large\"><img decoding=\"async\" width=\"1000\" height=\"667\" data-id=\"77719\" src=\"https:\/\/www.faresin.com\/wp-content\/uploads\/Meka-Lift-and-Faresin-team-1.png\" alt=\"\" class=\"wp-image-77719\" srcset=\"https:\/\/www.faresin.com\/wp-content\/uploads\/Meka-Lift-and-Faresin-team-1.png 1000w, https:\/\/www.faresin.com\/wp-content\/uploads\/Meka-Lift-and-Faresin-team-1-300x200.png 300w, https:\/\/www.faresin.com\/wp-content\/uploads\/Meka-Lift-and-Faresin-team-1-768x512.png 768w\" sizes=\"(max-width: 1000px) 100vw, 1000px\" \/><\/figure>\n<\/figure>\n","protected":false},"excerpt":{"rendered":"<p>FS MiddleEl 22 de mayo se present\u00f3 oficialmente al mercado turco la nueva serie de cargadoras telesc\u00f3picas. La presentaci\u00f3n tuvo lugar ante una nutrida representaci\u00f3n de pol\u00edticos y administradores locales y el alcalde de la ciudad de Nev\u015fehir, en el coraz\u00f3n de la Capadocia. <\/p>\n","protected":false},"author":333,"featured_media":77709,"comment_status":"closed","ping_status":"closed","sticky":false,"template":"","format":"standard","meta":{"_acf_changed":false,"footnotes":""},"categories":[841,352,246],"tags":[588],"class_list":["post-80034","post","type-post","status-publish","format-standard","has-post-thumbnail","hentry","category-distribuidor","category-manipuladores-telescopicos","category-noticias","tag-manipuladores-telescopicos"],"acf":[],"_links":{"self":[{"href":"https:\/\/www.faresin.com\/es\/wp-json\/wp\/v2\/posts\/80034","targetHints":{"allow":["GET"]}}],"collection":[{"href":"https:\/\/www.faresin.com\/es\/wp-json\/wp\/v2\/posts"}],"about":[{"href":"https:\/\/www.faresin.com\/es\/wp-json\/wp\/v2\/types\/post"}],"author":[{"embeddable":true,"href":"https:\/\/www.faresin.com\/es\/wp-json\/wp\/v2\/users\/333"}],"replies":[{"embeddable":true,"href":"https:\/\/www.faresin.com\/es\/wp-json\/wp\/v2\/comments?post=80034"}],"version-history":[{"count":1,"href":"https:\/\/www.faresin.com\/es\/wp-json\/wp\/v2\/posts\/80034\/revisions"}],"predecessor-version":[{"id":80035,"href":"https:\/\/www.faresin.com\/es\/wp-json\/wp\/v2\/posts\/80034\/revisions\/80035"}],"wp:featuredmedia":[{"embeddable":true,"href":"https:\/\/www.faresin.com\/es\/wp-json\/wp\/v2\/media\/77709"}],"wp:attachment":[{"href":"https:\/\/www.faresin.com\/es\/wp-json\/wp\/v2\/media?parent=80034"}],"wp:term":[{"taxonomy":"category","embeddable":true,"href":"https:\/\/www.faresin.com\/es\/wp-json\/wp\/v2\/categories?post=80034"},{"taxonomy":"post_tag","embeddable":true,"href":"https:\/\/www.faresin.com\/es\/wp-json\/wp\/v2\/tags?post=80034"}],"curies":[{"name":"wp","href":"https:\/\/api.w.org\/{rel}","templated":true}]}}