{"id":80878,"date":"2025-03-11T16:25:05","date_gmt":"2025-03-11T15:25:05","guid":{"rendered":"https:\/\/www.faresin.com\/news\/entrevista-con-federico-olivieri-de-la-societa-agricola-corticella\/"},"modified":"2025-03-11T16:39:57","modified_gmt":"2025-03-11T15:39:57","slug":"entrevista-con-federico-olivieri-de-la-societa-agricola-corticella","status":"publish","type":"post","link":"https:\/\/www.faresin.com\/es\/news\/entrevista-con-federico-olivieri-de-la-societa-agricola-corticella\/","title":{"rendered":"Entrevista con Federico Olivieri de la Societ\u00e0 Agricola Corticella"},"content":{"rendered":"\n<p>Federico Olivieri, gerente de la Empresa Agr\u00edcola Corticella del Grupo Cremonini &#8211; Inalca Spa, nos habla de su experiencia con los Carros Mezcladores Faresin.<\/p>\n\n<p>El Grupo Cremonini ostenta cifras r\u00e9cord en la producci\u00f3n y distribuci\u00f3n de carne de vacuno para el sector de la restauraci\u00f3n fuera del hogar, situando la sostenibilidad y el bienestar animal en el centro de toda la producci\u00f3n ganadera.<\/p>\n\n<figure class=\"wp-block-embed is-type-video is-provider-youtube wp-block-embed-youtube wp-embed-aspect-16-9 wp-has-aspect-ratio\"><div class=\"wp-block-embed__wrapper\">\n<iframe loading=\"lazy\" title=\"Interview with Federico Olivieri of Societ\u00e0 agricola Corticella | Faresin\" width=\"800\" height=\"450\" src=\"https:\/\/www.youtube.com\/embed\/0-l48KRi1C4?feature=oembed\" frameborder=\"0\" allow=\"accelerometer; autoplay; clipboard-write; encrypted-media; gyroscope; picture-in-picture; web-share\" referrerpolicy=\"strict-origin-when-cross-origin\" allowfullscreen><\/iframe>\n<\/div><\/figure>\n","protected":false},"excerpt":{"rendered":"<p>Federico Olivieri, gerente de la Empresa Agr\u00edcola Corticella del Grupo Cremonini &#8211; Inalca Spa, nos habla de su experiencia con los Carros Mezcladores Faresin. El Grupo Cremonini ostenta cifras r\u00e9cord en la producci\u00f3n y distribuci\u00f3n de carne de vacuno para el sector de la restauraci\u00f3n fuera del hogar, situando la sostenibilidad y el bienestar animal [&hellip;]<\/p>\n","protected":false},"author":1,"featured_media":0,"comment_status":"closed","ping_status":"closed","sticky":false,"template":"","format":"standard","meta":{"_acf_changed":false,"footnotes":""},"categories":[848],"tags":[],"class_list":["post-80878","post","type-post","status-publish","format-standard","hentry","category-entrevistas"],"acf":[],"_links":{"self":[{"href":"https:\/\/www.faresin.com\/es\/wp-json\/wp\/v2\/posts\/80878","targetHints":{"allow":["GET"]}}],"collection":[{"href":"https:\/\/www.faresin.com\/es\/wp-json\/wp\/v2\/posts"}],"about":[{"href":"https:\/\/www.faresin.com\/es\/wp-json\/wp\/v2\/types\/post"}],"author":[{"embeddable":true,"href":"https:\/\/www.faresin.com\/es\/wp-json\/wp\/v2\/users\/1"}],"replies":[{"embeddable":true,"href":"https:\/\/www.faresin.com\/es\/wp-json\/wp\/v2\/comments?post=80878"}],"version-history":[{"count":1,"href":"https:\/\/www.faresin.com\/es\/wp-json\/wp\/v2\/posts\/80878\/revisions"}],"predecessor-version":[{"id":80879,"href":"https:\/\/www.faresin.com\/es\/wp-json\/wp\/v2\/posts\/80878\/revisions\/80879"}],"wp:attachment":[{"href":"https:\/\/www.faresin.com\/es\/wp-json\/wp\/v2\/media?parent=80878"}],"wp:term":[{"taxonomy":"category","embeddable":true,"href":"https:\/\/www.faresin.com\/es\/wp-json\/wp\/v2\/categories?post=80878"},{"taxonomy":"post_tag","embeddable":true,"href":"https:\/\/www.faresin.com\/es\/wp-json\/wp\/v2\/tags?post=80878"}],"curies":[{"name":"wp","href":"https:\/\/api.w.org\/{rel}","templated":true}]}}