{"id":83897,"date":"2025-11-13T12:07:32","date_gmt":"2025-11-13T11:07:32","guid":{"rendered":"https:\/\/www.faresin.com\/news\/faresin-deutschland-celebra-20-anos-en-agritechnica-2025-un-hito-que-habla-de-crecimiento-proximidad-al-cliente-y-vision-internacional\/"},"modified":"2025-11-13T12:09:19","modified_gmt":"2025-11-13T11:09:19","slug":"faresin-deutschland-celebra-20-anos-en-agritechnica-2025-un-hito-que-habla-de-crecimiento-proximidad-al-cliente-y-vision-internacional","status":"publish","type":"post","link":"https:\/\/www.faresin.com\/es\/news\/faresin-deutschland-celebra-20-anos-en-agritechnica-2025-un-hito-que-habla-de-crecimiento-proximidad-al-cliente-y-vision-internacional\/","title":{"rendered":"Faresin Deutschland celebra 20 a\u00f1os: en Agritechnica 2025 un hito que habla de crecimiento, proximidad al cliente y visi\u00f3n internacional"},"content":{"rendered":"\n<p><strong>Breganze (Italia) &#8211; Noviembre de 2025<\/strong> &#8211; En Agritechnica 2025, adem\u00e1s de los debuts tecnol\u00f3gicos y las novedades de producto, Faresin celebra un hito especial: el <strong>20 aniversario de Faresin Deutschland<\/strong>, la primera filial directa del grupo en Alemania.<br\/>Un aniversario que representa no s\u00f3lo un cap\u00edtulo importante en la historia de la empresa, sino tambi\u00e9n la confirmaci\u00f3n de un camino de crecimiento compartido, presencia capilar y fuerte colaboraci\u00f3n con ganaderos, distribuidores y socios alemanes.<\/p>\n\n<p>Durante la feria, todas las m\u00e1quinas expuestas en el stand se adornaron con una <strong>roseta conmemorativa<\/strong>, s\u00edmbolo de la gratitud de Faresin al mercado alem\u00e1n y del v\u00ednculo creado a lo largo de dos d\u00e9cadas.<\/p>\n\n<hr class=\"wp-block-separator has-alpha-channel-opacity\"\/>\n\n<h2 class=\"wp-block-heading\"><strong>Una filial creada para estar cerca de los agricultores alemanes<\/strong><\/h2>\n\n<p>Fundada <strong>en 2005 en Steinach bei Rothenburg ob der Tauber<\/strong>, Faresin Deutschland se cre\u00f3 con un objetivo claro:<br\/><strong>ofrecer a los clientes alemanes un punto de contacto directo para el apoyo comercial, t\u00e9cnico y log\u00edstico<\/strong>, garantizando un servicio acorde con los elevados est\u00e1ndares del mercado alem\u00e1n.<\/p>\n\n<p>Gracias a esta presencia local, Faresin pudo:<\/p>\n\n<ul class=\"wp-block-list\">\n<li>comprender con precisi\u00f3n las necesidades de los agricultores de Baviera, Baden-Wurtemberg y las regiones vecinas<\/li>\n\n\n\n<li>adaptar las m\u00e1quinas a las condiciones de funcionamiento t\u00edpicas de las empresas alemanas<\/li>\n\n\n\n<li>crear un servicio de piezas de recambio y una red de apoyo r\u00e1pidos y eficaces<\/li>\n\n\n\n<li>crear relaciones s\u00f3lidas y duraderas con distribuidores y socios estrat\u00e9gicos<\/li>\n<\/ul>\n\n<hr class=\"wp-block-separator has-alpha-channel-opacity\"\/>\n\n<h2 class=\"wp-block-heading\"><strong>Crecimiento constante y estructura cada vez m\u00e1s organizada<\/strong><\/h2>\n\n<p>A lo largo de los a\u00f1os, la sucursal alemana ha experimentado un importante crecimiento, convirti\u00e9ndose en una referencia para:<\/p>\n\n<ul class=\"wp-block-list\">\n<li><strong>CARROS MEZCLADORES AUTOPROPULSADOS Y ARRASTRADOS<\/strong><\/li>\n\n\n\n<li>Tecnolog\u00edas de alimentaci\u00f3n de precisi\u00f3n<\/li>\n\n\n\n<li>manipuladores telesc\u00f3picos para uso agr\u00edcola e industrial<\/li>\n\n\n\n<li>Soluciones Full Electric para empresas preocupadas por la sostenibilidad<\/li>\n<\/ul>\n\n<p>La estrategia de expansi\u00f3n internacional del grupo condujo entonces a la creaci\u00f3n de una segunda filial, <strong>Faresin Deutschland Nord<\/strong>, que ahora se est\u00e1 reorganizando para garantizar una presencia a\u00fan m\u00e1s amplia en toda Alemania.<\/p>\n\n<hr class=\"wp-block-separator has-alpha-channel-opacity\"\/>\n\n<h2 class=\"wp-block-heading\"><strong>Un aniversario con un sabor especial<\/strong><\/h2>\n\n<p>El 2025 aniversario tambi\u00e9n tiene un valor emocional: Faresin recuerda la figura de <strong>Walter Schirmer<\/strong>, uno de los art\u00edfices de la creaci\u00f3n de la filial, fallecido prematuramente en mayo de este a\u00f1o.<br\/>Su visi\u00f3n, compromiso y dedicaci\u00f3n desempe\u00f1aron un papel fundamental en el desarrollo de Faresin en Alemania.<\/p>\n\n<p>Hoy, la sucursal est\u00e1 dirigida por <strong>Martin Kn\u00e4ulein<\/strong>, que ha estado all\u00ed desde el primer d\u00eda y es un punto de referencia hist\u00f3rico para clientes y distribuidores, un s\u00edmbolo de la continuidad y profesionalidad que caracterizaron estos primeros 20 a\u00f1os.<\/p>\n\n<hr class=\"wp-block-separator has-alpha-channel-opacity\"\/>\n\n<h2 class=\"wp-block-heading\"><strong>Un futuro de colaboraci\u00f3n e innovaci\u00f3n<\/strong><\/h2>\n\n<p>El aniversario celebrado en Agritechnica no representa un hito, sino un nuevo punto de partida.<br\/>Faresin pretende seguir reforzando su presencia en Alemania invirtiendo en:<\/p>\n\n<ul class=\"wp-block-list\">\n<li>Innovaciones Full Electric<\/li>\n\n\n\n<li>Tecnolog\u00edas inteligentes de alimentaci\u00f3n para la gesti\u00f3n de datos del establo<\/li>\n\n\n\n<li>formaci\u00f3n t\u00e9cnica y demostraciones inmediatas sobre el terreno<\/li>\n\n\n\n<li>un servicio posventa a\u00fan m\u00e1s r\u00e1pido y cercano al cliente<\/li>\n<\/ul>\n\n<p>Alemania sigue siendo uno de los mercados m\u00e1s estrat\u00e9gicos para el grupo, y la historia de Faresin Deutschland demuestra c\u00f3mo la proximidad al cliente, la escucha y la calidad del servicio son decisivas para construir relaciones s\u00f3lidas y duraderas.<\/p>\n","protected":false},"excerpt":{"rendered":"<p>Breganze (Italia) &#8211; Noviembre de 2025 &#8211; En Agritechnica 2025, adem\u00e1s de los debuts tecnol\u00f3gicos y las novedades de producto, Faresin celebra un hito especial: el 20 aniversario de Faresin Deutschland, la primera filial directa del grupo en Alemania.Un aniversario que representa no s\u00f3lo un cap\u00edtulo importante en la historia de la empresa, sino tambi\u00e9n [&hellip;]<\/p>\n","protected":false},"author":1,"featured_media":0,"comment_status":"closed","ping_status":"closed","sticky":false,"template":"","format":"standard","meta":{"_acf_changed":false,"footnotes":""},"categories":[340,258],"tags":[],"class_list":["post-83897","post","type-post","status-publish","format-standard","hentry","category-ferias","category-comunicados-de-prensa"],"acf":[],"_links":{"self":[{"href":"https:\/\/www.faresin.com\/es\/wp-json\/wp\/v2\/posts\/83897","targetHints":{"allow":["GET"]}}],"collection":[{"href":"https:\/\/www.faresin.com\/es\/wp-json\/wp\/v2\/posts"}],"about":[{"href":"https:\/\/www.faresin.com\/es\/wp-json\/wp\/v2\/types\/post"}],"author":[{"embeddable":true,"href":"https:\/\/www.faresin.com\/es\/wp-json\/wp\/v2\/users\/1"}],"replies":[{"embeddable":true,"href":"https:\/\/www.faresin.com\/es\/wp-json\/wp\/v2\/comments?post=83897"}],"version-history":[{"count":1,"href":"https:\/\/www.faresin.com\/es\/wp-json\/wp\/v2\/posts\/83897\/revisions"}],"predecessor-version":[{"id":83898,"href":"https:\/\/www.faresin.com\/es\/wp-json\/wp\/v2\/posts\/83897\/revisions\/83898"}],"wp:attachment":[{"href":"https:\/\/www.faresin.com\/es\/wp-json\/wp\/v2\/media?parent=83897"}],"wp:term":[{"taxonomy":"category","embeddable":true,"href":"https:\/\/www.faresin.com\/es\/wp-json\/wp\/v2\/categories?post=83897"},{"taxonomy":"post_tag","embeddable":true,"href":"https:\/\/www.faresin.com\/es\/wp-json\/wp\/v2\/tags?post=83897"}],"curies":[{"name":"wp","href":"https:\/\/api.w.org\/{rel}","templated":true}]}}