{"id":66375,"date":"2021-11-01T17:36:00","date_gmt":"2021-11-01T16:36:00","guid":{"rendered":"https:\/\/www.faresin.com\/news\/fs-7-32-compact-le-premier-modele-de-la-nouvelle-generation-de-chariots-telescopiques-faresin\/"},"modified":"2023-02-22T08:47:31","modified_gmt":"2023-02-22T07:47:31","slug":"fs-7-32-compact-le-premier-modele-de-la-nouvelle-generation-de-chariots-telescopiques-faresin","status":"publish","type":"post","link":"https:\/\/www.faresin.com\/fr\/news\/fs-7-32-compact-le-premier-modele-de-la-nouvelle-generation-de-chariots-telescopiques-faresin\/","title":{"rendered":"FS 7.32 COMPACT, LE PREMIER MOD\u00c8LE DE LA NOUVELLE G\u00c9N\u00c9RATION DE CHARIOTS T\u00c9LESCOPIQUES FARESIN"},"content":{"rendered":"\n<p>L&rsquo;entreprise de V\u00e9n\u00e9tie a pr\u00e9sent\u00e9 aujourd&rsquo;hui en avant-premi\u00e8re le FS 7.32 Compact, le premier de la nouvelle gamme FS de t\u00e9lescopiques Faresin Industries.  <\/p>\n\n<p>Faresin a choisi de le faire avec une \u00e9mission en mode \u00ab\u00a0Closed Room\u00a0\u00bb, transmise depuis un hangar de l&rsquo;usine de Breganze. Un flux vid\u00e9o en direct, minimaliste mais de haute technologie, enti\u00e8rement ax\u00e9 sur le contenu technique et fonctionnel du nouveau produit.  <\/p>\n\n<p>Une histoire \u00e0 plusieurs voix qui mettait en sc\u00e8ne l&rsquo;\u00e9quipe du projet FS dirig\u00e9e par le pr\u00e9sident Sante Faresin et ses filles Silvia et Giulia, respectivement vice-pr\u00e9sidente et directrice des op\u00e9rations de Faresin Industries.<\/p>\n\n<p>Un v\u00e9ritable changement de paradigme tourn\u00e9 vers l&rsquo;avenir, car la gamme a \u00e9t\u00e9 cr\u00e9\u00e9e en pr\u00e9vision de l&rsquo;\u00e9volution de la technologie de l'\u00a0\u00bbInternet des objets\u00a0\u00bb, qui devient de plus en plus strat\u00e9gique pour la gestion des flottes et pour l&rsquo;interaction entre les machines et les dispositifs dans les exploitations agricoles et sur les chantiers.<\/p>\n\n<p>Le FS 7.32 Compact a \u00e9t\u00e9 con\u00e7u de A \u00e0 Z pour r\u00e9pondre pr\u00e9cis\u00e9ment \u00e0 l&rsquo;\u00e9volution de la demande et \u00e0 la sensibilisation croissante \u00e0 l&rsquo;environnement dans tous les secteurs. Une v\u00e9ritable r\u00e9ponse \u00ab\u00a0syst\u00e9mique\u00a0\u00bb qui place le FS 7.32 Compact au sommet de son segment car elle touche toutes les fonctions principales de la machine et place l&rsquo;op\u00e9rateur au centre, le lien entre la machine, sa gestion et le contr\u00f4le fonctionnel et de service.<\/p>\n\n<p>Le projet FS 7.32 Compact est le r\u00e9sultat de 20 ans d&rsquo;exp\u00e9rience dans le secteur des t\u00e9lescopiques et s&rsquo;appuie sur un syst\u00e8me industriel o\u00f9 la recherche et le d\u00e9veloppement, la production et le marketing-vente travaillent dans un seul processus int\u00e9gr\u00e9 qui place le client au centre de tout.  <\/p>\n\n<p>Tous les composants structurels de la nouvelle machine, y compris le logiciel sophistiqu\u00e9 qui g\u00e8re les capteurs int\u00e9gr\u00e9s, ont en fait \u00e9t\u00e9 con\u00e7us, test\u00e9s et fabriqu\u00e9s dans l&rsquo;usine de Breganze.  <\/p>\n\n<p>Une technologie fabriqu\u00e9e \u00e0 Faresin qui r\u00e9volutionne le secteur et qui a d\u00e9j\u00e0 attir\u00e9 l&rsquo;attention du monde entier avec l&rsquo;introduction du premier ascenseur enti\u00e8rement \u00e9lectrique au monde.<\/p>\n\n<p>Le nouveau FS 7.32 Compact sera pr\u00e9sent\u00e9 au grand public \u00e0 l&rsquo;Eima International de Bologne, o\u00f9 les visiteurs pourront d\u00e9couvrir de pr\u00e8s ce bijou technologique.  <\/p>\n\n<p><a href=\"https:\/\/www.faresin.com\/wp-content\/uploads\/IT-Press-Release-Faresin-FS-7.32-Compact-Preview-.docx\">T\u00e9l\u00e9charger le communiqu\u00e9 de presse complet  &gt;&gt;<\/a><\/p>\n","protected":false},"excerpt":{"rendered":"<p>L&rsquo;entreprise de V\u00e9n\u00e9tie a pr\u00e9sent\u00e9 aujourd&rsquo;hui en avant-premi\u00e8re le FS 7.32 Compact, le premier de la nouvelle gamme FS de t\u00e9lescopiques Faresin Industries. Faresin a choisi de le faire avec une \u00e9mission en mode \u00ab\u00a0Closed Room\u00a0\u00bb, transmise depuis un hangar de l&rsquo;usine de Breganze. Un flux vid\u00e9o en direct, minimaliste mais de haute technologie, enti\u00e8rement [&hellip;]<\/p>\n","protected":false},"author":333,"featured_media":17583,"comment_status":"closed","ping_status":"closed","sticky":false,"template":"","format":"standard","meta":{"_acf_changed":false,"footnotes":""},"categories":[349,259],"tags":[585,543,567],"class_list":["post-66375","post","type-post","status-publish","format-standard","has-post-thumbnail","hentry","category-chariots-telescopiques","category-communiques-de-presse","tag-chariots-telescopiques","tag-next-generation-fr","tag-serie-fs-fr"],"acf":[],"_links":{"self":[{"href":"https:\/\/www.faresin.com\/fr\/wp-json\/wp\/v2\/posts\/66375","targetHints":{"allow":["GET"]}}],"collection":[{"href":"https:\/\/www.faresin.com\/fr\/wp-json\/wp\/v2\/posts"}],"about":[{"href":"https:\/\/www.faresin.com\/fr\/wp-json\/wp\/v2\/types\/post"}],"author":[{"embeddable":true,"href":"https:\/\/www.faresin.com\/fr\/wp-json\/wp\/v2\/users\/333"}],"replies":[{"embeddable":true,"href":"https:\/\/www.faresin.com\/fr\/wp-json\/wp\/v2\/comments?post=66375"}],"version-history":[{"count":0,"href":"https:\/\/www.faresin.com\/fr\/wp-json\/wp\/v2\/posts\/66375\/revisions"}],"wp:featuredmedia":[{"embeddable":true,"href":"https:\/\/www.faresin.com\/fr\/wp-json\/wp\/v2\/media\/17583"}],"wp:attachment":[{"href":"https:\/\/www.faresin.com\/fr\/wp-json\/wp\/v2\/media?parent=66375"}],"wp:term":[{"taxonomy":"category","embeddable":true,"href":"https:\/\/www.faresin.com\/fr\/wp-json\/wp\/v2\/categories?post=66375"},{"taxonomy":"post_tag","embeddable":true,"href":"https:\/\/www.faresin.com\/fr\/wp-json\/wp\/v2\/tags?post=66375"}],"curies":[{"name":"wp","href":"https:\/\/api.w.org\/{rel}","templated":true}]}}