{"id":66381,"date":"2021-10-30T17:34:00","date_gmt":"2021-10-30T15:34:00","guid":{"rendered":"https:\/\/www.faresin.com\/news\/les-faresin-industries-changent-de-rythme\/"},"modified":"2023-02-22T08:47:31","modified_gmt":"2023-02-22T07:47:31","slug":"les-faresin-industries-changent-de-rythme","status":"publish","type":"post","link":"https:\/\/www.faresin.com\/fr\/news\/les-faresin-industries-changent-de-rythme\/","title":{"rendered":"LES FARESIN INDUSTRIES CHANGENT DE RYTHME"},"content":{"rendered":"\n<p>La pr\u00e9sence de Faresin Industries \u00e0 Eima international 2021 confirme le changement de rythme que l&rsquo;industrie de Vicenza a adopt\u00e9 et qui est le r\u00e9sultat de choix d&rsquo;affaires et de d\u00e9cisions industrielles faits bien avant l&rsquo;\u00e9v\u00e9nement pand\u00e9mique et qui deviennent maintenant tangiblement appr\u00e9ciables.<\/p>\n\n<p>Une s\u00e9rie d&rsquo;activit\u00e9s impliquant les trois actifs de production de l&rsquo;entreprise. La toute r\u00e9cente pr\u00e9sentation de la nouvelle gamme de t\u00e9lescopiques, exclusivement au r\u00e9seau de distribution et \u00e0 la presse, a anticip\u00e9 certains des contenus pr\u00e9sent\u00e9s lors de l&rsquo;\u00e9v\u00e9nement international. En effet, les visiteurs de l&rsquo;Eima pourront voir sur le stand Faresin, situ\u00e9 dans le Hall 36 &#8211; stand B\/10, une avant-premi\u00e8re mondiale du mod\u00e8le FS 7.32 dans la version surbaiss\u00e9e &lsquo;LC&rsquo; (Low Cab) et dans la version standard, en tant que g\u00e9niteur de la gamme FS. Un produit technologiquement innovant, au design fonctionnel et attrayant, qui augmente consid\u00e9rablement la visibilit\u00e9 et la s\u00e9curit\u00e9 d&rsquo;utilisation, avec des performances au sommet de sa cat\u00e9gorie et une pr\u00e9disposition aux technologies de demain.  <\/p>\n\n<p>Le t\u00e9lescopique 6.26 Full Electric, qui a \u00e9t\u00e9 pr\u00e9sent\u00e9 en premi\u00e8re mondiale lors de l&rsquo;\u00e9dition 2018 de cet \u00e9v\u00e9nement, \u00e9tait \u00e9galement expos\u00e9. Un retour en tant que leader pour ce t\u00e9lescopique, \u00e9tant donn\u00e9 que depuis son lancement, il a commenc\u00e9 \u00e0 conqu\u00e9rir des niches de march\u00e9 inexplor\u00e9es, attentif aux performances que cette machine innovante est en mesure de garantir, qui peuvent \u00eatre r\u00e9sum\u00e9es comme suit : Z\u00e9ro bruit, Z\u00e9ro \u00e9mission, Z\u00e9ro compromis. Le mod\u00e8le expos\u00e9 b\u00e9n\u00e9ficie \u00e9galement de quelques am\u00e9liorations importantes qui renforcent ses performances op\u00e9rationnelles.<\/p>\n\n<p>Les wagons-malaxeurs, qui constituent depuis toujours l&rsquo;atout strat\u00e9gique de Faresin Industries, sont pr\u00e9sents sur le stand avec quelques solutions repr\u00e9sentatives \u00ab\u00a0full optional\u00a0\u00bb qui rassemblent la technologie et les connaissances acquises par la soci\u00e9t\u00e9 gr\u00e2ce \u00e0 plus de quarante ans d&rsquo;exp\u00e9rience, aux relations de collaboration avec des instituts universitaires et aux connaissances d\u00e9velopp\u00e9es en interne. Faresin Industries est, sans crainte d&rsquo;\u00eatre contredite, aujourd&rsquo;hui l&rsquo;entreprise qui con\u00e7oit, construit et commercialise des wagons m\u00e9langeurs dot\u00e9s des solutions les plus sophistiqu\u00e9es qui am\u00e9liorent de fa\u00e7on mesurable la productivit\u00e9 et le bien-\u00eatre des animaux nourris. De nombreuses introductions \u00ab\u00a0intelligentes\u00a0\u00bb importantes sont attendues dans les mois \u00e0 venir.<\/p>\n\n<p>Sante Faresin, Pr\u00e9sident de Faresin Industries, commente le changement de rythme de la soci\u00e9t\u00e9 : \u00ab\u00a0Ces derni\u00e8res ann\u00e9es ont \u00e9t\u00e9 importantes pour Faresin Industries car nous avons pu confirmer la tendance constante de croissance consolid\u00e9e de la soci\u00e9t\u00e9 et de ses activit\u00e9s. Ce r\u00e9sultat est d&rsquo;autant plus significatif qu&rsquo;il a \u00e9t\u00e9 obtenu dans une p\u00e9riode difficile pour le monde et pour l&rsquo;industrie, ce qui souligne que c&rsquo;est le r\u00e9sultat de la croissance structurelle de la marque Faresin en termes d&rsquo;innovation, d&rsquo;excellence industrielle et de pr\u00e9sence sur le march\u00e9\u00a0\u00bb.  <\/p>\n\n<p>Le d\u00e9veloppement de Faresin Industries \u00ab\u00a0, rappelle Silvia Faresin, vice-pr\u00e9sidente, \u00ab\u00a0est un processus int\u00e9gr\u00e9 d&rsquo;innovation technologique \u00ab\u00a0made in Faresin\u00a0\u00bb et centr\u00e9 sur le client, caract\u00e9ris\u00e9 par le partage des objectifs et par une prise de d\u00e9cision rapide et flexible.<\/p>\n\n<p>Les engagements pris sont \u00e9galement importants dans ce changement de rythme : dans le plan de d\u00e9veloppement industriel, des investissements suppl\u00e9mentaires de 50 millions d&rsquo;euros dans la R&amp;D et les processus industriels seront ajout\u00e9s au cours des huit prochaines ann\u00e9es dans le but de doubler la production en mettant l&rsquo;accent sur un produit de plus en plus \u00e9co-durable. La pr\u00e9sentation des nouveaux produits attendus dans les prochains mois en sera la d\u00e9monstration la plus claire.  <\/p>\n\n<p>Sante Faresin rappelle : \u00ab\u00a0Nous sommes convaincus que, dans un environnement en constante \u00e9volution, le savoir-faire est un v\u00e9ritable atout strat\u00e9gique. Gr\u00e2ce \u00e0 la croissance constante des comp\u00e9tences, nous d\u00e9veloppons en effet en interne de nouvelles technologies et de nouveaux processus industriels qui, en plus de produire des b\u00e9n\u00e9fices, nous permettent d&rsquo;orienter l&rsquo;avenir de l&rsquo;entreprise\u00a0\u00bb.<\/p>\n","protected":false},"excerpt":{"rendered":"<p>La pr\u00e9sence de Faresin Industries \u00e0 Eima international 2021 confirme le changement de rythme que l&rsquo;industrie de Vicenza a adopt\u00e9 et qui est le r\u00e9sultat de choix d&rsquo;affaires et de d\u00e9cisions industrielles faits bien avant l&rsquo;\u00e9v\u00e9nement pand\u00e9mique et qui deviennent maintenant tangiblement appr\u00e9ciables. Une s\u00e9rie d&rsquo;activit\u00e9s impliquant les trois actifs de production de l&rsquo;entreprise. La [&hellip;]<\/p>\n","protected":false},"author":333,"featured_media":17576,"comment_status":"closed","ping_status":"closed","sticky":false,"template":"","format":"standard","meta":{"_acf_changed":false,"footnotes":""},"categories":[259,337],"tags":[585,463],"class_list":["post-66381","post","type-post","status-publish","format-standard","has-post-thumbnail","hentry","category-communiques-de-presse","category-foires","tag-chariots-telescopiques","tag-eima-fr"],"acf":[],"_links":{"self":[{"href":"https:\/\/www.faresin.com\/fr\/wp-json\/wp\/v2\/posts\/66381","targetHints":{"allow":["GET"]}}],"collection":[{"href":"https:\/\/www.faresin.com\/fr\/wp-json\/wp\/v2\/posts"}],"about":[{"href":"https:\/\/www.faresin.com\/fr\/wp-json\/wp\/v2\/types\/post"}],"author":[{"embeddable":true,"href":"https:\/\/www.faresin.com\/fr\/wp-json\/wp\/v2\/users\/333"}],"replies":[{"embeddable":true,"href":"https:\/\/www.faresin.com\/fr\/wp-json\/wp\/v2\/comments?post=66381"}],"version-history":[{"count":0,"href":"https:\/\/www.faresin.com\/fr\/wp-json\/wp\/v2\/posts\/66381\/revisions"}],"wp:featuredmedia":[{"embeddable":true,"href":"https:\/\/www.faresin.com\/fr\/wp-json\/wp\/v2\/media\/17576"}],"wp:attachment":[{"href":"https:\/\/www.faresin.com\/fr\/wp-json\/wp\/v2\/media?parent=66381"}],"wp:term":[{"taxonomy":"category","embeddable":true,"href":"https:\/\/www.faresin.com\/fr\/wp-json\/wp\/v2\/categories?post=66381"},{"taxonomy":"post_tag","embeddable":true,"href":"https:\/\/www.faresin.com\/fr\/wp-json\/wp\/v2\/tags?post=66381"}],"curies":[{"name":"wp","href":"https:\/\/api.w.org\/{rel}","templated":true}]}}