{"id":66440,"date":"2022-06-22T18:00:00","date_gmt":"2022-06-22T16:00:00","guid":{"rendered":"https:\/\/www.faresin.com\/news\/rapport-annuel-20-21-une-croissance-importante-dans-une-annee-complexe\/"},"modified":"2023-02-22T08:47:30","modified_gmt":"2023-02-22T07:47:30","slug":"rapport-annuel-20-21-une-croissance-importante-dans-une-annee-complexe","status":"publish","type":"post","link":"https:\/\/www.faresin.com\/fr\/news\/rapport-annuel-20-21-une-croissance-importante-dans-une-annee-complexe\/","title":{"rendered":"RAPPORT ANNUEL 20 21 : UNE CROISSANCE IMPORTANTE DANS UNE ANN\u00c9E COMPLEXE"},"content":{"rendered":"\n<p>  Aujourd&rsquo;hui, mercredi 22 juin 2022, Faresin Industries a pr\u00e9sent\u00e9 son rapport annuel 2021 \u00e0 la communaut\u00e9 financi\u00e8re lors de sa traditionnelle r\u00e9union annuelle dans la salle d&rsquo;honneur de Palazzo Bonin Longare, le si\u00e8ge de Confindustria Vicenza.  <\/p>\n\n<p>\u00a0\u00bb Nous sommes tr\u00e8s satisfaits de notre 2021 car nous avons pu confirmer la tendance de d\u00e9veloppement et de croissance de ces derni\u00e8res ann\u00e9es avec +17,9% sur le chiffre d&rsquo;affaires et +27,6% sur l&rsquo;Ebitda. Le b\u00e9n\u00e9fice net est \u00e9galement en hausse et marque une augmentation de +12,2% par rapport \u00e0 2020. &#8211; commente Sante Faresin, Pr\u00e9sident de Faresin Industries &#8211; \u00ab\u00a0Un r\u00e9sultat particuli\u00e8rement important parce qu&rsquo;il a \u00e9t\u00e9 obtenu dans une ann\u00e9e encore plus difficile que 2020, en raison de la concomitance de plusieurs probl\u00e8mes structurels qui ont mis en crise la cha\u00eene d&rsquo;approvisionnement et rendu fluide et impr\u00e9visible le contexte \u00e9conomique dans lequel nous op\u00e9rons.\u00a0\u00bb  <\/p>\n\n<p>Ces r\u00e9sultats positifs sont le fruit de la capacit\u00e9 de Faresin Industries \u00e0 prendre des d\u00e9cisions rapidement et de mani\u00e8re analytique. Gr\u00e2ce \u00e0 sa compacit\u00e9 et \u00e0 sa flexibilit\u00e9, l&rsquo;entreprise est dans une situation id\u00e9ale pour faire face \u00e0 la conjoncture \u00e9conomique, gr\u00e2ce \u00e0 une vision industrielle bas\u00e9e sur trois piliers : DESIGN, INNOVATION et DURABILIT\u00c9.  <\/p>\n\n<p>En raison de la forte demande de machines au niveau mondial, Faresin a enregistr\u00e9 +18,2% en termes d&rsquo;unit\u00e9s vendues, par rapport \u00e0 2020. Un r\u00e9sultat obtenu gr\u00e2ce \u00e0 la qualit\u00e9 du produit et \u00e0 l&rsquo;expansion du r\u00e9seau de vente o\u00f9 deux nouvelles succursales ont \u00e9t\u00e9 ouvertes dans des r\u00e9gions strat\u00e9giques pour l&rsquo;agriculture europ\u00e9enne : l&rsquo;une en Allemagne en Basse-Saxe, l&rsquo;autre en France en Normandie.  <\/p>\n\n<p>Au cours de l&rsquo;exercice \u00e9coul\u00e9, Faresin Industries a commenc\u00e9 \u00e0 r\u00e9colter les premiers fruits des importants investissements industriels et des travaux d&rsquo;int\u00e9gration inter-fonctionnels qui ont caract\u00e9ris\u00e9 les deux ann\u00e9es pr\u00e9c\u00e9dentes. Le lancement international du nouveau FS 7.32 Compact, le premier de la nouvelle g\u00e9n\u00e9ration de t\u00e9lescopiques Faresin, a \u00e9t\u00e9 un v\u00e9ritable cas d&rsquo;\u00e9cole \u00e0 cet \u00e9gard, car il a impliqu\u00e9 toute l&rsquo;entreprise dans un effort int\u00e9gr\u00e9.  <\/p>\n\n<p>Parall\u00e8lement au d\u00e9veloppement technologique, une grande importance a \u00e9t\u00e9 accord\u00e9e \u00e0 l&rsquo;optimisation des flux et \u00e0 la num\u00e9risation des processus industriels, en mettant toujours l&rsquo;accent sur l&rsquo;accroissement des comp\u00e9tences et la motivation des ressources. C&rsquo;est dans cette optique qu&rsquo;a \u00e9t\u00e9 cr\u00e9\u00e9e, fin 2021, la Faresin Academy, qui s&rsquo;adresse non seulement aux employ\u00e9s, mais \u00e0 l&rsquo;ensemble du \u00ab\u00a0monde\u00a0\u00bb Faresin: concessionnaires, partenaires internationaux, fournisseurs et clients finaux.  <\/p>\n\n<p>En r\u00e9sum\u00e9, Faresin Industries a d\u00e9montr\u00e9 sa capacit\u00e9 \u00e0 tirer le meilleur parti des opportunit\u00e9s que la situation \u00e9conomique offre, malgr\u00e9 les difficult\u00e9s objectives. En effet, la v\u00e9ritable force de Faresin est d&rsquo;avoir un plan pour l&rsquo;avenir et d&rsquo;y croire fermement.  <\/p>\n","protected":false},"excerpt":{"rendered":"<p>Aujourd&rsquo;hui, mercredi 22 juin 2022, Faresin Industries a pr\u00e9sent\u00e9 son rapport annuel 2021 \u00e0 la communaut\u00e9 financi\u00e8re lors de sa traditionnelle r\u00e9union annuelle dans la salle d&rsquo;honneur de Palazzo Bonin Longare, le si\u00e8ge de Confindustria Vicenza. \u00a0\u00bb Nous sommes tr\u00e8s satisfaits de notre 2021 car nous avons pu confirmer la tendance de d\u00e9veloppement et de [&hellip;]<\/p>\n","protected":false},"author":333,"featured_media":55614,"comment_status":"closed","ping_status":"closed","sticky":false,"template":"","format":"standard","meta":{"_acf_changed":false,"footnotes":""},"categories":[259,331],"tags":[373,385,415],"class_list":["post-66440","post","type-post","status-publish","format-standard","has-post-thumbnail","hentry","category-communiques-de-presse","category-corporate-fr","tag-2021-fr","tag-annual-report-fr","tag-budget-fr"],"acf":[],"_links":{"self":[{"href":"https:\/\/www.faresin.com\/fr\/wp-json\/wp\/v2\/posts\/66440","targetHints":{"allow":["GET"]}}],"collection":[{"href":"https:\/\/www.faresin.com\/fr\/wp-json\/wp\/v2\/posts"}],"about":[{"href":"https:\/\/www.faresin.com\/fr\/wp-json\/wp\/v2\/types\/post"}],"author":[{"embeddable":true,"href":"https:\/\/www.faresin.com\/fr\/wp-json\/wp\/v2\/users\/333"}],"replies":[{"embeddable":true,"href":"https:\/\/www.faresin.com\/fr\/wp-json\/wp\/v2\/comments?post=66440"}],"version-history":[{"count":0,"href":"https:\/\/www.faresin.com\/fr\/wp-json\/wp\/v2\/posts\/66440\/revisions"}],"wp:featuredmedia":[{"embeddable":true,"href":"https:\/\/www.faresin.com\/fr\/wp-json\/wp\/v2\/media\/55614"}],"wp:attachment":[{"href":"https:\/\/www.faresin.com\/fr\/wp-json\/wp\/v2\/media?parent=66440"}],"wp:term":[{"taxonomy":"category","embeddable":true,"href":"https:\/\/www.faresin.com\/fr\/wp-json\/wp\/v2\/categories?post=66440"},{"taxonomy":"post_tag","embeddable":true,"href":"https:\/\/www.faresin.com\/fr\/wp-json\/wp\/v2\/tags?post=66440"}],"curies":[{"name":"wp","href":"https:\/\/api.w.org\/{rel}","templated":true}]}}