{"id":66458,"date":"2022-11-25T15:42:44","date_gmt":"2022-11-25T14:42:44","guid":{"rendered":"https:\/\/www.faresin.com\/news\/faresin-industries-a-eima-2022-une-technologie-intelligente-au-service-de-lagriculteur\/"},"modified":"2023-02-22T08:47:30","modified_gmt":"2023-02-22T07:47:30","slug":"faresin-industries-a-eima-2022-une-technologie-intelligente-au-service-de-lagriculteur","status":"publish","type":"post","link":"https:\/\/www.faresin.com\/fr\/news\/faresin-industries-a-eima-2022-une-technologie-intelligente-au-service-de-lagriculteur\/","title":{"rendered":"Faresin Industries \u00e0 EIMA 2022 : Une technologie intelligente au service de l&rsquo;agriculteur"},"content":{"rendered":"\t\t<div data-elementor-type=\"wp-post\" data-elementor-id=\"66458\" class=\"elementor elementor-66458 elementor-15085\" data-elementor-post-type=\"post\">\n\t\t\t\t\t\t<section class=\"elementor-section elementor-top-section elementor-element elementor-element-7907064b elementor-section-boxed elementor-section-height-default elementor-section-height-default\" data-id=\"7907064b\" data-element_type=\"section\" data-e-type=\"section\">\n\t\t\t\t\t\t<div class=\"elementor-container elementor-column-gap-default\">\n\t\t\t\t\t<div class=\"elementor-column elementor-col-100 elementor-top-column elementor-element elementor-element-279613d8\" data-id=\"279613d8\" data-element_type=\"column\" data-e-type=\"column\">\n\t\t\t<div class=\"elementor-widget-wrap elementor-element-populated\">\n\t\t\t\t\t\t<div class=\"elementor-element elementor-element-44049a6e elementor-widget elementor-widget-text-editor\" data-id=\"44049a6e\" data-element_type=\"widget\" data-e-type=\"widget\" data-widget_type=\"text-editor.default\">\n\t\t\t\t<div class=\"elementor-widget-container\">\n\t\t\t\t\t\t\t\t\t<p><\/p>\n<p>Faresin Industries participera \u00e0 la prochaine \u00e9dition de l&rsquo;EIMA, en pr\u00e9sentant les derni\u00e8res innovations technologiques appliqu\u00e9es \u00e0 ses lignes de produits : chariots m\u00e9langeurs et t\u00e9lescopiques.<\/p>\n<p><\/p>\n<p><\/p>\n<p>La marque de Vicenza poursuit ainsi la voie de l&rsquo;innovation au service du client qui pr\u00e9voit, pour chaque saison, l&rsquo;introduction de nouveaux mod\u00e8les capables de r\u00e9pondre rapidement \u00e0 l&rsquo;\u00e9volution de la demande.<\/p>\n<p><\/p>\n<p><\/p>\n<p>Les technologies destin\u00e9es \u00e0 rendre le travail des agriculteurs plus intelligent et plus efficace sont con\u00e7ues et fabriqu\u00e9es dans l&rsquo;usine de Breganze dans le but d&rsquo;\u00e9lever constamment la barre des performances et d&rsquo;offrir des solutions de construction de pointe.<\/p>\n<p><\/p>\n<p><\/p>\n<p>Pr\u00e8s de 50 ans d&rsquo;exp\u00e9rience dans le secteur, ainsi qu&rsquo;une recherche avanc\u00e9e, placent Faresin \u00e0 l&rsquo;avant-garde de l&rsquo;innovation zootechnique, permettant \u00e0 ses chariots m\u00e9langeurs et ses t\u00e9lescopiques de s&rsquo;imposer sur le march\u00e9 mondial des machines agricoles pour contribuer non seulement \u00e0 l&rsquo;am\u00e9lioration du bien-\u00eatre des animaux dans les exploitations, mais aussi \u00e0 l&rsquo;optimisation des cycles et des charges de travail des op\u00e9rateurs.<\/p>\n<p><\/p>\n<p><\/p>\n<p>\u00c0 l&rsquo;EIMA, Faresin pr\u00e9sentera deux nouvelles entr\u00e9es :<\/p>\n<p><\/p>\n<p><\/p>\n<ul>\n<li style=\"list-style-type: none;\">\n<ul><\/ul>\n<\/li>\n<\/ul>\n<ul>\n<li style=\"list-style-type: none;\">\n<ul>\n<li><strong>Leader PF<\/strong>, une b\u00e9tonni\u00e8re automotrice \u00e0 trois vis sans fin, a re\u00e7u le<em>\u00ab\u00a0<\/em>Prix<em>EIMA 2022<\/em>\u00a0\u00bb ;<\/li>\n<\/ul>\n<\/li>\n<\/ul>\n<p><\/p>\n<p><\/p>\n<ul>\n<li style=\"list-style-type: none;\">\n<ul>\n<li><strong>FS 9.32<\/strong> Nouveau venu <strong> Compact<\/strong> de la nouvelle g\u00e9n\u00e9ration de t\u00e9lescopiques Faresin, con\u00e7u pour la manutention \u00e0 la ferme.<\/li>\n<\/ul>\n<\/li>\n<\/ul>\n<p><\/p>\n<p><\/p>\n<p><\/p>\n<p>Il n&rsquo;y aura pas de p\u00e9nurie de la <strong>6.26 Full Electric<\/strong>, qui, bien que pr\u00e9sent\u00e9e en premi\u00e8re mondiale lors de l&rsquo;\u00e9dition 2018 de l&rsquo;EIMA, continue d&rsquo;\u00eatre une nouveaut\u00e9 pour tout le secteur, \u00e9galement gr\u00e2ce \u00e0 des mises \u00e0 jour technologiques constantes.<\/p>\n<p><\/p>\n<p><\/p>\n<p><strong><br><\/strong><img decoding=\"async\" width=\"500\" height=\"334\" class=\"wp-image-15088\" style=\"width: 500px;\" src=\"https:\/\/www.faresin.com\/wp-content\/uploads\/DJI_0563.jpg\" alt=\"\" srcset=\"https:\/\/www.faresin.com\/wp-content\/uploads\/DJI_0563.jpg 1000w, https:\/\/www.faresin.com\/wp-content\/uploads\/DJI_0563-300x200.jpg 300w, https:\/\/www.faresin.com\/wp-content\/uploads\/DJI_0563-768x512.jpg 768w, https:\/\/www.faresin.com\/wp-content\/uploads\/DJI_0563-600x400.jpg 600w\" sizes=\"(max-width: 500px) 100vw, 500px\" \/><\/p>\n<p><\/p>\n<p><\/p>\n<p><strong>Nouvelle b\u00e9tonni\u00e8re automotrice LEADER PF: PROFITABILIT\u00c9 MAXIMALE, CONSOMMATION MINIMALE<\/strong><\/p>\n<p><\/p>\n<p><\/p>\n<p>Faresin Industries pr\u00e9sente, en premi\u00e8re mondiale, son nouveau wagon m\u00e9langeur automoteur \u00e0 3 vis sans fin. Une machine con\u00e7ue pour les grands troupeaux &#8211; \u00e0 partir de 1 000 t\u00eates &#8211; qui transforment le secteur mondial de l&rsquo;\u00e9levage.<\/p>\n<p><\/p>\n<p><\/p>\n<p>LEADER PF3 est l&rsquo;\u00e9pitom\u00e9 de la technologie Faresin et introduit des innovations qui am\u00e9liorent substantiellement la rentabilit\u00e9 de l&rsquo;\u00e9table.<\/p>\n<p><\/p>\n<p><\/p>\n<p><strong>Capacit\u00e9 de production extraordinaire.<\/strong> Cylindres des cuves de m\u00e9lange : <strong>30 et 36<sup>m3<\/sup><\/strong>. Syst\u00e8me vertical \u00e0 3 vis sans fin avec une g\u00e9om\u00e9trie d&rsquo;organe de m\u00e9lange qui garantit une parfaite unifeed avec un respect des fibres de qualit\u00e9 Faresin.<\/p>\n<p><\/p>\n<p><\/p>\n<p><strong>Manipulation dans toutes les situations.<\/strong> La machine a \u00e9t\u00e9 con\u00e7ue du point de vue de l&rsquo;agriculteur pour garantir l&rsquo;accessibilit\u00e9 par des passages de hauteur limit\u00e9e malgr\u00e9 sa majestueuse grandeur. I  <strong>3 essieux directeurs<\/strong>avec quatre roues motrices permanentes \u00e0 l&rsquo;avant et \u00e0 l&rsquo;arri\u00e8re, et une direction servo-hydraulique sur tous les essieux sont des \u00e9l\u00e9ments essentiels qui r\u00e9duisent l&rsquo;espace de man\u0153uvre, m\u00eame dans les petites \u00e9curies, et permettent des d\u00e9placements sur route tr\u00e8s confortables.<\/p>\n<p><\/p>\n<p><\/p>\n<p><strong>ECOTRONIC : Optimisation, automatisation, r\u00e9duction de la consommation. <\/strong>En 2017, avec le lancement de la premi\u00e8re s\u00e9rie PF, Faresin a lanc\u00e9 le concept de \u00a0\u00bb laboratoire sur roues \u00a0\u00bb caract\u00e9ris\u00e9 par l&rsquo;int\u00e9gration du Polispec NIR avec la machine pour garantir la qualit\u00e9 de l&rsquo;unifeed.<\/p>\n<p><\/p>\n<p><\/p>\n<p>Avec ECOTRONIC, nous allons encore plus loin, en transformant l&rsquo;usinage en un processus industriel v\u00e9ritablement automatis\u00e9. Ce nouveau syst\u00e8me interconnecte tous les dispositifs de la machine et permet, \u00e0 partir de la recette, de programmer toutes ses activit\u00e9s en fonction des mati\u00e8res premi\u00e8res qui sont charg\u00e9es progressivement.&nbsp; Un processus qui assure, gr\u00e2ce \u00e0 des param\u00e8tres stricts, une gestion optimale de tous les \u00e9quipements de chargement, de coupe et de m\u00e9lange pour pr\u00e9parer la meilleure qualit\u00e9 possible d&rsquo;unifeed.<\/p>\n<p><\/p>\n<p><\/p>\n<p>ECOTRONIC, gr\u00e2ce \u00e0 l&rsquo;automatisation, optimise \u00e9galement l&rsquo;utilisation de l&rsquo;\u00e9nergie, en la dosant en fonction des besoins de chaque op\u00e9ration du processus. Cela permet de <strong>r\u00e9duire la consommation<\/strong> et de cr\u00e9er une durabilit\u00e9 structurelle.&nbsp;<\/p>\n<p><\/p>\n<p><\/p>\n<p>L&rsquo;optimisation des ressources s&rsquo;\u00e9tend \u00e9galement au travail de l&rsquo;op\u00e9rateur qui, gr\u00e2ce \u00e0 la simplification, devient un \u00ab\u00a0conducteur de syst\u00e8me\u00a0\u00bb sans avoir besoin de comp\u00e9tences professionnelles particuli\u00e8res.<\/p>\n<p><\/p>\n<p><\/p>\n<p>Gr\u00e2ce \u00e0 l&rsquo;automatisation intelligente des processus, LEADER PF, le produit phare de la gamme Faresin, ouvre une nouvelle voie pour la croissance des troupeaux en termes de qualit\u00e9 et de rentabilit\u00e9.<\/p>\n<p><\/p>\n<p><\/p>\n<p>C&rsquo;est pr\u00e9cis\u00e9ment en raison de ces caract\u00e9ristiques tr\u00e8s innovantes que le Leader PFa <strong>re\u00e7u le prix \u00ab\u00a0<em>EIMA 2022 Commendation<\/em>\u00ab\u00a0<\/strong>.<\/p>\n<p><\/p>\n<p><\/p>\n<p>Ces m\u00eames innovations seront bient\u00f4t \u00e9tendues \u00e0 toute la gamme de wagons mixtes de la marque italienne.<\/p><p><br><\/p>\n<p><\/p>\n<p><\/p>\n<p><\/p>\n<p><\/p>\n<p><img decoding=\"async\" width=\"500\" height=\"334\" class=\"wp-image-15092\" style=\"width: 500px;\" src=\"https:\/\/www.faresin.com\/wp-content\/uploads\/LUI08665.jpg\" alt=\"\" srcset=\"https:\/\/www.faresin.com\/wp-content\/uploads\/LUI08665.jpg 1000w, https:\/\/www.faresin.com\/wp-content\/uploads\/LUI08665-300x200.jpg 300w, https:\/\/www.faresin.com\/wp-content\/uploads\/LUI08665-768x512.jpg 768w, https:\/\/www.faresin.com\/wp-content\/uploads\/LUI08665-600x400.jpg 600w\" sizes=\"(max-width: 500px) 100vw, 500px\" \/><\/p>\n<p><\/p>\n<p><\/p>\n<p><strong>FS 9.32 Compact<\/strong><\/p>\n<p><\/p>\n<p><\/p>\n<p>Un autre nouveau mod\u00e8le de la nouvelle g\u00e9n\u00e9ration de t\u00e9lescopiques Faresin sera pr\u00e9sent\u00e9 \u00e0 Eima. Le FS 9.32 Compact est le grand fr\u00e8re du FS 7.32 Compact, qui a fait ses d\u00e9buts l&rsquo;ann\u00e9e derni\u00e8re lors de l&rsquo;\u00e9dition 2021. Une capacit\u00e9 de levage maximale de <strong>3,2 tonnes et une hauteur de levage pouvant atteindre 9 m<\/strong> sont les chiffres qui d\u00e9finissent cette machine puissante et polyvalente. Le bras plus long, compos\u00e9 de deux sections tra\u00eenantes, offre une plus grande <em>capacit\u00e9 <\/em>en toute s\u00e9curit\u00e9.<\/p>\n<p><\/p>\n<p><\/p>\n<p>Ce nouveau mod\u00e8le reprend toutes les caract\u00e9ristiques de la nouvelle s\u00e9rie FS Compact, qui \u00e9tablit une nouvelle norme dans le segment des v\u00e9hicules Compact. Une s\u00e9rie con\u00e7ue de A \u00e0 Z pour r\u00e9pondre \u00e0 une demande croissante de sensibilisation \u00e0 l&rsquo;environnement dans tous les secteurs.<\/p>\n<p><\/p>\n<p><\/p>\n<p>Une v\u00e9ritable r\u00e9ponse \u00ab\u00a0syst\u00e9mique\u00a0\u00bb qui place FS Compact au <strong>sommet de son segment<\/strong> car elle touche toutes les fonctions principales de la machine et place l&rsquo;op\u00e9rateur au centre, le lien entre la machine, sa gestion et le contr\u00f4le fonctionnel et de service.<\/p>\n<p><\/p>\n<p><\/p>\n<p>La nouvelle gamme FS est n\u00e9e pr\u00eate pour les d\u00e9veloppements futurs de l&rsquo;interconnexion et de l<em>&lsquo;\u00a0\u00bbinternet des choses<\/em>\u00a0\u00bb et se caract\u00e9rise par un design innovant qui est parti d&rsquo;une id\u00e9e de R&amp;D de Faresin et a \u00e9t\u00e9 d\u00e9velopp\u00e9 en collaboration avec de prestigieux studios sp\u00e9cialis\u00e9s et des partenaires \u00e0 l&rsquo;avant-garde de la technologie ex\u00e9cutive. Abaiss\u00e9 et inclin\u00e9 vers le bas sur la roue avant droite, le nouveau capot \u00e9tablit un <strong>nouveau niveau de visibilit\u00e9 pour les chariots t\u00e9lescopiques<\/strong>.<\/p>\n<p><\/p>\n<p><\/p>\n<p>La partie hydraulique est le v\u00e9ritable muscle de la machine et est surdimensionn\u00e9e pour garantir la polyvalence d&rsquo;utilisation, avec des d\u00e9bits de 120 \u00e0 180 litres\/min, selon la configuration, capables d&rsquo;assurer des cycles de travail extr\u00eamement rapides.<\/p>\n<p><\/p>\n<p><\/p>\n<p>La version expos\u00e9e sera celle dont <strong>la cabine est abaiss\u00e9e, avec une hauteur de seulement 2,06 m\u00e8tres<\/strong>.<\/p><p><br><\/p>\n<p><\/p>\n<p><\/p>\n<p><\/p>\n<p><\/p>\n<p><img decoding=\"async\" width=\"500\" height=\"334\" class=\"wp-image-15093\" style=\"width: 500px;\" src=\"https:\/\/www.faresin.com\/wp-content\/uploads\/Full-electric-range-amb-18.jpg\" alt=\"\" srcset=\"https:\/\/www.faresin.com\/wp-content\/uploads\/Full-electric-range-amb-18.jpg 1000w, https:\/\/www.faresin.com\/wp-content\/uploads\/Full-electric-range-amb-18-300x200.jpg 300w, https:\/\/www.faresin.com\/wp-content\/uploads\/Full-electric-range-amb-18-768x512.jpg 768w, https:\/\/www.faresin.com\/wp-content\/uploads\/Full-electric-range-amb-18-600x400.jpg 600w\" sizes=\"(max-width: 500px) 100vw, 500px\" \/><\/p>\n<p><\/p>\n<p><\/p>\n<p><strong>6,26 Full Electric<\/strong><\/p>\n<p><\/p>\n<p><\/p>\n<p>Le t\u00e9lescope Faresin 6.26 Full Electric conquiert rapidement le march\u00e9 mondial. Avec cet ascenseur, qui a \u00e9t\u00e9 pr\u00e9sent\u00e9 en 2018 \u00e0 l&rsquo;Eima comme le premier ascenseur \u00e9lectrique au monde, Faresin dispose d&rsquo;un avantage concurrentiel sur les principaux acteurs du secteur.<\/p>\n<p><\/p>\n<p><\/p>\n<p>Agile, silencieux et \u00e9cologique. L&rsquo;\u00e9l\u00e9vateur Faresin 6.26 Full Electric convient \u00e0 tout type d&rsquo;utilisation gr\u00e2ce \u00e0 sa <strong>capacit\u00e9 de levage de 2,6 tonnes et \u00e0 sa hauteur maximale de 6m<\/strong>. Jumeau de la version \u00e0 moteur thermique, il a \u00e9t\u00e9 cr\u00e9\u00e9 comme alternative \u00e9cologique sans compromis. Le 6.26 Full Electric de Faresin est destin\u00e9 \u00e0 \u00eatre utilis\u00e9 l\u00e0 o\u00f9 les \u00e9missions et le bruit doivent \u00eatre limit\u00e9s, comme les chantiers de nuit, les zones r\u00e9sidentielles \u00e0 \u00e9mission z\u00e9ro, les fermes d&rsquo;\u00e9levage, les serres, les lieux de manipulation des aliments tels que les entrep\u00f4ts frigorifiques, les caves \u00e0 vin, les laboratoires alimentaires, etc. Faresin a \u00e9quip\u00e9 son t\u00e9lescopique enti\u00e8rement \u00e9lectrique de deux moteurs \u00e9lectriques synchrones aliment\u00e9s par des batteries au lithium, disponibles en trois versions :  <strong>24 kW\/h (315 Ah), 32 kW\/h (420 Ah) et 43 kW\/h (560 Ah).<\/strong> Faresin propose \u00e9galement un nouveau syst\u00e8me de charge <em>rapide embarqu\u00e9<\/em> qui permet de recharger compl\u00e8tement la batterie en seulement deux heures et demie.<\/p>\n<p><\/p>\t\t\t\t\t\t\t\t<\/div>\n\t\t\t\t<\/div>\n\t\t\t\t\t<\/div>\n\t\t<\/div>\n\t\t\t\t\t<\/div>\n\t\t<\/section>\n\t\t\t\t<\/div>\n\t\t","protected":false},"excerpt":{"rendered":"<p>Faresin Industries participera \u00e0 la prochaine \u00e9dition de l&rsquo;EIMA, en pr\u00e9sentant les derni\u00e8res innovations technologiques appliqu\u00e9es \u00e0 ses lignes de produits : chariots m\u00e9langeurs et t\u00e9lescopiques. La marque de Vicenza poursuit ainsi la voie de l&rsquo;innovation au service du client qui pr\u00e9voit, pour chaque saison, l&rsquo;introduction de nouveaux mod\u00e8les capables de r\u00e9pondre rapidement \u00e0 l&rsquo;\u00e9volution [&hellip;]<\/p>\n","protected":false},"author":333,"featured_media":55976,"comment_status":"closed","ping_status":"closed","sticky":false,"template":"","format":"standard","meta":{"_acf_changed":false,"footnotes":""},"categories":[259,337],"tags":[585,463,433],"class_list":["post-66458","post","type-post","status-publish","format-standard","has-post-thumbnail","hentry","category-communiques-de-presse","category-foires","tag-chariots-telescopiques","tag-eima-fr","tag-melangeuses"],"acf":[],"_links":{"self":[{"href":"https:\/\/www.faresin.com\/fr\/wp-json\/wp\/v2\/posts\/66458","targetHints":{"allow":["GET"]}}],"collection":[{"href":"https:\/\/www.faresin.com\/fr\/wp-json\/wp\/v2\/posts"}],"about":[{"href":"https:\/\/www.faresin.com\/fr\/wp-json\/wp\/v2\/types\/post"}],"author":[{"embeddable":true,"href":"https:\/\/www.faresin.com\/fr\/wp-json\/wp\/v2\/users\/333"}],"replies":[{"embeddable":true,"href":"https:\/\/www.faresin.com\/fr\/wp-json\/wp\/v2\/comments?post=66458"}],"version-history":[{"count":0,"href":"https:\/\/www.faresin.com\/fr\/wp-json\/wp\/v2\/posts\/66458\/revisions"}],"wp:featuredmedia":[{"embeddable":true,"href":"https:\/\/www.faresin.com\/fr\/wp-json\/wp\/v2\/media\/55976"}],"wp:attachment":[{"href":"https:\/\/www.faresin.com\/fr\/wp-json\/wp\/v2\/media?parent=66458"}],"wp:term":[{"taxonomy":"category","embeddable":true,"href":"https:\/\/www.faresin.com\/fr\/wp-json\/wp\/v2\/categories?post=66458"},{"taxonomy":"post_tag","embeddable":true,"href":"https:\/\/www.faresin.com\/fr\/wp-json\/wp\/v2\/tags?post=66458"}],"curies":[{"name":"wp","href":"https:\/\/api.w.org\/{rel}","templated":true}]}}