{"id":66507,"date":"2022-03-10T17:42:00","date_gmt":"2022-03-10T16:42:00","guid":{"rendered":"https:\/\/www.faresin.com\/news\/accord-entre-faresin-pour-ameliorer-le-service-apres-vente\/"},"modified":"2023-02-22T08:47:31","modified_gmt":"2023-02-22T07:47:31","slug":"accord-entre-faresin-pour-ameliorer-le-service-apres-vente","status":"publish","type":"post","link":"https:\/\/www.faresin.com\/fr\/news\/accord-entre-faresin-pour-ameliorer-le-service-apres-vente\/","title":{"rendered":"ACCORD ENTRE FARESIN POUR AM\u00c9LIORER LE SERVICE APR\u00c8S-VENTE"},"content":{"rendered":"\n<p>Deutz Italie et Faresin ont r\u00e9cemment sign\u00e9 un important accord de coop\u00e9ration strat\u00e9gique pour la distribution de pi\u00e8ces de rechange et pour \u00e9tendre le service d&rsquo;assistance technique sur les machines Faresin en Lombardie. Cet accord renforce la pr\u00e9sence locale du service apr\u00e8s-vente afin de rendre le service aux clients rapide et ponctuel.<\/p>\n\n<p>Deutz Italie deviendra un centre agr\u00e9\u00e9 Faresin. Ils peuvent revendre des pi\u00e8ces de rechange d&rsquo;origine et effectuer des travaux d&rsquo;entretien et de r\u00e9paration non seulement sur les moteurs Deutz qui \u00e9quipent les malaxeurs et les t\u00e9lescopiques Faresin, mais aussi sur l&rsquo;ensemble du v\u00e9hicule.<\/p>\n\n<p>\u00ab\u00a0Les technologies les meilleures et les plus avanc\u00e9es ne peuvent pas r\u00e9ussir si elles ne sont pas soutenues par un service apr\u00e8s-vente de qualit\u00e9. &#8211; Commente Giulia Faresin, Responsable des Op\u00e9rations &#8211; Faresin investit beaucoup dans ce sens, avec des solutions num\u00e9riques 4.0, avec des formations sp\u00e9cifiques et en am\u00e9liorant le service au client. L&rsquo;accord avec Deutz travaillera pr\u00e9cis\u00e9ment sur la capillarit\u00e9 territoriale des ateliers autoris\u00e9s, en permettant \u00e0 notre service d&rsquo;atteindre facilement les clients de la Lombardie, pour effectuer les r\u00e9parations dans les plus brefs d\u00e9lais.\u00a0\u00bb<\/p>\n\n<p>\u00ab\u00a0Un service apr\u00e8s-vente de qualit\u00e9 est le c\u0153ur battant de toute entreprise\u00a0\u00bb, commente Eng. Marco Colombo, PDG de Deutz Italie. Notre soci\u00e9t\u00e9, et Deutz AG elle-m\u00eame, se concentrent sur le d\u00e9veloppement opportun d&rsquo;un service apr\u00e8s-vente qui ne se limite pas au moteur individuel, mais qui compl\u00e8te l&rsquo;ensemble de la machine. L&rsquo;accord avec Faresin doit \u00eatre consid\u00e9r\u00e9 comme le d\u00e9marrage de cet ambitieux projet.<\/p>\n","protected":false},"excerpt":{"rendered":"<p>Deutz Italie et Faresin ont r\u00e9cemment sign\u00e9 un important accord de coop\u00e9ration strat\u00e9gique pour la distribution de pi\u00e8ces de rechange et pour \u00e9tendre le service d&rsquo;assistance technique sur les machines Faresin en Lombardie. Cet accord renforce la pr\u00e9sence locale du service apr\u00e8s-vente afin de rendre le service aux clients rapide et ponctuel. Deutz Italie deviendra [&hellip;]<\/p>\n","protected":false},"author":333,"featured_media":17625,"comment_status":"closed","ping_status":"closed","sticky":false,"template":"","format":"standard","meta":{"_acf_changed":false,"footnotes":""},"categories":[248],"tags":[397,439,549],"class_list":["post-66507","post","type-post","status-publish","format-standard","has-post-thumbnail","hentry","category-nouvelles","tag-assistance-fr","tag-deutz-fr","tag-reseau-de-distribution"],"acf":[],"_links":{"self":[{"href":"https:\/\/www.faresin.com\/fr\/wp-json\/wp\/v2\/posts\/66507","targetHints":{"allow":["GET"]}}],"collection":[{"href":"https:\/\/www.faresin.com\/fr\/wp-json\/wp\/v2\/posts"}],"about":[{"href":"https:\/\/www.faresin.com\/fr\/wp-json\/wp\/v2\/types\/post"}],"author":[{"embeddable":true,"href":"https:\/\/www.faresin.com\/fr\/wp-json\/wp\/v2\/users\/333"}],"replies":[{"embeddable":true,"href":"https:\/\/www.faresin.com\/fr\/wp-json\/wp\/v2\/comments?post=66507"}],"version-history":[{"count":0,"href":"https:\/\/www.faresin.com\/fr\/wp-json\/wp\/v2\/posts\/66507\/revisions"}],"wp:featuredmedia":[{"embeddable":true,"href":"https:\/\/www.faresin.com\/fr\/wp-json\/wp\/v2\/media\/17625"}],"wp:attachment":[{"href":"https:\/\/www.faresin.com\/fr\/wp-json\/wp\/v2\/media?parent=66507"}],"wp:term":[{"taxonomy":"category","embeddable":true,"href":"https:\/\/www.faresin.com\/fr\/wp-json\/wp\/v2\/categories?post=66507"},{"taxonomy":"post_tag","embeddable":true,"href":"https:\/\/www.faresin.com\/fr\/wp-json\/wp\/v2\/tags?post=66507"}],"curies":[{"name":"wp","href":"https:\/\/api.w.org\/{rel}","templated":true}]}}