{"id":70719,"date":"2023-08-01T08:36:13","date_gmt":"2023-08-01T06:36:13","guid":{"rendered":"https:\/\/www.faresin.com\/news\/50-ans-dhistoire-de-faresin\/"},"modified":"2023-08-01T08:51:27","modified_gmt":"2023-08-01T06:51:27","slug":"50-ans-dhistoire-de-faresin","status":"publish","type":"post","link":"https:\/\/www.faresin.com\/fr\/news\/50-ans-dhistoire-de-faresin\/","title":{"rendered":"50 ans d&rsquo;histoire de Faresin"},"content":{"rendered":"\n<p>2023 marquera le 50e anniversaire de la cr\u00e9ation de <a href=\"https:\/\/www.faresin.com\/fr\/lentreprise\/\" data-type=\"page\" data-id=\"3047\">Faresin Industries.<\/a> Une \u00e9tape importante franchie gr\u00e2ce aux membres de notre \u00ab\u00a0soci\u00e9t\u00e9 \u00e9largie\u00a0\u00bb, tels que le r\u00e9seau de vente, les partenaires, les fournisseurs et les employ\u00e9s, qui ont conduit Faresin au succ\u00e8s mondial.<\/p>\n\n<p>En cette ann\u00e9e, nous voulons non seulement c\u00e9l\u00e9brer le pass\u00e9, mais aussi <strong>et surtout l&rsquo;avenir<\/strong>. Un avenir qui nous appartiendra \u00e0 tous gr\u00e2ce \u00e0 la continuit\u00e9 de ce formidable effort collectif, guid\u00e9 par le leadership de la famille Faresin et par une vision du progr\u00e8s et de l&rsquo;innovation qui place l&rsquo;homme au centre du syst\u00e8me.<\/p>\n\n<p>Pour ces 50 ans, Faresin a lanc\u00e9 un nouveau logo de c\u00e9l\u00e9bration. La marque anniversaire met l&rsquo;accent sur les <strong>trois activit\u00e9s principales de l&rsquo;entreprise<\/strong>, repr\u00e9sent\u00e9es par leurs couleurs distinctives respectives : le vert pour les <a href=\"https:\/\/www.faresin.com\/fr\/melangeuses\/\" data-type=\"page\" data-id=\"1939\">M\u00e8langeuses<\/a>, le rouge pour les <a href=\"https:\/\/www.faresin.com\/fr\/telescopiques\/\" data-type=\"page\" data-id=\"3360\">t\u00e9lescopiques<\/a> et le bleu pour la gamme <a href=\"https:\/\/www.faresin.com\/fr\/full-electric\/\" data-type=\"page\" data-id=\"14234\">Full Electric<\/a>.<\/p>\n","protected":false},"excerpt":{"rendered":"<p>2023 marquera le 50e anniversaire de la cr\u00e9ation de Faresin Industries. Une \u00e9tape importante franchie gr\u00e2ce aux membres de notre \u00ab\u00a0soci\u00e9t\u00e9 \u00e9largie\u00a0\u00bb, tels que le r\u00e9seau de vente, les partenaires, les fournisseurs et les employ\u00e9s, qui ont conduit Faresin au succ\u00e8s mondial. En cette ann\u00e9e, nous voulons non seulement c\u00e9l\u00e9brer le pass\u00e9, mais aussi et [&hellip;]<\/p>\n","protected":false},"author":333,"featured_media":70708,"comment_status":"closed","ping_status":"closed","sticky":false,"template":"","format":"standard","meta":{"_acf_changed":false,"footnotes":""},"categories":[248],"tags":[748,747,749],"class_list":["post-70719","post","type-post","status-publish","format-standard","has-post-thumbnail","hentry","category-nouvelles","tag-50-ans","tag-anniversaire","tag-logo-fr"],"acf":[],"_links":{"self":[{"href":"https:\/\/www.faresin.com\/fr\/wp-json\/wp\/v2\/posts\/70719","targetHints":{"allow":["GET"]}}],"collection":[{"href":"https:\/\/www.faresin.com\/fr\/wp-json\/wp\/v2\/posts"}],"about":[{"href":"https:\/\/www.faresin.com\/fr\/wp-json\/wp\/v2\/types\/post"}],"author":[{"embeddable":true,"href":"https:\/\/www.faresin.com\/fr\/wp-json\/wp\/v2\/users\/333"}],"replies":[{"embeddable":true,"href":"https:\/\/www.faresin.com\/fr\/wp-json\/wp\/v2\/comments?post=70719"}],"version-history":[{"count":0,"href":"https:\/\/www.faresin.com\/fr\/wp-json\/wp\/v2\/posts\/70719\/revisions"}],"wp:featuredmedia":[{"embeddable":true,"href":"https:\/\/www.faresin.com\/fr\/wp-json\/wp\/v2\/media\/70708"}],"wp:attachment":[{"href":"https:\/\/www.faresin.com\/fr\/wp-json\/wp\/v2\/media?parent=70719"}],"wp:term":[{"taxonomy":"category","embeddable":true,"href":"https:\/\/www.faresin.com\/fr\/wp-json\/wp\/v2\/categories?post=70719"},{"taxonomy":"post_tag","embeddable":true,"href":"https:\/\/www.faresin.com\/fr\/wp-json\/wp\/v2\/tags?post=70719"}],"curies":[{"name":"wp","href":"https:\/\/api.w.org\/{rel}","templated":true}]}}