{"id":71980,"date":"2023-10-03T09:22:31","date_gmt":"2023-10-03T07:22:31","guid":{"rendered":"https:\/\/www.faresin.com\/news\/50e-anniversaire-faresin-industries\/"},"modified":"2024-02-22T08:52:59","modified_gmt":"2024-02-22T07:52:59","slug":"50e-anniversaire-faresin-industries","status":"publish","type":"post","link":"https:\/\/www.faresin.com\/fr\/news\/50e-anniversaire-faresin-industries\/","title":{"rendered":"50e anniversaire FARESIN INDUSTRIES"},"content":{"rendered":"\t\t<div data-elementor-type=\"wp-post\" data-elementor-id=\"71980\" class=\"elementor elementor-71980 elementor-71907\" data-elementor-post-type=\"post\">\n\t\t\t\t<div class=\"elementor-element elementor-element-70475001 e-flex e-con-boxed e-con e-parent\" data-id=\"70475001\" data-element_type=\"container\" data-e-type=\"container\">\n\t\t\t\t\t<div class=\"e-con-inner\">\n\t\t\t\t<div class=\"elementor-element elementor-element-7e82b3d7 elementor-widget elementor-widget-text-editor\" data-id=\"7e82b3d7\" data-element_type=\"widget\" data-e-type=\"widget\" data-widget_type=\"text-editor.default\">\n\t\t\t\t<div class=\"elementor-widget-container\">\n\t\t\t\t\t\t\t\t\t<h2 class=\"wp-block-heading\"><strong>50 ans d&rsquo;histoire et un avenir \u00e0 c\u00e9l\u00e9brer<\/strong><\/h2>\n<p>Le vendredi 29 septembre, FARESIN INDUSTRIES a souffl\u00e9 ses cinquante premi\u00e8res bougies lors d&rsquo;une <strong>convention internationale intitul\u00e9e \u00ab\u00a0Let&rsquo;s celebrate the future\u00a0\u00bb<\/strong> qui s&rsquo;est tenue \u00e0 l&rsquo;usine de Breganze et \u00e0 laquelle ont particip\u00e9 plus de 400 personnes. Un grand \u00e9v\u00e9nement qui a rassembl\u00e9 tous les <strong>partenaires<\/strong> qui ont contribu\u00e9 au succ\u00e8s mondial de la marque au cours de ce demi-si\u00e8cle.<\/p>\n<p>Le lendemain, les <strong>c\u00e9l\u00e9brations se sont \u00e9galement \u00e9tendues aux employ\u00e9s et \u00e0 leurs familles<\/strong>, soit quelque 600 personnes, dans l&rsquo;esprit inclusif de FARESIN INDUSTRIES.<\/p>\n<p>Au cours de la r\u00e9union pl\u00e9ni\u00e8re de vendredi, la direction, Sante Faresin (pr\u00e9sident), Silvia Faresin (vice-pr\u00e9sidente) et Giulia Faresin (directrice des op\u00e9rations), entour\u00e9e de son personnel, a <strong>retrac\u00e9 les jalons de l&rsquo;histoire de l&rsquo;entreprise et illustr\u00e9 la vision et les strat\u00e9gies futures<\/strong>.<\/p>\n<p>\u00ab\u00a0Il me semble presque impossible que l&rsquo;entreprise ait 50 ans cette ann\u00e9e, car j&rsquo;ai toujours l&rsquo;impression d&rsquo;\u00eatre dans les starting-blocks : j&rsquo;ai encore tant de r\u00eaves \u00e0 r\u00e9aliser et d&rsquo;objectifs \u00e0 atteindre\u00a0\u00bb, commence le pr\u00e9sident, avant d&rsquo;ajouter : \u00ab\u00a0&#8230;.Le <strong>bien-\u00eatre local, l&rsquo;innovation, l&rsquo;excellence industrielle et la durabilit\u00e9<\/strong> sont les quatre piliers sur lesquels nous construisons notre avenir.<\/p>\n<p>Les invit\u00e9s de marque, tels que les conseillers r\u00e9gionaux, n&rsquo;ont pas manqu\u00e9.  <a href=\"https:\/\/www.regione.veneto.it\/assessore-all-istruzione-alla-formazione-e-al-lavoro-e-pari-opportunita\" data-type=\"link\" data-id=\"https:\/\/www.regione.veneto.it\/assessore-all-istruzione-alla-formazione-e-al-lavoro-e-pari-opportunita\" target=\"_blank\" rel=\"noopener\"><em>Elena Donazzan<\/em> <\/a>e <em><br \/>\n  <a href=\"https:\/\/www.regione.veneto.it\/assessore-a-sanita-servizi-sociali\" data-type=\"link\" data-id=\"https:\/\/www.regione.veneto.it\/assessore-a-sanita-servizi-sociali\" target=\"_blank\" rel=\"noopener\">Manuela Lanzarin<\/a><br \/>\n<\/em> (respectivement l&rsquo;\u00e9ducation et la sant\u00e9), le pr\u00e9sident de la province de Vicence <em>Andrea N<\/em>ardin, la pr\u00e9sidente de <a href=\"https:\/\/www.confindustria.vicenza.it\/\" data-type=\"link\" data-id=\"https:\/\/www.confindustria.vicenza.it\/\" target=\"_blank\" rel=\"noopener\">Confindustria Vicenza<\/a> <em>Laura Dalla Vecchia<\/em> et le r\u00e9dacteur en chef du Giornale di Vicenza, le Dr.  <em>Marino Smiderle<\/em>, qui a \u00e9galement mod\u00e9r\u00e9 les premi\u00e8res \u00e9tapes de la session pl\u00e9ni\u00e8re.<\/p>\n<figure class=\"wp-block-image size-large\"><img decoding=\"async\" class=\"wp-image-71935\" src=\"https:\/\/www.faresin.com\/wp-content\/uploads\/FARESIS-50%C2%B0-21_DSC0747-1024x683.jpg\" alt=\"50 ans d'institutions\"><\/p>\n<figcaption class=\"wp-element-caption\">Silvia et Giulia Faresin avec les conseillers r\u00e9gionaux Donazzan et Lanzarin, la pr\u00e9sidente de Confindustria Vicenza Laura Dalla Vecchia et le maire de Breganze Piera Campana<\/figcaption><\/figure>\n<p>La vice-pr\u00e9sidente Silvia Faresin, quant \u00e0 elle, a illustr\u00e9 les opportunit\u00e9s commerciales et de march\u00e9 par <strong>deux t\u00e9moignages ext\u00e9rieurs de deux sp\u00e9cialistes du secteur<\/strong> qui observent le march\u00e9 d&rsquo;un point de vue plus objectif.<\/p>\n<p>Les  <em>Dr Gabriele Chiodini de l&rsquo;<a href=\"https:\/\/www.unipg.it\/\" data-type=\"link\" data-id=\"https:\/\/www.unipg.it\/\" target=\"_blank\" rel=\"noopener\">Universit\u00e9 de P\u00e9rouse<\/a><\/em>  a analys\u00e9 les tendances dans le secteur agricole, telles que la demande de  <strong>des \u00e9quipements de plus en plus durables et intelligents<\/strong>  qui permettent \u00e0 la fois d&rsquo;augmenter la production et de r\u00e9duire les \u00e9missions polluantes, conform\u00e9ment \u00e0 l&rsquo;objectif de neutralit\u00e9 climatique par l&rsquo;utilisation de sources renouvelables.<\/p>\n<p>Le Dr <em>Paul Howard, sp\u00e9cialiste du pool \u00e9ditorial <\/em><a href=\"https:\/\/offhighwayresearch.com\/\" data-type=\"link\" data-id=\"https:\/\/offhighwayresearch.com\/\" target=\"_blank\" rel=\"noopener\"><em>Off Highway Research<\/em><\/a>, a analys\u00e9 le march\u00e9 de la construction et a soulign\u00e9 que la <strong>croissance des chariots t\u00e9lescopiques a \u00e9t\u00e9 in\u00e9gal\u00e9e au<\/strong> cours des 30 derni\u00e8res ann\u00e9es. Les zones les plus touch\u00e9es sont l&rsquo;<strong>Europe et l&rsquo;Am\u00e9rique du Nord<\/strong>, qui absorbent au moins 83 % de la demande mondiale.<\/p>\n<p>\u00ab\u00a0<strong>\u00c9couter les clients <\/strong>et <strong>\u00eatre capable d&rsquo;interpr\u00e9ter leurs besoins et de les transformer en solutions<\/strong> a \u00e9t\u00e9 au c\u0153ur de notre mod\u00e8le d&rsquo;entreprise depuis le tout d\u00e9but. Id\u00e9alement, nous aimerions parvenir \u00e0 impliquer la conception de solutions technologiques, afin d&rsquo;en faire un objectif commun. Pour y parvenir, nous avons adopt\u00e9 deux bonnes pratiques impliquant tous les secteurs de l&rsquo;entreprise : la gestion du <strong>parcours<\/strong> client et l&rsquo;<strong>analyse des donn\u00e9es d&rsquo;intelligence \u00e9conomique<\/strong> collect\u00e9es aux diff\u00e9rentes occasions de contact avec le client\u00a0\u00bb. La vice-pr\u00e9sidente Silvia Faresin explique.<\/p>\n<figure class=\"wp-block-image size-large\"><img decoding=\"async\" class=\"wp-image-71944\" src=\"https:\/\/www.faresin.com\/wp-content\/uploads\/FARESIS-50%C2%B0-2_DSC0577-1024x563.jpg\" alt=\"50 ans de stabulation\"><\/figure>\n<p>Ensuite, Giulia Faresin, directrice des op\u00e9rations, s&rsquo;est pench\u00e9e sur les d\u00e9fis de l&rsquo;usine du futur. \u00ab\u00a0Nous travaillons \u00e0 la construction d&rsquo;une <strong>usine de plus en plus num\u00e9rique et automatis\u00e9e<\/strong>, en suivant un processus fluide et constant qui interagit harmonieusement avec la valeur apport\u00e9e par les autres acteurs du syst\u00e8me Faresin. Notre objectif est de veiller \u00e0 ce que la production d\u00e9veloppe la capacit\u00e9 de s&rsquo;adapter \u00e0 l&rsquo;\u00e9volution de la demande en temps opportun gr\u00e2ce au d\u00e9veloppement de nouvelles comp\u00e9tences et \u00e0 la<strong>mise en \u0153uvre de nouveaux processus plus efficaces et plus durables<\/strong>\u00ab\u00a0.<\/p>\n<p>Ensuite, Giulia Faresin, en premi\u00e8re ligne de la R&amp;D, a d\u00e9voil\u00e9 en avant-premi\u00e8re deux nouveaux produits qui seront pr\u00e9sent\u00e9s au grand public lors de la <strong><br \/>\n  <a href=\"https:\/\/www.agritechnica.com\/it\/\" data-type=\"link\" data-id=\"https:\/\/www.agritechnica.com\/it\/\" target=\"_blank\" rel=\"noopener\">salon Agritechnica<\/a><br \/>\n<\/strong> en novembre :<\/p>\n<ul>\n<li><strong><br \/>\n  <a href=\"https:\/\/www.faresin.com\/fr\/telescopiques\/fs-middle\/\" data-type=\"page\" data-id=\"14796\">FS Middle<\/a><br \/>\n<\/strong>la deuxi\u00e8me s\u00e9rie de la nouvelle g\u00e9n\u00e9ration de chariots t\u00e9lescopiques Faresin<\/li>\n<li><strong>Leader PF Full Electric,<\/strong> une auto-malaxeuse automotrice 100% \u00e9lectrique \u00e0 z\u00e9ro \u00e9mission<\/li>\n<\/ul>\n<figure class=\"wp-block-gallery has-nested-images columns-default is-cropped\"><\/figure>\n<p>Deux innovations sensationnelles qui vont r\u00e9volutionner notre fa\u00e7on de concevoir le travail des op\u00e9rateurs et l&rsquo;agriculture de pr\u00e9cision.<\/p>\n<p>Le lendemain, samedi 30 octobre, Faresin a \u00e9galement c\u00e9l\u00e9br\u00e9 cette \u00e9tape importante avec les <strong>plus de 250 employ\u00e9s<\/strong> qui, avec enthousiasme et t\u00e9nacit\u00e9, r\u00e9alisent chaque jour les projets de l&rsquo;entreprise. En effet, la soci\u00e9t\u00e9 a ouvert les portes de ses installations de production \u00e0 Breganze pour accueillir ses employ\u00e9s et leurs familles, qui ont pu visiter les installations de la soci\u00e9t\u00e9 et voir de leurs propres yeux les M\u00e8langeuses et les chariots t\u00e9lescopiques que Faresin fabrique.<\/p>\n<figure class=\"wp-block-image size-large\"><img decoding=\"async\" width=\"1024\" height=\"663\" class=\"wp-image-71953\" src=\"https:\/\/www.faresin.com\/wp-content\/uploads\/\/Cattura-1024x663.jpg\" alt=\"L'\u00e9quipe des 50 ans\" srcset=\"https:\/\/www.faresin.com\/wp-content\/uploads\/Cattura-1024x663.jpg 1024w, https:\/\/www.faresin.com\/wp-content\/uploads\/Cattura-300x194.jpg 300w, https:\/\/www.faresin.com\/wp-content\/uploads\/Cattura-768x497.jpg 768w, https:\/\/www.faresin.com\/wp-content\/uploads\/Cattura.jpg 1454w\" sizes=\"(max-width: 1024px) 100vw, 1024px\" \/><\/figure>\n\t\t\t\t\t\t\t\t<\/div>\n\t\t\t\t<\/div>\n\t\t\t\t\t<\/div>\n\t\t\t\t<\/div>\n\t\t<div class=\"elementor-element elementor-element-defac9d e-flex e-con-boxed e-con e-parent\" data-id=\"defac9d\" data-element_type=\"container\" data-e-type=\"container\">\n\t\t\t\t\t<div class=\"e-con-inner\">\n\t\t\t\t<div class=\"elementor-element elementor-element-ab9afb3 elementor-widget elementor-widget-gallery\" data-id=\"ab9afb3\" data-element_type=\"widget\" data-e-type=\"widget\" data-settings=\"{&quot;gallery_layout&quot;:&quot;justified&quot;,&quot;lazyload&quot;:&quot;yes&quot;,&quot;ideal_row_height&quot;:{&quot;unit&quot;:&quot;px&quot;,&quot;size&quot;:200,&quot;sizes&quot;:[]},&quot;ideal_row_height_tablet&quot;:{&quot;unit&quot;:&quot;px&quot;,&quot;size&quot;:150,&quot;sizes&quot;:[]},&quot;ideal_row_height_mobile&quot;:{&quot;unit&quot;:&quot;px&quot;,&quot;size&quot;:150,&quot;sizes&quot;:[]},&quot;gap&quot;:{&quot;unit&quot;:&quot;px&quot;,&quot;size&quot;:10,&quot;sizes&quot;:[]},&quot;gap_tablet&quot;:{&quot;unit&quot;:&quot;px&quot;,&quot;size&quot;:10,&quot;sizes&quot;:[]},&quot;gap_mobile&quot;:{&quot;unit&quot;:&quot;px&quot;,&quot;size&quot;:10,&quot;sizes&quot;:[]},&quot;link_to&quot;:&quot;file&quot;,&quot;overlay_background&quot;:&quot;yes&quot;,&quot;content_hover_animation&quot;:&quot;fade-in&quot;}\" data-widget_type=\"gallery.default\">\n\t\t\t\t<div class=\"elementor-widget-container\">\n\t\t\t\t\t\t\t<div class=\"elementor-gallery__container\">\n\t\t\t\t\t\t\t<a class=\"e-gallery-item elementor-gallery-item elementor-animated-content\" href=\"https:\/\/www.faresin.com\/wp-content\/uploads\/FARESIS-50\u00b0-19_DSC0991-scaled.jpg\" data-elementor-open-lightbox=\"yes\" data-elementor-lightbox-slideshow=\"ab9afb3\" data-elementor-lightbox-title=\"FARESIS 50\u00b0-19_DSC0991\" data-e-action-hash=\"#elementor-action%3Aaction%3Dlightbox%26settings%3DeyJpZCI6NzE5MzAsInVybCI6Imh0dHBzOlwvXC93d3cuZmFyZXNpbi5jb21cL3dwLWNvbnRlbnRcL3VwbG9hZHNcL0ZBUkVTSVMtNTBcdTAwYjAtMTlfRFNDMDk5MS1zY2FsZWQuanBnIiwic2xpZGVzaG93IjoiYWI5YWZiMyJ9\">\n\t\t\t\t\t<div class=\"e-gallery-image elementor-gallery-item__image\" data-thumbnail=\"https:\/\/www.faresin.com\/wp-content\/uploads\/FARESIS-50\u00b0-19_DSC0991-200x300.jpg\" data-width=\"200\" data-height=\"300\" aria-label=\"FS Middle\" role=\"img\" ><\/div>\n\t\t\t\t\t\t\t\t\t\t\t<div class=\"elementor-gallery-item__overlay\"><\/div>\n\t\t\t\t\t\t\t\t\t\t\t\t\t\t<\/a>\n\t\t\t\t\t\t\t<a class=\"e-gallery-item elementor-gallery-item elementor-animated-content\" href=\"https:\/\/www.faresin.com\/wp-content\/uploads\/FARESIS-50\u00b0-17_DSC1040-scaled.jpg\" data-elementor-open-lightbox=\"yes\" data-elementor-lightbox-slideshow=\"ab9afb3\" data-elementor-lightbox-title=\"FARESIS 50\u00b0-17_DSC1040\" data-e-action-hash=\"#elementor-action%3Aaction%3Dlightbox%26settings%3DeyJpZCI6NzE5MjEsInVybCI6Imh0dHBzOlwvXC93d3cuZmFyZXNpbi5jb21cL3dwLWNvbnRlbnRcL3VwbG9hZHNcL0ZBUkVTSVMtNTBcdTAwYjAtMTdfRFNDMTA0MC1zY2FsZWQuanBnIiwic2xpZGVzaG93IjoiYWI5YWZiMyJ9\">\n\t\t\t\t\t<div class=\"e-gallery-image elementor-gallery-item__image\" data-thumbnail=\"https:\/\/www.faresin.com\/wp-content\/uploads\/FARESIS-50\u00b0-17_DSC1040-300x200.jpg\" data-width=\"300\" data-height=\"200\" aria-label=\"Leader PF FE\" role=\"img\" ><\/div>\n\t\t\t\t\t\t\t\t\t\t\t<div class=\"elementor-gallery-item__overlay\"><\/div>\n\t\t\t\t\t\t\t\t\t\t\t\t\t\t<\/a>\n\t\t\t\t\t\t\t<a class=\"e-gallery-item elementor-gallery-item elementor-animated-content\" href=\"https:\/\/www.faresin.com\/wp-content\/uploads\/FARESIS-50\u00b0-7_DSC1004-scaled.jpg\" data-elementor-open-lightbox=\"yes\" data-elementor-lightbox-slideshow=\"ab9afb3\" data-elementor-lightbox-title=\"FARESIS 50\u00b0-7_DSC1004\" data-e-action-hash=\"#elementor-action%3Aaction%3Dlightbox%26settings%3DeyJpZCI6NzE5MTIsInVybCI6Imh0dHBzOlwvXC93d3cuZmFyZXNpbi5jb21cL3dwLWNvbnRlbnRcL3VwbG9hZHNcL0ZBUkVTSVMtNTBcdTAwYjAtN19EU0MxMDA0LXNjYWxlZC5qcGciLCJzbGlkZXNob3ciOiJhYjlhZmIzIn0%3D\">\n\t\t\t\t\t<div class=\"e-gallery-image elementor-gallery-item__image\" data-thumbnail=\"https:\/\/www.faresin.com\/wp-content\/uploads\/FARESIS-50\u00b0-7_DSC1004-300x170.jpg\" data-width=\"300\" data-height=\"170\" aria-label=\"\" role=\"img\" ><\/div>\n\t\t\t\t\t\t\t\t\t\t\t<div class=\"elementor-gallery-item__overlay\"><\/div>\n\t\t\t\t\t\t\t\t\t\t\t\t\t\t<\/a>\n\t\t\t\t\t<\/div>\n\t\t\t\t\t<\/div>\n\t\t\t\t<\/div>\n\t\t\t\t\t<\/div>\n\t\t\t\t<\/div>\n\t\t<div class=\"elementor-element elementor-element-9abe210 e-flex e-con-boxed e-con e-parent\" data-id=\"9abe210\" data-element_type=\"container\" data-e-type=\"container\">\n\t\t\t\t\t<div class=\"e-con-inner\">\n\t\t\t\t<div class=\"elementor-element elementor-element-e1dc79e elementor-widget elementor-widget-video\" data-id=\"e1dc79e\" data-element_type=\"widget\" data-e-type=\"widget\" data-settings=\"{&quot;video_type&quot;:&quot;hosted&quot;,&quot;controls&quot;:&quot;yes&quot;}\" data-widget_type=\"video.default\">\n\t\t\t\t<div class=\"elementor-widget-container\">\n\t\t\t\t\t\t\t<div class=\"e-hosted-video elementor-wrapper elementor-open-inline\">\n\t\t\t\t\t<video class=\"elementor-video\" src=\"https:\/\/faresin.com\/wp-content\/uploads\/AI%20FARESIN%20INDUSTRIES%2050esimo%2030%20SETTEMBRE%202023.mp4\" controls=\"\" preload=\"metadata\" controlsList=\"nodownload\"><\/video>\n\t\t\t\t<\/div>\n\t\t\t\t\t\t<\/div>\n\t\t\t\t<\/div>\n\t\t\t\t\t<\/div>\n\t\t\t\t<\/div>\n\t\t\t\t<\/div>\n\t\t","protected":false},"excerpt":{"rendered":"<p>50 ans d&rsquo;histoire et un avenir \u00e0 c\u00e9l\u00e9brer Le vendredi 29 septembre, FARESIN INDUSTRIES a souffl\u00e9 ses cinquante premi\u00e8res bougies lors d&rsquo;une convention internationale intitul\u00e9e \u00ab\u00a0Let&rsquo;s celebrate the future\u00a0\u00bb qui s&rsquo;est tenue \u00e0 l&rsquo;usine de Breganze et \u00e0 laquelle ont particip\u00e9 plus de 400 personnes. Un grand \u00e9v\u00e9nement qui a rassembl\u00e9 tous les partenaires qui [&hellip;]<\/p>\n","protected":false},"author":333,"featured_media":71966,"comment_status":"closed","ping_status":"closed","sticky":false,"template":"","format":"standard","meta":{"_acf_changed":false,"footnotes":""},"categories":[259,331],"tags":[748,747],"class_list":["post-71980","post","type-post","status-publish","format-standard","has-post-thumbnail","hentry","category-communiques-de-presse","category-corporate-fr","tag-50-ans","tag-anniversaire"],"acf":[],"_links":{"self":[{"href":"https:\/\/www.faresin.com\/fr\/wp-json\/wp\/v2\/posts\/71980","targetHints":{"allow":["GET"]}}],"collection":[{"href":"https:\/\/www.faresin.com\/fr\/wp-json\/wp\/v2\/posts"}],"about":[{"href":"https:\/\/www.faresin.com\/fr\/wp-json\/wp\/v2\/types\/post"}],"author":[{"embeddable":true,"href":"https:\/\/www.faresin.com\/fr\/wp-json\/wp\/v2\/users\/333"}],"replies":[{"embeddable":true,"href":"https:\/\/www.faresin.com\/fr\/wp-json\/wp\/v2\/comments?post=71980"}],"version-history":[{"count":0,"href":"https:\/\/www.faresin.com\/fr\/wp-json\/wp\/v2\/posts\/71980\/revisions"}],"wp:featuredmedia":[{"embeddable":true,"href":"https:\/\/www.faresin.com\/fr\/wp-json\/wp\/v2\/media\/71966"}],"wp:attachment":[{"href":"https:\/\/www.faresin.com\/fr\/wp-json\/wp\/v2\/media?parent=71980"}],"wp:term":[{"taxonomy":"category","embeddable":true,"href":"https:\/\/www.faresin.com\/fr\/wp-json\/wp\/v2\/categories?post=71980"},{"taxonomy":"post_tag","embeddable":true,"href":"https:\/\/www.faresin.com\/fr\/wp-json\/wp\/v2\/tags?post=71980"}],"curies":[{"name":"wp","href":"https:\/\/api.w.org\/{rel}","templated":true}]}}