{"id":73573,"date":"2023-11-06T14:26:58","date_gmt":"2023-11-06T13:26:58","guid":{"rendered":"https:\/\/www.faresin.com\/news\/faresin-a-agritechnica-2023-50-ans-de-collaboration-avec-les-agriculteurs\/"},"modified":"2024-02-22T09:10:26","modified_gmt":"2024-02-22T08:10:26","slug":"faresin-a-agritechnica-2023-50-ans-de-collaboration-avec-les-agriculteurs","status":"publish","type":"post","link":"https:\/\/www.faresin.com\/fr\/news\/faresin-a-agritechnica-2023-50-ans-de-collaboration-avec-les-agriculteurs\/","title":{"rendered":"Faresin \u00e0 Agritechnica 2023 : 50 ans de collaboration avec les agriculteurs"},"content":{"rendered":"\n<p>Apr\u00e8s avoir c\u00e9l\u00e9br\u00e9 son 50e anniversaire avec une grande convention internationale, Faresin arrive \u00e0 <a href=\"https:\/\/www.agritechnica.com\/it\/\" data-type=\"link\" data-id=\"https:\/\/www.agritechnica.com\/it\/\" target=\"_blank\" rel=\"noopener\">Agritechnica<\/a> 2023 avec plein de nouveaut\u00e9s. Des innovations destin\u00e9es \u00e0 r\u00e9volutionner le monde de l&rsquo;agriculture et de l&rsquo;\u00e9levage au nom de la durabilit\u00e9 et de la technologie.<\/p>\n\n<p>Le <strong>stand n\u00b0 A26, situ\u00e9 dans le hall 21<\/strong> de la Hannover Messe, pr\u00e9sentera plusieurs nouvelles machines, fruit des derni\u00e8res avanc\u00e9es technologiques r\u00e9alis\u00e9es par Faresin au cours de ces derni\u00e8res ann\u00e9es. Des machines con\u00e7ues aujourd&rsquo;hui mais pr\u00eates pour demain.<\/p>\n\n<p>Depuis sa derni\u00e8re \u00e9dition, Faresin a connu une croissance irr\u00e9sistible due \u00e0 l&rsquo;introduction de <strong>produits de<\/strong> plus en plus <strong>verts<\/strong> et de <strong>machines de plus en plus avanc\u00e9es et interconnect\u00e9es<\/strong>. En effet, le march\u00e9 exige des produits de plus en plus \u00e9cologiques, s\u00fbrs et efficaces.<\/p>\n\n<p>La gamme de t\u00e9lescopiques a \u00e9t\u00e9 enti\u00e8rement remani\u00e9e avec la nouvelle S\u00e9rie FS, tandis que les M\u00e8langeuses ont vu leur offre s&rsquo;\u00e9toffer consid\u00e9rablement. Les deux lignes de produits partagent le m\u00eame objectif de <em>neutralit\u00e9 carbone<\/em>: z\u00e9ro \u00e9mission pour la gamme \u00e9lectrifi\u00e9e et r\u00e9duction constante de la consommation pour la gamme endothermique. C&rsquo;est pourquoi Faresin a doubl\u00e9 sa gamme, qui se structure sur <strong>deux lignes parall\u00e8les &#8211; endothermique et \u00e9lectrifi\u00e9e<\/strong> &#8211; qui sont de toute fa\u00e7on pr\u00eates \u00e0 partager des solutions et des innovations technologiques qui cr\u00e9ent de la valeur pour les clients.<\/p>\n\n<h3 class=\"wp-block-heading\">Les nouveaut\u00e9s de Faresin pr\u00e9sent\u00e9es \u00e0 Agritechinca<\/h3>\n\n<p>Dans cette optique, les produits suivants seront lanc\u00e9s \u00e0 l&rsquo;occasion de l&rsquo;Agritechnica <a href=\"https:\/\/www.faresin.com\/fr\/full-electric\/leader-pf-full-electric\/\" data-type=\"page\" data-id=\"72385\"><strong>Leader PF FULL ELECTRIC<\/strong> <\/a>la premi\u00e8re auto-malaxeuse automotrice 100% \u00e9lectrique de marque FARESIN, qui compl\u00e8te la gamme \u00e9lectrifi\u00e9e Faresin lanc\u00e9e en 2018 avec la pr\u00e9sentation du <a href=\"https:\/\/www.faresin.com\/fr\/full-electric\/626-full-electric\/\" data-type=\"page\" data-id=\"4174\">premier t\u00e9lescopique \u00e9lectrique au monde<\/a>.<\/p>\n\n<p>Pour les petites exploitations, le nouveau <strong>\n  <a href=\"https:\/\/www.faresin.com\/fr\/melangeuses\/leader-pf-classic\/\" data-type=\"page\" data-id=\"72519\">Leader PF Classic<\/a>\n<\/strong>machine automotrice compacte \u00e0 une tari\u00e8re. Ligne \u00e0 faible co\u00fbt con\u00e7ue pour une premi\u00e8re approche de l&rsquo;alimentation de pr\u00e9cision.<\/p>\n\n<p>La gamme de tracteurs verticaux TPF a \u00e9t\u00e9 enti\u00e8rement renouvel\u00e9e. <a href=\"https:\/\/www.faresin.com\/fr\/melangeuses\/melangeuses-tractees-verticales-tpf\/\" data-type=\"page\" data-id=\"6284\">\n  <strong>tracteurs tra\u00een\u00e9s verticaux TPF<\/strong>\n<\/a>qui comprend d\u00e9sormais pas moins de 33 cubages diff\u00e9rents et la possibilit\u00e9 de monter une \u00e0 trois vis sans fin. Les mod\u00e8les ont \u00e9t\u00e9 r\u00e9organis\u00e9s en trois configurations : <strong>Classic, Plus et Profi<\/strong>.<\/p>\n\n<p>Pour les t\u00e9lescopiques, par contre, le nouveau <strong>\n  <a href=\"https:\/\/www.faresin.com\/fr\/telescopiques\/fs-middle\/\" data-type=\"page\" data-id=\"14796\">FS Middle<\/a>\n<\/strong>une s\u00e9rie con\u00e7ue pour \u00eatre agile et polyvalente dans tous les contextes agricoles et de construction, qui comprend des machines avec des fl\u00e8ches extensibles de <strong>7 \u00e0 10 m\u00e8tres de hauteur avec des capacit\u00e9s de charge de 3,5 \u00e0 4,5 tonnes<\/strong>.<\/p>\n\n<p>Pour d\u00e9couvrir ces nombreuses innovations (et plus encore), Faresin a le plaisir de vous accueillir \u00e0 Agritechnica au <strong>stand A26 dans le Hall 21<\/strong>. Nous vous attendons !<\/p>\n\n<hr class=\"wp-block-separator has-alpha-channel-opacity\"\/>\n\n<div style=\"height:38px\" aria-hidden=\"true\" class=\"wp-block-spacer\"><\/div>\n\n<div class=\"wp-block-buttons is-content-justification-center is-layout-flex wp-container-core-buttons-is-layout-a89b3969 wp-block-buttons-is-layout-flex\">\n<div class=\"wp-block-button\"><a class=\"wp-block-button__link has-text-align-center wp-element-button\" href=\"https:\/\/www.faresin.com\/fr\/contacts\/\">Demandez un rendez-vous au salon !<\/a><\/div>\n<\/div>\n\n<div style=\"height:41px\" aria-hidden=\"true\" class=\"wp-block-spacer\"><\/div>\n\n<figure class=\"wp-block-image size-large\"><img decoding=\"async\" width=\"819\" height=\"1024\" src=\"https:\/\/www.faresin.com\/wp-content\/uploads\/\/Agritechnica-819x1024.jpg\" alt=\"\" class=\"wp-image-73524\" srcset=\"https:\/\/www.faresin.com\/wp-content\/uploads\/Agritechnica-819x1024.jpg 819w, https:\/\/www.faresin.com\/wp-content\/uploads\/Agritechnica-240x300.jpg 240w, https:\/\/www.faresin.com\/wp-content\/uploads\/Agritechnica-768x960.jpg 768w, https:\/\/www.faresin.com\/wp-content\/uploads\/Agritechnica.jpg 1080w\" sizes=\"(max-width: 819px) 100vw, 819px\" \/><\/figure>\n\n<div style=\"height:100px\" aria-hidden=\"true\" class=\"wp-block-spacer\"><\/div>\n","protected":false},"excerpt":{"rendered":"<p>Apr\u00e8s avoir c\u00e9l\u00e9br\u00e9 son 50e anniversaire avec une grande convention internationale, Faresin arrive \u00e0 Agritechnica 2023 avec plein de nouveaut\u00e9s. Des innovations destin\u00e9es \u00e0 r\u00e9volutionner le monde de l&rsquo;agriculture et de l&rsquo;\u00e9levage au nom de la durabilit\u00e9 et de la technologie. Le stand n\u00b0 A26, situ\u00e9 dans le hall 21 de la Hannover Messe, pr\u00e9sentera [&hellip;]<\/p>\n","protected":false},"author":333,"featured_media":73519,"comment_status":"closed","ping_status":"closed","sticky":false,"template":"","format":"standard","meta":{"_acf_changed":false,"footnotes":""},"categories":[259,337],"tags":[379,801,802],"class_list":["post-73573","post","type-post","status-publish","format-standard","has-post-thumbnail","hentry","category-communiques-de-presse","category-foires","tag-agriculture","tag-agritechnica-fr","tag-hanovre"],"acf":[],"_links":{"self":[{"href":"https:\/\/www.faresin.com\/fr\/wp-json\/wp\/v2\/posts\/73573","targetHints":{"allow":["GET"]}}],"collection":[{"href":"https:\/\/www.faresin.com\/fr\/wp-json\/wp\/v2\/posts"}],"about":[{"href":"https:\/\/www.faresin.com\/fr\/wp-json\/wp\/v2\/types\/post"}],"author":[{"embeddable":true,"href":"https:\/\/www.faresin.com\/fr\/wp-json\/wp\/v2\/users\/333"}],"replies":[{"embeddable":true,"href":"https:\/\/www.faresin.com\/fr\/wp-json\/wp\/v2\/comments?post=73573"}],"version-history":[{"count":0,"href":"https:\/\/www.faresin.com\/fr\/wp-json\/wp\/v2\/posts\/73573\/revisions"}],"wp:featuredmedia":[{"embeddable":true,"href":"https:\/\/www.faresin.com\/fr\/wp-json\/wp\/v2\/media\/73519"}],"wp:attachment":[{"href":"https:\/\/www.faresin.com\/fr\/wp-json\/wp\/v2\/media?parent=73573"}],"wp:term":[{"taxonomy":"category","embeddable":true,"href":"https:\/\/www.faresin.com\/fr\/wp-json\/wp\/v2\/categories?post=73573"},{"taxonomy":"post_tag","embeddable":true,"href":"https:\/\/www.faresin.com\/fr\/wp-json\/wp\/v2\/tags?post=73573"}],"curies":[{"name":"wp","href":"https:\/\/api.w.org\/{rel}","templated":true}]}}