{"id":83893,"date":"2025-11-13T12:07:32","date_gmt":"2025-11-13T11:07:32","guid":{"rendered":"https:\/\/www.faresin.com\/news\/faresin-deutschland-fete-ses-20-ans-a-agritechnica-2025-un-jalon-qui-parle-de-croissance-de-proximite-avec-les-clients-et-de-vision-internationale\/"},"modified":"2025-11-13T12:09:04","modified_gmt":"2025-11-13T11:09:04","slug":"faresin-deutschland-fete-ses-20-ans-a-agritechnica-2025-un-jalon-qui-parle-de-croissance-de-proximite-avec-les-clients-et-de-vision-internationale","status":"publish","type":"post","link":"https:\/\/www.faresin.com\/fr\/news\/faresin-deutschland-fete-ses-20-ans-a-agritechnica-2025-un-jalon-qui-parle-de-croissance-de-proximite-avec-les-clients-et-de-vision-internationale\/","title":{"rendered":"Faresin Deutschland f\u00eate ses 20 ans : \u00e0 Agritechnica 2025, un jalon qui parle de croissance, de proximit\u00e9 avec les clients et de vision internationale"},"content":{"rendered":"\n<p><strong>Breganze (Italie) &#8211; Novembre 2025<\/strong> &#8211; A l&rsquo;occasion d&rsquo;Agritechnica 2025, outre les d\u00e9buts technologiques et les nouveaut\u00e9s en mati\u00e8re de produits, Faresin c\u00e9l\u00e8bre une \u00e9tape sp\u00e9ciale : le <strong>20\u00e8me anniversaire de Faresin Deutschland<\/strong>, la premi\u00e8re filiale directe du groupe en Allemagne.<br\/>Un anniversaire qui repr\u00e9sente non seulement un chapitre important dans l&rsquo;histoire de l&rsquo;entreprise, mais aussi la confirmation d&rsquo;un parcours de croissance partag\u00e9e, de pr\u00e9sence capillaire et de forte collaboration avec les \u00e9leveurs, les concessionnaires et les partenaires allemands.<\/p>\n\n<p>Pendant la foire, toutes les machines expos\u00e9es sur le stand ont \u00e9t\u00e9 orn\u00e9es d&rsquo;une <strong>rosette comm\u00e9morative<\/strong>, symbole de la gratitude de Faresin \u00e0 l&rsquo;\u00e9gard du march\u00e9 allemand et du lien tiss\u00e9 au cours de deux d\u00e9cennies.<\/p>\n\n<hr class=\"wp-block-separator has-alpha-channel-opacity\"\/>\n\n<h2 class=\"wp-block-heading\"><strong>Une filiale cr\u00e9\u00e9e pour \u00eatre proche des agriculteurs allemands<\/strong><\/h2>\n\n<p>Fond\u00e9e <strong>en 2005 \u00e0 Steinach bei Rothenburg ob der Tauber<\/strong>, Faresin Deutschland a \u00e9t\u00e9 cr\u00e9\u00e9e avec un objectif clair :<br\/><strong>pour offrir aux clients allemands un point de contact direct pour l&rsquo;assistance commerciale, technique et logistique<\/strong>, en garantissant un service conforme aux normes \u00e9lev\u00e9es du march\u00e9 allemand.<\/p>\n\n<p>Gr\u00e2ce \u00e0 cette pr\u00e9sence locale, Faresin a pu :<\/p>\n\n<ul class=\"wp-block-list\">\n<li>comprendre pr\u00e9cis\u00e9ment les besoins des agriculteurs de Bavi\u00e8re, du Bade-Wurtemberg et des r\u00e9gions voisines<\/li>\n\n\n\n<li>l&rsquo;adaptation des machines aux conditions de fonctionnement typiques des entreprises allemandes<\/li>\n\n\n\n<li>mettre en place un service de pi\u00e8ces d\u00e9tach\u00e9es et un r\u00e9seau d&rsquo;assistance rapides et efficaces<\/li>\n\n\n\n<li>cr\u00e9er des relations solides et durables avec les concessionnaires et les partenaires strat\u00e9giques<\/li>\n<\/ul>\n\n<hr class=\"wp-block-separator has-alpha-channel-opacity\"\/>\n\n<h2 class=\"wp-block-heading\"><strong>Une croissance constante et une structure de plus en plus organis\u00e9e<\/strong><\/h2>\n\n<p>Au fil des ans, la branche allemande a connu une croissance significative, devenant une r\u00e9f\u00e9rence pour.. :<\/p>\n\n<ul class=\"wp-block-list\">\n<li><strong>M\u00e8langeuses automotrices et tract\u00e9es<\/strong><\/li>\n\n\n\n<li>Technologies d&rsquo;alimentation de pr\u00e9cision<\/li>\n\n\n\n<li>chariots t\u00e9lescopiques \u00e0 usage agricole et industriel<\/li>\n\n\n\n<li>Solutions Full Electric pour les entreprises soucieuses du d\u00e9veloppement durable<\/li>\n<\/ul>\n\n<p>La strat\u00e9gie d&rsquo;expansion internationale du groupe a ensuite conduit \u00e0 la cr\u00e9ation d&rsquo;une deuxi\u00e8me filiale, <strong>Faresin Deutschland Nord<\/strong>, qui est actuellement en cours de r\u00e9organisation afin d&rsquo;assurer une pr\u00e9sence encore plus \u00e9tendue dans toute l&rsquo;Allemagne.<\/p>\n\n<hr class=\"wp-block-separator has-alpha-channel-opacity\"\/>\n\n<h2 class=\"wp-block-heading\"><strong>Un anniversaire \u00e0 la saveur particuli\u00e8re<\/strong><\/h2>\n\n<p>Le 20e anniversaire 2025 a \u00e9galement une valeur \u00e9motionnelle : Faresin se souvient de la figure de <strong>Walter Schirmer<\/strong>, l&rsquo;un des architectes de la cr\u00e9ation de la filiale, d\u00e9c\u00e9d\u00e9 pr\u00e9matur\u00e9ment en mai de cette ann\u00e9e.<br\/>Sa vision, son engagement et son d\u00e9vouement ont jou\u00e9 un r\u00f4le central dans le d\u00e9veloppement de Faresin en Allemagne.<\/p>\n\n<p>Aujourd&rsquo;hui, l&rsquo;agence est dirig\u00e9e par <strong>Martin Kn\u00e4ulein<\/strong>, qui est l\u00e0 depuis le premier jour et constitue une r\u00e9f\u00e9rence historique pour les clients et les concessionnaires, symbole de la continuit\u00e9 et du professionnalisme qui ont caract\u00e9ris\u00e9 ces 20 premi\u00e8res ann\u00e9es.<\/p>\n\n<hr class=\"wp-block-separator has-alpha-channel-opacity\"\/>\n\n<h2 class=\"wp-block-heading\"><strong>Un avenir de collaboration et d&rsquo;innovation<\/strong><\/h2>\n\n<p>L&rsquo;anniversaire c\u00e9l\u00e9br\u00e9 \u00e0 Agritechnica ne repr\u00e9sente pas un jalon, mais un nouveau point de d\u00e9part.<br\/>Faresin a pour objectif de renforcer encore sa pr\u00e9sence en Allemagne en investissant dans.. :<\/p>\n\n<ul class=\"wp-block-list\">\n<li>FULL ELECTRIC ELECTRIC<\/li>\n\n\n\n<li>Technologies d&rsquo;alimentation intelligente pour la gestion des donn\u00e9es d&rsquo;\u00e9levage<\/li>\n\n\n\n<li>formation technique et d\u00e9monstrations imm\u00e9diates sur le terrain<\/li>\n\n\n\n<li>un service apr\u00e8s-vente encore plus rapide et proche du client<\/li>\n<\/ul>\n\n<p>L&rsquo;Allemagne reste l&rsquo;un des march\u00e9s les plus strat\u00e9giques pour le groupe, et l&rsquo;histoire de Faresin Deutschland montre \u00e0 quel point la proximit\u00e9 avec le client, l&rsquo;\u00e9coute et la qualit\u00e9 du service sont d\u00e9cisives pour construire des relations solides et durables.<\/p>\n","protected":false},"excerpt":{"rendered":"<p>Breganze (Italie) &#8211; Novembre 2025 &#8211; A l&rsquo;occasion d&rsquo;Agritechnica 2025, outre les d\u00e9buts technologiques et les nouveaut\u00e9s en mati\u00e8re de produits, Faresin c\u00e9l\u00e8bre une \u00e9tape sp\u00e9ciale : le 20\u00e8me anniversaire de Faresin Deutschland, la premi\u00e8re filiale directe du groupe en Allemagne.Un anniversaire qui repr\u00e9sente non seulement un chapitre important dans l&rsquo;histoire de l&rsquo;entreprise, mais aussi [&hellip;]<\/p>\n","protected":false},"author":1,"featured_media":0,"comment_status":"closed","ping_status":"closed","sticky":false,"template":"","format":"standard","meta":{"_acf_changed":false,"footnotes":""},"categories":[337,259],"tags":[],"class_list":["post-83893","post","type-post","status-publish","format-standard","hentry","category-foires","category-communiques-de-presse"],"acf":[],"_links":{"self":[{"href":"https:\/\/www.faresin.com\/fr\/wp-json\/wp\/v2\/posts\/83893","targetHints":{"allow":["GET"]}}],"collection":[{"href":"https:\/\/www.faresin.com\/fr\/wp-json\/wp\/v2\/posts"}],"about":[{"href":"https:\/\/www.faresin.com\/fr\/wp-json\/wp\/v2\/types\/post"}],"author":[{"embeddable":true,"href":"https:\/\/www.faresin.com\/fr\/wp-json\/wp\/v2\/users\/1"}],"replies":[{"embeddable":true,"href":"https:\/\/www.faresin.com\/fr\/wp-json\/wp\/v2\/comments?post=83893"}],"version-history":[{"count":1,"href":"https:\/\/www.faresin.com\/fr\/wp-json\/wp\/v2\/posts\/83893\/revisions"}],"predecessor-version":[{"id":83894,"href":"https:\/\/www.faresin.com\/fr\/wp-json\/wp\/v2\/posts\/83893\/revisions\/83894"}],"wp:attachment":[{"href":"https:\/\/www.faresin.com\/fr\/wp-json\/wp\/v2\/media?parent=83893"}],"wp:term":[{"taxonomy":"category","embeddable":true,"href":"https:\/\/www.faresin.com\/fr\/wp-json\/wp\/v2\/categories?post=83893"},{"taxonomy":"post_tag","embeddable":true,"href":"https:\/\/www.faresin.com\/fr\/wp-json\/wp\/v2\/tags?post=83893"}],"curies":[{"name":"wp","href":"https:\/\/api.w.org\/{rel}","templated":true}]}}