{"id":66337,"date":"2021-07-21T17:30:00","date_gmt":"2021-07-21T15:30:00","guid":{"rendered":"https:\/\/www.faresin.com\/news\/raport-roczny-2020-wzrost-strukturalny-napedzany-przez-ekozrownowazone-innowacje\/"},"modified":"2023-02-22T08:47:47","modified_gmt":"2023-02-22T07:47:47","slug":"raport-roczny-2020-wzrost-strukturalny-napedzany-przez-ekozrownowazone-innowacje","status":"publish","type":"post","link":"https:\/\/www.faresin.com\/pl\/news\/raport-roczny-2020-wzrost-strukturalny-napedzany-przez-ekozrownowazone-innowacje\/","title":{"rendered":"RAPORT ROCZNY 2020: WZROST STRUKTURALNY NAP\u0118DZANY PRZEZ EKOZR\u00d3WNOWA\u017bONE INNOWACJE"},"content":{"rendered":"\n<p>Firma z Breganze zamkn\u0119\u0142a rachunki za rok 2020 z obrotem ponad 49 mln euro, utrwalaj\u0105c trend wzrostowy z ostatnich lat, nawet w annus horribilis \u015bwiatowej gospodarki.<\/p>\n\n<p>Prezentacja raportu rocznego Faresin Industries 2020 odby\u0142a si\u0119 dzisiaj w presti\u017cowej Sali Palladium w Palazzo Bonin Longare, siedzibie Stowarzyszenia Przemys\u0142owego w Vicenzy. Wa\u017cne wydarzenie, podczas kt\u00f3rego firma z Breganze dzieli si\u0119 wynikami ostatniego roku finansowego ze spo\u0142eczno\u015bci\u0105 finansow\u0105 i interesariuszami.<\/p>\n\n<p>Wyniki za rok finansowy 2020 tylko w niewielkim stopniu zosta\u0142y dotkni\u0119te rozprzestrzenianiem si\u0119 pandemii, odnotowuj\u0105c spadek przychod\u00f3w o 1,84% w stosunku do roku poprzedniego. EBITDA w roku 2020 wynios\u0142a 12,0% przychod\u00f3w w por\u00f3wnaniu do 10,3% w roku poprzednim, g\u0142\u00f3wnie dzi\u0119ki ograniczeniu koszt\u00f3w.<\/p>\n\n<p>Liczby te potwierdzaj\u0105 s\u0142uszno\u015b\u0107 drogi obranej w celu stworzenia marki poprzez integracj\u0119 biznesow\u0105 i podej\u015bcie skoncentrowane na kliencie, czyli fundamenty filozofii &#8222;firmy rodzinnej&#8221;, kt\u00f3ra przy\u015bwieca strategiom Faresin.<\/p>\n\n<p>Faresin Industries Strukturalny wzrost Faresin Industries jest kontynuowany w zakresie zdolno\u015bci przemys\u0142owej i obecno\u015bci na rynku &#8211; komentuje prezes Sante Faresin. &#8211; Wzrost nap\u0119dzany przez zr\u00f3wnowa\u017cone innowacje, czego dowodem jest mi\u0119dzynarodowy sukces naszej w pe\u0142ni elektrycznej windy, kt\u00f3ra jako pierwsza na \u015bwiecie zosta\u0142a uprzemys\u0142owiona i skomercjalizowana. W ci\u0105gu nast\u0119pnych o\u015bmiu lat zainwestujemy kolejne 50 milion\u00f3w euro w badania i rozw\u00f3j oraz procesy przemys\u0142owe w celu podwojenia produkcji przy coraz bardziej ekologicznej ofercie produkt\u00f3w. &#8222;<\/p>\n\n<p>Kluczowym czynnikiem, kt\u00f3ry zapewnia solidno\u015b\u0107 wzrostu, jest system przemys\u0142owy Faresin, kt\u00f3ry obejmuje marketing-sprzeda\u017c, badania i rozw\u00f3j oraz dzia\u0142alno\u015b\u0107 operacyjn\u0105 w jednym zintegrowanym procesie charakteryzuj\u0105cym si\u0119 wsp\u00f3lnymi celami oraz kr\u00f3tk\u0105 i elastyczn\u0105 lini\u0105 decyzyjn\u0105.<\/p>\n\n<p>Ponadto Faresin Industries kontynuowa\u0142 intensywne dzia\u0142ania w zakresie podstawowego elementu wzrostu: transformacji cyfrowej, maj\u0105cej na celu uproszczenie proces\u00f3w i podniesienie technologicznego profilu relacji z klientami.<\/p>\n\n<p>W tym wyj\u0105tkowym roku zesp\u00f3\u0142 korporacyjny by\u0142 kolejnym strategicznym czynnikiem sukcesu, pocz\u0105wszy od zbiorowej i odpowiedzialnej reakcji na sytuacj\u0119 kryzysow\u0105 w zakresie ochrony zdrowia, kt\u00f3ra zapewni\u0142a ci\u0105g\u0142o\u015b\u0107 produkcji i poradzi\u0142a sobie z trudno\u015bciami w \u0142a\u0144cuchu dostaw. Jednocze\u015bnie du\u017c\u0105 wag\u0119 przyk\u0142adano do sta\u0142ego wzrostu umiej\u0119tno\u015bci, czego efektem jest szereg szkole\u0144 kwalifikacyjnych, kt\u00f3re dotkn\u0119\u0142y ca\u0142\u0105 organizacj\u0119: pracownik\u00f3w, sie\u0107 sprzeda\u017cy i partner\u00f3w.<\/p>\n\n<p>Pomimo faktu, \u017ce rok 2020 by\u0142 trudny dla \u015bwiatowej gospodarki, uzyskane wyniki otwieraj\u0105 pozytywne perspektywy na przysz\u0142o\u015b\u0107, dzi\u0119ki solidno\u015bci strukturalnej i zdolno\u015bci reagowania, kt\u00f3r\u0105 Faresin Industries wykaza\u0142o w obliczu trudnych i nieoczekiwanych wyzwa\u0144.<\/p>\n","protected":false},"excerpt":{"rendered":"<p>Firma z Breganze zamkn\u0119\u0142a rachunki za rok 2020 z obrotem ponad 49 mln euro, utrwalaj\u0105c trend wzrostowy z ostatnich lat, nawet w annus horribilis \u015bwiatowej gospodarki. Prezentacja raportu rocznego Faresin Industries 2020 odby\u0142a si\u0119 dzisiaj w presti\u017cowej Sali Palladium w Palazzo Bonin Longare, siedzibie Stowarzyszenia Przemys\u0142owego w Vicenzy. Wa\u017cne wydarzenie, podczas kt\u00f3rego firma z Breganze [&hellip;]<\/p>\n","protected":false},"author":333,"featured_media":17557,"comment_status":"closed","ping_status":"closed","sticky":false,"template":"","format":"standard","meta":{"_acf_changed":false,"footnotes":""},"categories":[333,260],"tags":[369,387,417],"class_list":["post-66337","post","type-post","status-publish","format-standard","has-post-thumbnail","hentry","category-firma","category-komunikaty-prasowe","tag-2020-pl","tag-annual-report-pl","tag-budzet"],"acf":[],"_links":{"self":[{"href":"https:\/\/www.faresin.com\/pl\/wp-json\/wp\/v2\/posts\/66337","targetHints":{"allow":["GET"]}}],"collection":[{"href":"https:\/\/www.faresin.com\/pl\/wp-json\/wp\/v2\/posts"}],"about":[{"href":"https:\/\/www.faresin.com\/pl\/wp-json\/wp\/v2\/types\/post"}],"author":[{"embeddable":true,"href":"https:\/\/www.faresin.com\/pl\/wp-json\/wp\/v2\/users\/333"}],"replies":[{"embeddable":true,"href":"https:\/\/www.faresin.com\/pl\/wp-json\/wp\/v2\/comments?post=66337"}],"version-history":[{"count":0,"href":"https:\/\/www.faresin.com\/pl\/wp-json\/wp\/v2\/posts\/66337\/revisions"}],"wp:featuredmedia":[{"embeddable":true,"href":"https:\/\/www.faresin.com\/pl\/wp-json\/wp\/v2\/media\/17557"}],"wp:attachment":[{"href":"https:\/\/www.faresin.com\/pl\/wp-json\/wp\/v2\/media?parent=66337"}],"wp:term":[{"taxonomy":"category","embeddable":true,"href":"https:\/\/www.faresin.com\/pl\/wp-json\/wp\/v2\/categories?post=66337"},{"taxonomy":"post_tag","embeddable":true,"href":"https:\/\/www.faresin.com\/pl\/wp-json\/wp\/v2\/tags?post=66337"}],"curies":[{"name":"wp","href":"https:\/\/api.w.org\/{rel}","templated":true}]}}