{"id":66388,"date":"2021-10-30T17:34:00","date_gmt":"2021-10-30T15:34:00","guid":{"rendered":"https:\/\/www.faresin.com\/news\/faresin-industries-zmieniaja-tempo\/"},"modified":"2023-02-22T08:47:47","modified_gmt":"2023-02-22T07:47:47","slug":"faresin-industries-zmieniaja-tempo","status":"publish","type":"post","link":"https:\/\/www.faresin.com\/pl\/news\/faresin-industries-zmieniaja-tempo\/","title":{"rendered":"FARESIN INDUSTRIES ZMIENIAJ\u0104 TEMPO"},"content":{"rendered":"\n<p>Obecno\u015b\u0107 Faresin Industries w Eima international 2021 potwierdza zmian\u0119 tempa, jakie przyj\u0105\u0142 przemys\u0142 Vicenzy, i jest wynikiem wybor\u00f3w biznesowych i decyzji przemys\u0142owych podj\u0119tych na d\u0142ugo przed wyst\u0105pieniem pandemii, kt\u00f3re teraz staj\u0105 si\u0119 namacalnie odczuwalne.<\/p>\n\n<p>Seria dzia\u0142a\u0144 obejmuj\u0105cych trzy aktywa produkcyjne firmy. Niedawna prezentacja nowej gamy \u0142adowarek teleskopowych, wy\u0142\u0105cznie dla sieci dystrybucji i prasy, uprzedzi\u0142a niekt\u00f3re z tre\u015bci prezentowanych na mi\u0119dzynarodowej imprezie. I rzeczywi\u015bcie, odwiedzaj\u0105cy targi Eima b\u0119d\u0105 mogli zobaczy\u0107 na stoisku Faresin, zlokalizowanym w hali 36 &#8211; stanowisko B\/10, \u015bwiatowy podgl\u0105d modelu FS 7.32 w obni\u017conej wersji &#8222;LC&#8221; (Low Cab) oraz w wersji standardowej, jako protoplasty gamy FS. Innowacyjny technologicznie produkt o atrakcyjnym, funkcjonalnym wzornictwie, kt\u00f3ry znacz\u0105co zwi\u0119ksza widoczno\u015b\u0107 i bezpiecze\u0144stwo u\u017cytkowania, z wydajno\u015bci\u0105 na najwy\u017cszym poziomie w swojej klasie i predyspozycjami do technologii jutra.  <\/p>\n\n<p>Zaprezentowano r\u00f3wnie\u017c teleskop 6.26 Full Electric, kt\u00f3ry mia\u0142 swoj\u0105 \u015bwiatow\u0105 premier\u0119 podczas edycji 2018 tego wydarzenia. Powr\u00f3t na pozycj\u0119 lidera dla tej \u0142adowarki teleskopowej, bior\u0105c pod uwag\u0119, \u017ce od momentu jej wprowadzenia zacz\u0119\u0142a zdobywa\u0107 niezbadane nisze rynkowe, zwracaj\u0105c uwag\u0119 na wydajno\u015b\u0107, jak\u0105 jest w stanie zagwarantowa\u0107 ta innowacyjna maszyna, kt\u00f3r\u0105 mo\u017cna podsumowa\u0107 jako: Zero ha\u0142asu, Zero emisji, Zero kompromisu. Prezentowany model mo\u017ce si\u0119 r\u00f3wnie\u017c pochwali\u0107 kilkoma wa\u017cnymi ulepszeniami, kt\u00f3re jeszcze bardziej zwi\u0119kszaj\u0105 jego wydajno\u015b\u0107 operacyjn\u0105.<\/p>\n\n<p>Wagony mieszaj\u0105ce, zawsze strategiczny atut Faresin Industries, s\u0105 obecne na stoisku z kilkoma reprezentatywnymi rozwi\u0105zaniami &#8222;full optional&#8221;, kt\u00f3re \u0142\u0105cz\u0105 technologi\u0119 i wiedz\u0119 zgromadzon\u0105 przez firm\u0119 dzi\u0119ki ponad czterdziestoletniemu do\u015bwiadczeniu, wsp\u00f3\u0142pracy z instytutami uniwersyteckimi i wiedzy opracowanej we w\u0142asnym zakresie. Faresin Industries jest dzi\u015b, bez obawy przed zaprzeczeniem, firm\u0105, kt\u00f3ra projektuje, buduje i sprzedaje wozy paszowe z najbardziej zaawansowanymi rozwi\u0105zaniami, kt\u00f3re w wymierny spos\u00f3b poprawiaj\u0105 wydajno\u015b\u0107 i dobrostan karmionych zwierz\u0105t. W najbli\u017cszych miesi\u0105cach nale\u017cy spodziewa\u0107 si\u0119 wielu wa\u017cnych &#8222;inteligentnych&#8221; wprowadze\u0144.<\/p>\n\n<p>Sante Faresin, prezes Faresin Industries Faresin Industries Faresin Industries, komentuje zmian\u0119 tempa rozwoju firmy: &#8222;Ostatnie lata by\u0142y wa\u017cne dla Faresin Industries Faresin Industries Faresin Industries, poniewa\u017c uda\u0142o nam si\u0119 potwierdzi\u0107 sta\u0142y trend skonsolidowanego wzrostu firmy i jej dzia\u0142alno\u015bci. Wynik ten jest tym bardziej znacz\u0105cy, \u017ce zosta\u0142 osi\u0105gni\u0119ty w trudnym okresie dla \u015bwiata i dla bran\u017cy, co podkre\u015bla, \u017ce jest to rezultat strukturalnego wzrostu marki Faresin w zakresie innowacji, doskona\u0142o\u015bci przemys\u0142owej i obecno\u015bci na rynku&#8221;.  <\/p>\n\n<p>&#8222;Rozw\u00f3j Faresin Industries &#8211; wspomina Silvia Faresin, wiceprezes &#8211; to zintegrowany proces innowacji technologicznej 'made in Faresin&#8217; i zorientowany na klienta, charakteryzuj\u0105cy si\u0119 wsp\u00f3\u0142dzieleniem cel\u00f3w oraz szybkim i elastycznym podejmowaniem decyzji.<\/p>\n\n<p>W tej zmianie tempa wa\u017cne s\u0105 r\u00f3wnie\u017c podj\u0119te zobowi\u0105zania: w ramach planu rozwoju przemys\u0142owego w ci\u0105gu najbli\u017cszych o\u015bmiu lat zostan\u0105 zainwestowane kolejne 50 mln euro w badania i rozw\u00f3j oraz procesy przemys\u0142owe w celu podwojenia produkcji z nastawieniem na coraz bardziej ekologiczny produkt. Najwyra\u017aniejszym tego dowodem b\u0119dzie prezentacja nowych produkt\u00f3w spodziewanych w najbli\u017cszych miesi\u0105cach.  <\/p>\n\n<p>Sante Faresin wspomina: &#8222;Jeste\u015bmy przekonani, \u017ce w ci\u0105gle zmieniaj\u0105cym si\u0119 \u015brodowisku know-how jest prawdziwym atutem strategicznym. Dzi\u0119ki sta\u0142emu wzrostowi umiej\u0119tno\u015bci, w rzeczywisto\u015bci wewn\u0119trznie rozwijamy nowe technologie i procesy przemys\u0142owe, kt\u00f3re &#8211; opr\u00f3cz przynoszenia zysk\u00f3w &#8211; pozwalaj\u0105 nam kierowa\u0107 przysz\u0142o\u015bci\u0105 przedsi\u0119biorstwa&#8221;.<\/p>\n","protected":false},"excerpt":{"rendered":"<p>Obecno\u015b\u0107 Faresin Industries w Eima international 2021 potwierdza zmian\u0119 tempa, jakie przyj\u0105\u0142 przemys\u0142 Vicenzy, i jest wynikiem wybor\u00f3w biznesowych i decyzji przemys\u0142owych podj\u0119tych na d\u0142ugo przed wyst\u0105pieniem pandemii, kt\u00f3re teraz staj\u0105 si\u0119 namacalnie odczuwalne. Seria dzia\u0142a\u0144 obejmuj\u0105cych trzy aktywa produkcyjne firmy. Niedawna prezentacja nowej gamy \u0142adowarek teleskopowych, wy\u0142\u0105cznie dla sieci dystrybucji i prasy, uprzedzi\u0142a niekt\u00f3re [&hellip;]<\/p>\n","protected":false},"author":333,"featured_media":17578,"comment_status":"closed","ping_status":"closed","sticky":false,"template":"","format":"standard","meta":{"_acf_changed":false,"footnotes":""},"categories":[339,260],"tags":[465,587],"class_list":["post-66388","post","type-post","status-publish","format-standard","has-post-thumbnail","hentry","category-kiermasze","category-komunikaty-prasowe","tag-eima-pl","tag-ladowarki-teleskopowe"],"acf":[],"_links":{"self":[{"href":"https:\/\/www.faresin.com\/pl\/wp-json\/wp\/v2\/posts\/66388","targetHints":{"allow":["GET"]}}],"collection":[{"href":"https:\/\/www.faresin.com\/pl\/wp-json\/wp\/v2\/posts"}],"about":[{"href":"https:\/\/www.faresin.com\/pl\/wp-json\/wp\/v2\/types\/post"}],"author":[{"embeddable":true,"href":"https:\/\/www.faresin.com\/pl\/wp-json\/wp\/v2\/users\/333"}],"replies":[{"embeddable":true,"href":"https:\/\/www.faresin.com\/pl\/wp-json\/wp\/v2\/comments?post=66388"}],"version-history":[{"count":0,"href":"https:\/\/www.faresin.com\/pl\/wp-json\/wp\/v2\/posts\/66388\/revisions"}],"wp:featuredmedia":[{"embeddable":true,"href":"https:\/\/www.faresin.com\/pl\/wp-json\/wp\/v2\/media\/17578"}],"wp:attachment":[{"href":"https:\/\/www.faresin.com\/pl\/wp-json\/wp\/v2\/media?parent=66388"}],"wp:term":[{"taxonomy":"category","embeddable":true,"href":"https:\/\/www.faresin.com\/pl\/wp-json\/wp\/v2\/categories?post=66388"},{"taxonomy":"post_tag","embeddable":true,"href":"https:\/\/www.faresin.com\/pl\/wp-json\/wp\/v2\/tags?post=66388"}],"curies":[{"name":"wp","href":"https:\/\/api.w.org\/{rel}","templated":true}]}}