{"id":66476,"date":"2022-11-25T15:42:44","date_gmt":"2022-11-25T14:42:44","guid":{"rendered":"https:\/\/www.faresin.com\/news\/faresin-industries-na-targach-eima-2022-inteligentna-technologia-w-sluzbie-rolnika\/"},"modified":"2023-02-22T08:47:46","modified_gmt":"2023-02-22T07:47:46","slug":"faresin-industries-na-targach-eima-2022-inteligentna-technologia-w-sluzbie-rolnika","status":"publish","type":"post","link":"https:\/\/www.faresin.com\/pl\/news\/faresin-industries-na-targach-eima-2022-inteligentna-technologia-w-sluzbie-rolnika\/","title":{"rendered":"Faresin Industries na targach EIMA 2022: Inteligentna technologia w s\u0142u\u017cbie rolnika"},"content":{"rendered":"\t\t<div data-elementor-type=\"wp-post\" data-elementor-id=\"66476\" class=\"elementor elementor-66476 elementor-15085\" data-elementor-post-type=\"post\">\n\t\t\t\t\t\t<section class=\"elementor-section elementor-top-section elementor-element elementor-element-7907064b elementor-section-boxed elementor-section-height-default elementor-section-height-default\" data-id=\"7907064b\" data-element_type=\"section\" data-e-type=\"section\">\n\t\t\t\t\t\t<div class=\"elementor-container elementor-column-gap-default\">\n\t\t\t\t\t<div class=\"elementor-column elementor-col-100 elementor-top-column elementor-element elementor-element-279613d8\" data-id=\"279613d8\" data-element_type=\"column\" data-e-type=\"column\">\n\t\t\t<div class=\"elementor-widget-wrap elementor-element-populated\">\n\t\t\t\t\t\t<div class=\"elementor-element elementor-element-44049a6e elementor-widget elementor-widget-text-editor\" data-id=\"44049a6e\" data-element_type=\"widget\" data-e-type=\"widget\" data-widget_type=\"text-editor.default\">\n\t\t\t\t<div class=\"elementor-widget-container\">\n\t\t\t\t\t\t\t\t\t<p><\/p>\n<p>Faresin Industries we\u017amie udzia\u0142 w kolejnej edycji targ\u00f3w EIMA, prezentuj\u0105c najnowsze innowacje technologiczne zastosowane w swoich liniach produktowych: wozach paszowych i \u0142adowarkach teleskopowych.<\/p>\n<p><\/p>\n<p><\/p>\n<p>Marka z Vicenzy kontynuuje wi\u0119c drog\u0119 innowacji w s\u0142u\u017cbie klienta, kt\u00f3ra przewiduje na ka\u017cdy sezon wprowadzenie nowych modeli zdolnych do szybkiego reagowania na zmiany popytu.<\/p>\n<p><\/p>\n<p><\/p>\n<p>W fabryce w Breganze projektuje si\u0119 i produkuje technologie, kt\u00f3re maj\u0105 na celu ci\u0105g\u0142e podnoszenie poprzeczki wydajno\u015bci i oferowanie najnowocze\u015bniejszych rozwi\u0105za\u0144 konstrukcyjnych.<\/p>\n<p><\/p>\n<p><\/p>\n<p>Prawie 50 lat do\u015bwiadczenia w bran\u017cy oraz zaawansowane badania naukowe stawiaj\u0105 firm\u0119 Faresin w czo\u0142\u00f3wce innowacji zootechnicznych, dzi\u0119ki czemu jej wozy paszowe i \u0142adowarki teleskopowe zaznaczaj\u0105 swoj\u0105 obecno\u015b\u0107 na \u015bwiatowym rynku maszyn rolniczych, przyczyniaj\u0105c si\u0119 nie tylko do poprawy dobrostanu zwierz\u0105t w gospodarstwach rolnych, ale r\u00f3wnie\u017c do optymalizacji cyklu pracy operator\u00f3w i obci\u0105\u017cenia.<\/p>\n<p><\/p>\n<p><\/p>\n<p>Na targach EIMA Faresin zaprezentuje dwie nowe pozycje:<\/p>\n<p><\/p>\n<p><\/p>\n<ul>\n<li style=\"list-style-type: none;\">\n<ul><\/ul>\n<\/li>\n<\/ul>\n<ul>\n<li style=\"list-style-type: none;\">\n<ul>\n<li><strong>Leader PF<\/strong>, samojezdny w\u00f3z mieszaj\u0105cy z trzema \u015blimakami, nagrodzony<em>&#8222;EIMA 2022<\/em>Award&#8221;;<\/li>\n<\/ul>\n<\/li>\n<\/ul>\n<p><\/p>\n<p><\/p>\n<ul>\n<li style=\"list-style-type: none;\">\n<ul>\n<li><strong>FS 9.32 Compact<\/strong> nowo\u015b\u0107 z nowej generacji \u0142adowarek teleskopowych Faresin, przeznaczona do obs\u0142ugi w gospodarstwie.<\/li>\n<\/ul>\n<\/li>\n<\/ul>\n<p><\/p>\n<p><\/p>\n<p><\/p>\n<p>Nie zabraknie te\u017c modelu <strong>6.26 Full Electric<\/strong>, kt\u00f3ry cho\u0107 zaprezentowany jako \u015bwiatowa premiera podczas edycji EIMA 2018, nadal jest nowo\u015bci\u0105 dla ca\u0142ego sektora, tak\u017ce dzi\u0119ki ci\u0105g\u0142ym aktualizacjom technologicznym.<\/p>\n<p><\/p>\n<p><\/p>\n<p><strong><br><\/strong><img decoding=\"async\" width=\"500\" height=\"334\" class=\"wp-image-15088\" style=\"width: 500px;\" src=\"https:\/\/www.faresin.com\/wp-content\/uploads\/DJI_0563.jpg\" alt=\"\" srcset=\"https:\/\/www.faresin.com\/wp-content\/uploads\/DJI_0563.jpg 1000w, https:\/\/www.faresin.com\/wp-content\/uploads\/DJI_0563-300x200.jpg 300w, https:\/\/www.faresin.com\/wp-content\/uploads\/DJI_0563-768x512.jpg 768w, https:\/\/www.faresin.com\/wp-content\/uploads\/DJI_0563-600x400.jpg 600w\" sizes=\"(max-width: 500px) 100vw, 500px\" \/><\/p>\n<p><\/p>\n<p><\/p>\n<p><strong>Nowy samojezdny w\u00f3z paszowy LEADER PF: MAKSYMALNA WYDAJNO\u015a\u0106, NAJNI\u017bSZE ZU\u017bYCIE<\/strong><\/p>\n<p><\/p>\n<p><\/p>\n<p>Faresin Industries prezentuje, w ramach \u015bwiatowej premiery, sw\u00f3j nowy samojezdny w\u00f3z mieszaj\u0105cy z 3 \u015blimakami. Maszyna zaprojektowana z my\u015bl\u0105 o du\u017cych stadach &#8211; od 1000 sztuk wzwy\u017c &#8211; kt\u00f3re przekszta\u0142caj\u0105 \u015bwiatowy sektor hodowlany.<\/p>\n<p><\/p>\n<p><\/p>\n<p>LEADER PF3 jest uosobieniem technologii Faresin i wprowadza innowacje, kt\u00f3re znacz\u0105co poprawiaj\u0105 rentowno\u015b\u0107 obory.<\/p>\n<p><\/p>\n<p><\/p>\n<p><strong>Nadzwyczajna zdolno\u015b\u0107 produkcyjna.<\/strong> Kubatura zbiornik\u00f3w mieszaj\u0105cych: <strong>30 i 36<sup>m3<\/sup><\/strong>. Pionowy system 3 \u015bwidr\u00f3w z geometri\u0105 organu mieszaj\u0105cego, kt\u00f3ra gwarantuje doskona\u0142e ujednolicenie z poszanowaniem w\u0142\u00f3kien klasy Faresin.<\/p>\n<p><\/p>\n<p><\/p>\n<p><strong>Post\u0119powanie w ka\u017cdej sytuacji.<\/strong> Maszyna zosta\u0142a zaprojektowana z perspektywy rolnika, aby zapewni\u0107 dost\u0119pno\u015b\u0107 przez przej\u015bcia o ograniczonej wysoko\u015bci, pomimo jej majestatycznej wielko\u015bci. I  <strong>3 osie kierowane<\/strong>ze sta\u0142ym nap\u0119dem na cztery ko\u0142a z przodu i z ty\u0142u oraz serwo-hydraulicznym uk\u0142adem kierowniczym na wszystkich osiach to elementy krytyczne, kt\u00f3re zmniejszaj\u0105 przestrze\u0144 potrzebn\u0105 do manewrowania nawet w ma\u0142ych stajniach i pozwalaj\u0105 na bardzo komfortowe poruszanie si\u0119 po drogach.<\/p>\n<p><\/p>\n<p><\/p>\n<p><strong>ECOTRONIC: Optymalizacja, automatyzacja, zmniejszenie zu\u017cycia. <\/strong>W 2017 roku, wraz z wprowadzeniem na rynek pierwszej serii PF, Faresin wprowadzi\u0142 koncepcj\u0119 projektow\u0105 &#8222;laboratorium na k\u00f3\u0142kach&#8221; charakteryzuj\u0105c\u0105 si\u0119 integracj\u0105 urz\u0105dzenia Polispec NIR z maszyn\u0105 w celu zagwarantowania jako\u015bci unifeedu.<\/p>\n<p><\/p>\n<p><\/p>\n<p>Z ECOTRONIC idziemy o krok dalej, przekszta\u0142caj\u0105c obr\u00f3bk\u0119 w prawdziwie zautomatyzowany proces przemys\u0142owy. Ten nowy system \u0142\u0105czy ze sob\u0105 wszystkie urz\u0105dzenia maszyny i pozwala, pocz\u0105wszy od receptury, zaprogramowa\u0107 wszystkie jej czynno\u015bci w zale\u017cno\u015bci od stopniowo \u0142adowanych surowc\u00f3w.&nbsp; Proces, kt\u00f3ry dzi\u0119ki \u015bci\u015ble okre\u015blonym parametrom zapewnia optymaln\u0105 obs\u0142ug\u0119 wszystkich urz\u0105dze\u0144 za\u0142adowczych, tn\u0105cych i mieszaj\u0105cych w celu przygotowania jak najlepszej jako\u015bci unifeedu.<\/p>\n<p><\/p>\n<p><\/p>\n<p>ECOTRONIC, dzi\u0119ki automatyzacji, optymalizuje r\u00f3wnie\u017c wykorzystanie energii, dozuj\u0105c j\u0105 zgodnie z potrzebami ka\u017cdej operacji procesowej. Dzi\u0119ki temu <strong>zmniejsza si\u0119 zu\u017cycie<\/strong> i powstaje strukturalna trwa\u0142o\u015b\u0107.&nbsp;<\/p>\n<p><\/p>\n<p><\/p>\n<p>Optymalizacja zasob\u00f3w rozci\u0105ga si\u0119 r\u00f3wnie\u017c na prac\u0119 operatora, kt\u00f3ry dzi\u0119ki uproszczeniu staje si\u0119 &#8222;przewodnikiem systemu&#8221; bez konieczno\u015bci posiadania specjalnych umiej\u0119tno\u015bci zawodowych.<\/p>\n<p><\/p>\n<p><\/p>\n<p>Dzi\u0119ki inteligentnej automatyzacji procesu LEADER PF, flagowy produkt linii Faresin, otwiera now\u0105 drog\u0119 do rozwoju stada pod wzgl\u0119dem jako\u015bci i rentowno\u015bci.<\/p>\n<p><\/p>\n<p><\/p>\n<p>W\u0142a\u015bnie dzi\u0119ki tym wysoce innowacyjnym cechom Leader PFotrzyma\u0142 <strong>nagrod\u0119 &#8222;<em>EIMA 2022 Commendation<\/em>&#8222;<\/strong>.<\/p>\n<p><\/p>\n<p><\/p>\n<p>Te same innowacje zostan\u0105 wkr\u00f3tce rozszerzone na ca\u0142\u0105 gam\u0119 wagon\u00f3w mieszalnikowych w\u0142oskiej marki.<\/p><p><br><\/p>\n<p><\/p>\n<p><\/p>\n<p><\/p>\n<p><\/p>\n<p><img decoding=\"async\" width=\"500\" height=\"334\" class=\"wp-image-15092\" style=\"width: 500px;\" src=\"https:\/\/www.faresin.com\/wp-content\/uploads\/LUI08665.jpg\" alt=\"\" srcset=\"https:\/\/www.faresin.com\/wp-content\/uploads\/LUI08665.jpg 1000w, https:\/\/www.faresin.com\/wp-content\/uploads\/LUI08665-300x200.jpg 300w, https:\/\/www.faresin.com\/wp-content\/uploads\/LUI08665-768x512.jpg 768w, https:\/\/www.faresin.com\/wp-content\/uploads\/LUI08665-600x400.jpg 600w\" sizes=\"(max-width: 500px) 100vw, 500px\" \/><\/p>\n<p><\/p>\n<p><\/p>\n<p><strong>FS 9.32 Compact<\/strong><\/p>\n<p><\/p>\n<p><\/p>\n<p>Na targach Eima zostanie zaprezentowany kolejny nowy model \u0142adowarki teleskopowej Next Generation firmy Faresin. FS 9.32 Compact to wi\u0119kszy brat FS 7.32 Compact, kt\u00f3ry zadebiutowa\u0142 w zesz\u0142ym roku na edycji 2021. Maksymalny ud\u017awig <strong>3,2 tony i wysoko\u015b\u0107 podnoszenia do 9 m<\/strong> to liczby, kt\u00f3re okre\u015blaj\u0105 t\u0119 pot\u0119\u017cn\u0105 i wszechstronn\u0105 maszyn\u0119. D\u0142u\u017csze rami\u0119, sk\u0142adaj\u0105ce si\u0119 z dw\u00f3ch sekcji wleczonych, zapewnia wi\u0119ksz\u0105 <em>wydajno\u015b\u0107 <\/em>przy zachowaniu pe\u0142nego bezpiecze\u0144stwa.<\/p>\n<p><\/p>\n<p><\/p>\n<p>Ten nowy model uosabia wszystkie cechy nowej serii FS Compact, kt\u00f3ra wyznacza nowy standard w segmencie Compact. Seria zaprojektowana od podstaw w odpowiedzi na rosn\u0105ce zapotrzebowanie na \u015bwiadomo\u015b\u0107 ekologiczn\u0105 we wszystkich sektorach.<\/p>\n<p><\/p>\n<p><\/p>\n<p>Prawdziwa odpowied\u017a &#8222;systemowa&#8221;, kt\u00f3ra wynosi FS Compact na <strong>szczyt swojego segmentu<\/strong>, poniewa\u017c wp\u0142ywa na wszystkie g\u0142\u00f3wne funkcje maszyny i stawia operatora w centrum, \u0142\u0105czniku mi\u0119dzy maszyn\u0105, jej zarz\u0105dzaniem i kontrol\u0105 funkcjonaln\u0105 i serwisow\u0105.<\/p>\n<p><\/p>\n<p><\/p>\n<p>Nowa gama FS powsta\u0142a w gotowo\u015bci do przysz\u0142ego rozwoju w zakresie po\u0142\u0105cze\u0144 i<em>&#8222;internetu rzeczy<\/em>&#8221; i charakteryzuje si\u0119 innowacyjnym wzornictwem, kt\u00f3re rozpocz\u0119\u0142o si\u0119 od pomys\u0142u badawczo-rozwojowego firmy Faresin i zosta\u0142o opracowane we wsp\u00f3\u0142pracy z presti\u017cowymi specjalistycznymi studiami i partnerami na czele technologii wykonawczej. Obni\u017cona i nachylona w kierunku prawego ko\u0142a przedniego nowa maska silnika wyznacza nowy <strong>poziom widoczno\u015bci dla \u0142adowarek teleskopowych<\/strong>.<\/p>\n<p><\/p>\n<p><\/p>\n<p>Cz\u0119\u015b\u0107 hydrauliczna jest prawdziwym motorem nap\u0119dowym maszyny i jest przewymiarowana, aby zagwarantowa\u0107 wszechstronno\u015b\u0107 zastosowania, z przep\u0142ywem od 120 do 180 litr\u00f3w\/min, w zale\u017cno\u015bci od konfiguracji, zdolnym do zapewnienia niezwykle szybkich cykli pracy.<\/p>\n<p><\/p>\n<p><\/p>\n<p>Prezentowana wersja b\u0119dzie wersj\u0105 z <strong>obni\u017con\u0105 kabin\u0105, kt\u00f3rej wysoko\u015b\u0107 wynosi zaledwie 2,06 m<\/strong>.<\/p><p><br><\/p>\n<p><\/p>\n<p><\/p>\n<p><\/p>\n<p><\/p>\n<p><img decoding=\"async\" width=\"500\" height=\"334\" class=\"wp-image-15093\" style=\"width: 500px;\" src=\"https:\/\/www.faresin.com\/wp-content\/uploads\/Full-electric-range-amb-18.jpg\" alt=\"\" srcset=\"https:\/\/www.faresin.com\/wp-content\/uploads\/Full-electric-range-amb-18.jpg 1000w, https:\/\/www.faresin.com\/wp-content\/uploads\/Full-electric-range-amb-18-300x200.jpg 300w, https:\/\/www.faresin.com\/wp-content\/uploads\/Full-electric-range-amb-18-768x512.jpg 768w, https:\/\/www.faresin.com\/wp-content\/uploads\/Full-electric-range-amb-18-600x400.jpg 600w\" sizes=\"(max-width: 500px) 100vw, 500px\" \/><\/p>\n<p><\/p>\n<p><\/p>\n<p><strong>6.26 Full Electric<\/strong><\/p>\n<p><\/p>\n<p><\/p>\n<p>Teleskop 6.26 Full Electric Faresin szybko podbija \u015bwiatowy rynek. Dzi\u0119ki tej windzie, kt\u00f3ra zosta\u0142a zaprezentowana w 2018 roku na targach Eima jako pierwsza na \u015bwiecie winda elektryczna, Faresin ma przewag\u0119 konkurencyjn\u0105 nad czo\u0142owymi graczami w bran\u017cy.<\/p>\n<p><\/p>\n<p><\/p>\n<p>Zwinna, cicha i zr\u00f3wnowa\u017cona. Podno\u015bnik 6.26 Full Electric Faresin dzi\u0119ki <strong>ud\u017awigowi 2,6 tony i maksymalnej wysoko\u015bci 6m<\/strong> nadaje si\u0119 do ka\u017cdego rodzaju zastosowania. Bli\u017aniak wersji z silnikiem endotermicznym, zosta\u0142 stworzony jako bezkompromisowo ekologiczna alternatywa. \u0141adowarka 6.26 Full Electric firmy Faresin jest przeznaczona do stosowania w miejscach, w kt\u00f3rych nale\u017cy ograniczy\u0107 emisj\u0119 spalin i ha\u0142asu, takich jak place budowy w nocy, osiedla mieszkaniowe z zerow\u0105 emisj\u0105 spalin, hodowle zwierz\u0105t, szklarnie, miejsca obr\u00f3bki \u017cywno\u015bci, takie jak ch\u0142odnie, piwnice win, laboratoria spo\u017cywcze itp. Faresin wyposa\u017cy\u0142 swoj\u0105 w pe\u0142ni elektryczn\u0105 \u0142adowark\u0119 teleskopow\u0105 w dwa synchroniczne silniki elektryczne zasilane bateriami litowymi, dost\u0119pne w trzech wersjach:  <strong>24 kW\/h (315 Ah), 32 kW\/h (420 Ah) i 43 kW\/h (560 Ah).<\/strong> Faresin oferuje r\u00f3wnie\u017c nowy <em>pok\u0142adowy<\/em> system <em>szybkiego<\/em> \u0142adowania, kt\u00f3ry w pe\u0142ni \u0142aduje bateri\u0119 w zaledwie dwie i p\u00f3\u0142 godziny.<\/p>\n<p><\/p>\t\t\t\t\t\t\t\t<\/div>\n\t\t\t\t<\/div>\n\t\t\t\t\t<\/div>\n\t\t<\/div>\n\t\t\t\t\t<\/div>\n\t\t<\/section>\n\t\t\t\t<\/div>\n\t\t","protected":false},"excerpt":{"rendered":"<p>Faresin Industries we\u017amie udzia\u0142 w kolejnej edycji targ\u00f3w EIMA, prezentuj\u0105c najnowsze innowacje technologiczne zastosowane w swoich liniach produktowych: wozach paszowych i \u0142adowarkach teleskopowych. Marka z Vicenzy kontynuuje wi\u0119c drog\u0119 innowacji w s\u0142u\u017cbie klienta, kt\u00f3ra przewiduje na ka\u017cdy sezon wprowadzenie nowych modeli zdolnych do szybkiego reagowania na zmiany popytu. W fabryce w Breganze projektuje si\u0119 i [&hellip;]<\/p>\n","protected":false},"author":333,"featured_media":55978,"comment_status":"closed","ping_status":"closed","sticky":false,"template":"","format":"standard","meta":{"_acf_changed":false,"footnotes":""},"categories":[339,260],"tags":[465,587,435],"class_list":["post-66476","post","type-post","status-publish","format-standard","has-post-thumbnail","hentry","category-kiermasze","category-komunikaty-prasowe","tag-eima-pl","tag-ladowarki-teleskopowe","tag-wozy-paszowe"],"acf":[],"_links":{"self":[{"href":"https:\/\/www.faresin.com\/pl\/wp-json\/wp\/v2\/posts\/66476","targetHints":{"allow":["GET"]}}],"collection":[{"href":"https:\/\/www.faresin.com\/pl\/wp-json\/wp\/v2\/posts"}],"about":[{"href":"https:\/\/www.faresin.com\/pl\/wp-json\/wp\/v2\/types\/post"}],"author":[{"embeddable":true,"href":"https:\/\/www.faresin.com\/pl\/wp-json\/wp\/v2\/users\/333"}],"replies":[{"embeddable":true,"href":"https:\/\/www.faresin.com\/pl\/wp-json\/wp\/v2\/comments?post=66476"}],"version-history":[{"count":0,"href":"https:\/\/www.faresin.com\/pl\/wp-json\/wp\/v2\/posts\/66476\/revisions"}],"wp:featuredmedia":[{"embeddable":true,"href":"https:\/\/www.faresin.com\/pl\/wp-json\/wp\/v2\/media\/55978"}],"wp:attachment":[{"href":"https:\/\/www.faresin.com\/pl\/wp-json\/wp\/v2\/media?parent=66476"}],"wp:term":[{"taxonomy":"category","embeddable":true,"href":"https:\/\/www.faresin.com\/pl\/wp-json\/wp\/v2\/categories?post=66476"},{"taxonomy":"post_tag","embeddable":true,"href":"https:\/\/www.faresin.com\/pl\/wp-json\/wp\/v2\/tags?post=66476"}],"curies":[{"name":"wp","href":"https:\/\/api.w.org\/{rel}","templated":true}]}}