{"id":66497,"date":"2021-11-01T17:36:00","date_gmt":"2021-11-01T16:36:00","guid":{"rendered":"https:\/\/www.faresin.com\/news\/fs-7-32-compact-pierwszy-model-nowej-generacji-ladowarek-teleskopowych-faresin\/"},"modified":"2023-02-22T08:47:47","modified_gmt":"2023-02-22T07:47:47","slug":"fs-7-32-compact-pierwszy-model-nowej-generacji-ladowarek-teleskopowych-faresin","status":"publish","type":"post","link":"https:\/\/www.faresin.com\/pl\/news\/fs-7-32-compact-pierwszy-model-nowej-generacji-ladowarek-teleskopowych-faresin\/","title":{"rendered":"FS 7.32 COMPACT, PIERWSZY MODEL NOWEJ GENERACJI \u0141ADOWAREK TELESKOPOWYCH FARESIN"},"content":{"rendered":"\n<p>Firma z Wenecji Euganejskiej zaprezentowa\u0142a dzi\u015b model FS 7.32 Compact, pierwszy z nowej gamy FS &#8211; podno\u015bnik\u00f3w teleskopowych Faresin Industries.  <\/p>\n\n<p>Faresin wybra\u0142 do tego celu audycj\u0119 w trybie &#8222;Closed Room&#8221;, nadawan\u0105 z hangaru przy zak\u0142adzie w Breganze. Minimalistyczny, ale zaawansowany technologicznie przekaz wideo na \u017cywo, w ca\u0142o\u015bci skupiony na technicznej i funkcjonalnej zawarto\u015bci nowego produktu.  <\/p>\n\n<p>Wielog\u0142osowa opowie\u015b\u0107, w kt\u00f3rej wyst\u0105pi\u0142 zesp\u00f3\u0142 projektowy FS kierowany przez prezesa Sante Faresin oraz jego c\u00f3rki Silvi\u0119 i Giuli\u0119, odpowiednio wiceprezes i dyrektor operacyjny Faresin Industries.<\/p>\n\n<p>Prawdziwa zmiana paradygmatu z my\u015bl\u0105 o przysz\u0142o\u015bci, poniewa\u017c gama zosta\u0142a stworzona przygotowana na rozw\u00f3j technologii &#8222;Internet of Things&#8221;, kt\u00f3ra ma coraz bardziej strategiczne znaczenie dla zarz\u0105dzania flot\u0105 oraz interakcji mi\u0119dzy maszynami i urz\u0105dzeniami w gospodarstwach rolnych i na placach budowy.<\/p>\n\n<p>FS 7.32 Compact zosta\u0142 zaprojektowany od podstaw w\u0142a\u015bnie po to, aby odpowiedzie\u0107 na zmieniaj\u0105ce si\u0119 zapotrzebowanie i rosn\u0105c\u0105 \u015bwiadomo\u015b\u0107 ekologiczn\u0105 we wszystkich sektorach. Prawdziwa odpowied\u017a &#8222;systemowa&#8221;, kt\u00f3ra stawia FS 7.32 Compact na szczycie swojego segmentu, poniewa\u017c wp\u0142ywa na wszystkie g\u0142\u00f3wne funkcje maszyny i stawia operatora w centrum, \u0142\u0105czniku mi\u0119dzy maszyn\u0105, jej zarz\u0105dzaniem i kontrol\u0105 funkcjonaln\u0105 i serwisow\u0105.<\/p>\n\n<p>Projekt FS 7.32 Compact jest wynikiem 20 lat do\u015bwiadcze\u0144 w bran\u017cy teleskopowej i opiera si\u0119 na systemie przemys\u0142owym, w kt\u00f3rym badania i rozw\u00f3j, produkcja i marketing-sprzeda\u017c dzia\u0142aj\u0105 w jednym zintegrowanym procesie, kt\u00f3ry stawia klienta w centrum wszystkiego.  <\/p>\n\n<p>Wszystkie elementy konstrukcyjne nowej maszyny, w tym wyrafinowane oprogramowanie zarz\u0105dzaj\u0105ce zintegrowanymi czujnikami, zosta\u0142y w rzeczywisto\u015bci zaprojektowane, przetestowane i wyprodukowane w fabryce w Breganze.  <\/p>\n\n<p>Technologia made in Faresin, kt\u00f3ra rewolucjonizuje przemys\u0142 i ju\u017c przyci\u0105gn\u0119\u0142a \u015bwiatow\u0105 uwag\u0119 dzi\u0119ki wprowadzeniu pierwszej na \u015bwiecie w pe\u0142ni elektrycznej windy.<\/p>\n\n<p>Nowy FS 7.32 Compact zostanie zaprezentowany szerokiej publiczno\u015bci podczas targ\u00f3w Eima International w Bolonii, gdzie odwiedzaj\u0105cy b\u0119d\u0105 mogli z bliska pozna\u0107 ten technologiczny klejnot.  <\/p>\n\n<p><a href=\"https:\/\/www.faresin.com\/wp-content\/uploads\/IT-Press-Release-Faresin-FS-7.32-Compact-Preview-.docx\">Pobierz pe\u0142n\u0105 informacj\u0119 prasow\u0105  &gt;&gt;<\/a><\/p>\n","protected":false},"excerpt":{"rendered":"<p>Firma z Wenecji Euganejskiej zaprezentowa\u0142a dzi\u015b model FS 7.32 Compact, pierwszy z nowej gamy FS &#8211; podno\u015bnik\u00f3w teleskopowych Faresin Industries. Faresin wybra\u0142 do tego celu audycj\u0119 w trybie &#8222;Closed Room&#8221;, nadawan\u0105 z hangaru przy zak\u0142adzie w Breganze. Minimalistyczny, ale zaawansowany technologicznie przekaz wideo na \u017cywo, w ca\u0142o\u015bci skupiony na technicznej i funkcjonalnej zawarto\u015bci nowego produktu. [&hellip;]<\/p>\n","protected":false},"author":333,"featured_media":17585,"comment_status":"closed","ping_status":"closed","sticky":false,"template":"","format":"standard","meta":{"_acf_changed":false,"footnotes":""},"categories":[260,351],"tags":[587,545,569],"class_list":["post-66497","post","type-post","status-publish","format-standard","has-post-thumbnail","hentry","category-komunikaty-prasowe","category-ladowarki-teleskopowe","tag-ladowarki-teleskopowe","tag-next-generation-pl","tag-seria-fs"],"acf":[],"_links":{"self":[{"href":"https:\/\/www.faresin.com\/pl\/wp-json\/wp\/v2\/posts\/66497","targetHints":{"allow":["GET"]}}],"collection":[{"href":"https:\/\/www.faresin.com\/pl\/wp-json\/wp\/v2\/posts"}],"about":[{"href":"https:\/\/www.faresin.com\/pl\/wp-json\/wp\/v2\/types\/post"}],"author":[{"embeddable":true,"href":"https:\/\/www.faresin.com\/pl\/wp-json\/wp\/v2\/users\/333"}],"replies":[{"embeddable":true,"href":"https:\/\/www.faresin.com\/pl\/wp-json\/wp\/v2\/comments?post=66497"}],"version-history":[{"count":0,"href":"https:\/\/www.faresin.com\/pl\/wp-json\/wp\/v2\/posts\/66497\/revisions"}],"wp:featuredmedia":[{"embeddable":true,"href":"https:\/\/www.faresin.com\/pl\/wp-json\/wp\/v2\/media\/17585"}],"wp:attachment":[{"href":"https:\/\/www.faresin.com\/pl\/wp-json\/wp\/v2\/media?parent=66497"}],"wp:term":[{"taxonomy":"category","embeddable":true,"href":"https:\/\/www.faresin.com\/pl\/wp-json\/wp\/v2\/categories?post=66497"},{"taxonomy":"post_tag","embeddable":true,"href":"https:\/\/www.faresin.com\/pl\/wp-json\/wp\/v2\/tags?post=66497"}],"curies":[{"name":"wp","href":"https:\/\/api.w.org\/{rel}","templated":true}]}}