{"id":66513,"date":"2022-06-22T18:00:00","date_gmt":"2022-06-22T16:00:00","guid":{"rendered":"https:\/\/www.faresin.com\/news\/raport-roczny-2021-znaczacy-wzrost-w-zlozonym-roku\/"},"modified":"2023-02-22T08:47:46","modified_gmt":"2023-02-22T07:47:46","slug":"raport-roczny-2021-znaczacy-wzrost-w-zlozonym-roku","status":"publish","type":"post","link":"https:\/\/www.faresin.com\/pl\/news\/raport-roczny-2021-znaczacy-wzrost-w-zlozonym-roku\/","title":{"rendered":"RAPORT ROCZNY 2021: ZNACZ\u0104CY WZROST W Z\u0141O\u017bONYM ROKU"},"content":{"rendered":"\n<p>  Dzisiaj, w \u015brod\u0119 22 czerwca 2022 r., Faresin Industries zaprezentowa\u0142 sw\u00f3j Raport Roczny 2021 spo\u0142eczno\u015bci finansowej podczas zwyczajowego dorocznego spotkania w sali honorowej Palazzo Bonin Longare, siedzibie Confindustria Vicenza.  <\/p>\n\n<p>&#8222;Jeste\u015bmy bardzo zadowoleni z naszego 2021 roku, poniewa\u017c uda\u0142o nam si\u0119 potwierdzi\u0107 trend rozwoju i wzrostu z ostatnich kilku lat z +17,9% na obrotach i +27,6% na Ebitda. Zysk netto r\u00f3wnie\u017c ro\u015bnie, odnotowuj\u0105c wzrost o +12,2% w por\u00f3wnaniu z rokiem 2020. &#8211; komentuje Sante Faresin, Prezes Faresin Industries &#8211; &#8222;Ten wynik jest szczeg\u00f3lnie wa\u017cny, poniewa\u017c zosta\u0142 osi\u0105gni\u0119ty w roku, kt\u00f3ry by\u0142 jeszcze trudniejszy ni\u017c 2020, ze wzgl\u0119du na wsp\u00f3\u0142istnienie kilku problem\u00f3w strukturalnych, kt\u00f3re wprawi\u0142y \u0142a\u0144cuch dostaw w kryzys i sprawi\u0142y, \u017ce kontekst ekonomiczny, w kt\u00f3rym dzia\u0142amy, sta\u0142 si\u0119 p\u0142ynny i nieprzewidywalny.&#8221;  <\/p>\n\n<p>Te pozytywne wyniki s\u0105 efektem zdolno\u015bci Faresin Industries do szybkiego i analitycznego podejmowania decyzji. Dzi\u0119ki swojej kompaktowo\u015bci i elastyczno\u015bci firma jest w idealnej sytuacji, aby stawi\u0107 czo\u0142a sytuacji gospodarczej, dzi\u0119ki wizji przemys\u0142owej opartej na trzech filarach: DESIGN, INNOWACJA i ZR\u00d3WNOWA\u017bENIE.  <\/p>\n\n<p>Ze wzgl\u0119du na wysoki popyt na maszyny w skali globalnej, Faresin odnotowa\u0142 +18,2% pod wzgl\u0119dem sprzedanych jednostek, w por\u00f3wnaniu z rokiem 2020. Wynik osi\u0105gni\u0119ty dzi\u0119ki jako\u015bci produktu oraz rozbudowie sieci sprzeda\u017cy, gdzie w strategicznych dla europejskiego rolnictwa regionach otwarto dwa nowe oddzia\u0142y: jeden w Niemczech w Dolnej Saksonii, drugi we Francji w Normandii.  <\/p>\n\n<p>W minionym roku finansowym Faresin Industries zacz\u0119\u0142a zbiera\u0107 pierwsze owoce du\u017cych inwestycji przemys\u0142owych i prac zwi\u0105zanych z integracj\u0105 mi\u0119dzyfunkcyjn\u0105, kt\u00f3re charakteryzowa\u0142y poprzednie dwa lata. Mi\u0119dzynarodowa premiera nowego FS 7.32 Compact, pierwszego z nowej generacji podno\u015bnik\u00f3w teleskopowych Faresin, by\u0142a pod tym wzgl\u0119dem prawdziw\u0105 histori\u0105 przypadku, poniewa\u017c zaanga\u017cowa\u0142a ca\u0142e przedsi\u0119biorstwo w zintegrowane dzia\u0142ania.  <\/p>\n\n<p>R\u00f3wnolegle do rozwoju technologicznego du\u017cy nacisk k\u0142adziono na optymalizacj\u0119 przep\u0142yw\u00f3w i digitalizacj\u0119 proces\u00f3w przemys\u0142owych, zawsze z naciskiem na podnoszenie kwalifikacji i motywowanie zasob\u00f3w. Zgodnie z tym podej\u015bciem, pod koniec 2021 roku powsta\u0142a Akademia Faresin, kt\u00f3ra skierowana jest nie tylko do pracownik\u00f3w, ale do ca\u0142ego &#8222;\u015bwiata&#8221; Faresin: dealer\u00f3w, partner\u00f3w mi\u0119dzynarodowych, dostawc\u00f3w i klient\u00f3w ko\u0144cowych.  <\/p>\n\n<p>Podsumowuj\u0105c, Faresin Industries wykaza\u0142 si\u0119 zdolno\u015bci\u0105 do jak najlepszego wykorzystania mo\u017cliwo\u015bci, jakie daje sytuacja gospodarcza, pomimo obiektywnych trudno\u015bci. Dzieje si\u0119 tak dlatego, \u017ce prawdziw\u0105 si\u0142\u0105 Faresin jest posiadanie planu na przysz\u0142o\u015b\u0107 i mocne przekonanie do niego.  <\/p>\n","protected":false},"excerpt":{"rendered":"<p>Dzisiaj, w \u015brod\u0119 22 czerwca 2022 r., Faresin Industries zaprezentowa\u0142 sw\u00f3j Raport Roczny 2021 spo\u0142eczno\u015bci finansowej podczas zwyczajowego dorocznego spotkania w sali honorowej Palazzo Bonin Longare, siedzibie Confindustria Vicenza. &#8222;Jeste\u015bmy bardzo zadowoleni z naszego 2021 roku, poniewa\u017c uda\u0142o nam si\u0119 potwierdzi\u0107 trend rozwoju i wzrostu z ostatnich kilku lat z +17,9% na obrotach i +27,6% [&hellip;]<\/p>\n","protected":false},"author":333,"featured_media":55616,"comment_status":"closed","ping_status":"closed","sticky":false,"template":"","format":"standard","meta":{"_acf_changed":false,"footnotes":""},"categories":[333,260],"tags":[375,387,417],"class_list":["post-66513","post","type-post","status-publish","format-standard","has-post-thumbnail","hentry","category-firma","category-komunikaty-prasowe","tag-2021-pl","tag-annual-report-pl","tag-budzet"],"acf":[],"_links":{"self":[{"href":"https:\/\/www.faresin.com\/pl\/wp-json\/wp\/v2\/posts\/66513","targetHints":{"allow":["GET"]}}],"collection":[{"href":"https:\/\/www.faresin.com\/pl\/wp-json\/wp\/v2\/posts"}],"about":[{"href":"https:\/\/www.faresin.com\/pl\/wp-json\/wp\/v2\/types\/post"}],"author":[{"embeddable":true,"href":"https:\/\/www.faresin.com\/pl\/wp-json\/wp\/v2\/users\/333"}],"replies":[{"embeddable":true,"href":"https:\/\/www.faresin.com\/pl\/wp-json\/wp\/v2\/comments?post=66513"}],"version-history":[{"count":0,"href":"https:\/\/www.faresin.com\/pl\/wp-json\/wp\/v2\/posts\/66513\/revisions"}],"wp:featuredmedia":[{"embeddable":true,"href":"https:\/\/www.faresin.com\/pl\/wp-json\/wp\/v2\/media\/55616"}],"wp:attachment":[{"href":"https:\/\/www.faresin.com\/pl\/wp-json\/wp\/v2\/media?parent=66513"}],"wp:term":[{"taxonomy":"category","embeddable":true,"href":"https:\/\/www.faresin.com\/pl\/wp-json\/wp\/v2\/categories?post=66513"},{"taxonomy":"post_tag","embeddable":true,"href":"https:\/\/www.faresin.com\/pl\/wp-json\/wp\/v2\/tags?post=66513"}],"curies":[{"name":"wp","href":"https:\/\/api.w.org\/{rel}","templated":true}]}}