{"id":66527,"date":"2021-05-31T16:57:00","date_gmt":"2021-05-31T14:57:00","guid":{"rendered":"https:\/\/www.faresin.com\/news\/rozmowa-kwalifikacyjna-z-kierownictwem-jutro-maszyny-rolnicze\/"},"modified":"2023-02-22T08:47:47","modified_gmt":"2023-02-22T07:47:47","slug":"rozmowa-kwalifikacyjna-z-kierownictwem-jutro-maszyny-rolnicze","status":"publish","type":"post","link":"https:\/\/www.faresin.com\/pl\/news\/rozmowa-kwalifikacyjna-z-kierownictwem-jutro-maszyny-rolnicze\/","title":{"rendered":"ROZMOWA KWALIFIKACYJNA Z KIEROWNICTWEM &#8211; JUTRO MASZYNY ROLNICZE"},"content":{"rendered":"\n<p>W majowym numerze MAD z 2021 roku, Macchine Agricole Domani, ukaza\u0142 si\u0119 ekskluzywny wywiad Marco Limina z kierownictwem Faresin Industries. Szeroko zakrojona rozmowa z prezesem Sante Faresin oraz c\u00f3rkami Silvi\u0105 i Giuli\u0105, w kt\u00f3rej opowiedziana jest wizja firmy.<\/p>\n\n<p>Mi\u0142o\u015b\u0107 do w\u0142oskiej produkcji, szybkie podejmowanie decyzji i brak ogranicze\u0144 w rozwoju produkt\u00f3w i handlu to wytyczne firmy, kt\u00f3re sprawi\u0142y, \u017ce firma podr\u00f3\u017cuje z wiatrem w \u017caglach, w kierunku kamienia milowego, jakim jest jej pierwsze 50 lat.<\/p>\n\n<p>&#8222;Naszym zobowi\u0105zaniem jest codzienne dawanie impulsu w kierunku poprawy produkcji pod wzgl\u0119dem zawarto\u015bci mechanicznej i technologicznej, poprzez du\u017ce inwestycje w badania i rozw\u00f3j. &#8211; m\u00f3wi prezes Sante Faresin &#8211; Zawsze pracowali\u015bmy z tymi celami, nawet na pocz\u0105tku naszej przygody, mi\u0119dzy ko\u0144cem lat 80-tych a pocz\u0105tkiem lat 90-tych, kiedy powierzyli\u015bmy wydzia\u0142owi badawczemu Uniwersytetu w Padwie analiz\u0119 naszych pierwszych produkt\u00f3w i ich p\u00f3\u017aniejsze por\u00f3wnanie z tym, co ju\u017c oferowa\u0142 rynek. Nawet w tych latach nadal wsp\u00f3\u0142pracujemy z wieloma instytutami badawczymi i uniwersytetami, aby zawsze stara\u0107 si\u0119 poprawi\u0107 jako\u015b\u0107 naszej oferty.&#8221;<\/p>\n\n<p>&#8222;Nasza firma ma trzy filie handlowe w Niemczech, Francji i Polsce oraz ponad 200 dealer\u00f3w na ca\u0142ym \u015bwiecie. Najwa\u017cniejsze rynki to w\u0142a\u015bnie te, na kt\u00f3rych mamy filie, ale dobrze nam si\u0119 pracuje r\u00f3wnie\u017c w Australii, USA i Kanadzie&#8221; &#8211; wyja\u015bnia Silvia Faresin.<\/p>\n\n<p>&#8222;Nasza polityka polega na szkoleniu nowego dealera lub resellera natychmiast po przej\u0119ciu, tak aby byli oni jak najbardziej niezale\u017cni. &#8211; komentuje Giulia Faresin &#8211; Dzi\u0119ki temu ich technicy mog\u0105 natychmiast zaj\u0105\u0107 si\u0119 potrzebami klienta ko\u0144cowego. Je\u015bli nie jest to mo\u017cliwe, nasi technicy b\u0119d\u0105 interweniowa\u0107. W tym p\u00f3\u0142torarocznym okresie przestoju spowodowanego pandemi\u0105 docenili\u015bmy gotowo\u015b\u0107 naszych dealer\u00f3w, kt\u00f3rzy odpowiedzieli na pro\u015bby u\u017cytkownik\u00f3w naszych maszyn.&#8221;<\/p>\n\n<p>Fragment wywiadu mo\u017cna przeczyta\u0107 tutaj<a href=\"https:\/\/www.informatoreagrario.it\/meccanica\/faresin-storia-e-nuove-idee-le-chiavi-per-crescere\/\" target=\"_blank\" rel=\"noopener\">:https:\/\/www.informatoreagrario.it\/meccanica\/faresin-storia-e-nuove-idee-le-chiavi-per-crescere\/<\/a><\/p>\n","protected":false},"excerpt":{"rendered":"<p>W majowym numerze MAD z 2021 roku, Macchine Agricole Domani, ukaza\u0142 si\u0119 ekskluzywny wywiad Marco Limina z kierownictwem Faresin Industries. Szeroko zakrojona rozmowa z prezesem Sante Faresin oraz c\u00f3rkami Silvi\u0105 i Giuli\u0105, w kt\u00f3rej opowiedziana jest wizja firmy. Mi\u0142o\u015b\u0107 do w\u0142oskiej produkcji, szybkie podejmowanie decyzji i brak ogranicze\u0144 w rozwoju produkt\u00f3w i handlu to wytyczne [&hellip;]<\/p>\n","protected":false},"author":333,"featured_media":19727,"comment_status":"closed","ping_status":"closed","sticky":false,"template":"","format":"standard","meta":{"_acf_changed":false,"footnotes":""},"categories":[268],"tags":[],"class_list":["post-66527","post","type-post","status-publish","format-standard","has-post-thumbnail","hentry","category-przeglad-prasy"],"acf":[],"_links":{"self":[{"href":"https:\/\/www.faresin.com\/pl\/wp-json\/wp\/v2\/posts\/66527","targetHints":{"allow":["GET"]}}],"collection":[{"href":"https:\/\/www.faresin.com\/pl\/wp-json\/wp\/v2\/posts"}],"about":[{"href":"https:\/\/www.faresin.com\/pl\/wp-json\/wp\/v2\/types\/post"}],"author":[{"embeddable":true,"href":"https:\/\/www.faresin.com\/pl\/wp-json\/wp\/v2\/users\/333"}],"replies":[{"embeddable":true,"href":"https:\/\/www.faresin.com\/pl\/wp-json\/wp\/v2\/comments?post=66527"}],"version-history":[{"count":0,"href":"https:\/\/www.faresin.com\/pl\/wp-json\/wp\/v2\/posts\/66527\/revisions"}],"wp:featuredmedia":[{"embeddable":true,"href":"https:\/\/www.faresin.com\/pl\/wp-json\/wp\/v2\/media\/19727"}],"wp:attachment":[{"href":"https:\/\/www.faresin.com\/pl\/wp-json\/wp\/v2\/media?parent=66527"}],"wp:term":[{"taxonomy":"category","embeddable":true,"href":"https:\/\/www.faresin.com\/pl\/wp-json\/wp\/v2\/categories?post=66527"},{"taxonomy":"post_tag","embeddable":true,"href":"https:\/\/www.faresin.com\/pl\/wp-json\/wp\/v2\/tags?post=66527"}],"curies":[{"name":"wp","href":"https:\/\/api.w.org\/{rel}","templated":true}]}}