{"id":70723,"date":"2023-08-01T08:36:13","date_gmt":"2023-08-01T06:36:13","guid":{"rendered":"https:\/\/www.faresin.com\/news\/50-lat-historii-faresin\/"},"modified":"2023-08-01T08:51:31","modified_gmt":"2023-08-01T06:51:31","slug":"50-lat-historii-faresin","status":"publish","type":"post","link":"https:\/\/www.faresin.com\/pl\/news\/50-lat-historii-faresin\/","title":{"rendered":"50 lat historii Faresin"},"content":{"rendered":"\n<p>W 2023 r. przypada 50. rocznica za\u0142o\u017cenia firmy <a href=\"https:\/\/www.faresin.com\/pl\/firma\/\" data-type=\"page\" data-id=\"3047\">Faresin Industries<\/a>. Wa\u017cny kamie\u0144 milowy osi\u0105gni\u0119ty dzi\u0119ki cz\u0142onkom naszej &#8222;rozszerzonej firmy&#8221;, takim jak sie\u0107 sprzeda\u017cy, partnerzy, dostawcy i pracownicy, kt\u00f3rzy doprowadzili Faresin do \u015bwiatowego sukcesu.<\/p>\n\n<p>W tym roku chcemy nie tylko \u015bwi\u0119towa\u0107 przesz\u0142o\u015b\u0107, ale <strong>przede wszystkim przysz\u0142o\u015b\u0107<\/strong>. Przysz\u0142o\u015b\u0107, kt\u00f3ra b\u0119dzie nale\u017ce\u0107 do nas wszystkich dzi\u0119ki ci\u0105g\u0142o\u015bci tego ogromnego zbiorowego wysi\u0142ku, kierowanego przez rodzin\u0119 Faresin oraz dzi\u0119ki wizji post\u0119pu i innowacji, kt\u00f3ra stawia cz\u0142owieka w centrum systemu.<\/p>\n\n<p>Z okazji 50-lecia Faresin wprowadzi\u0142 nowe, uroczyste logo. Jubileuszowy branding podkre\u015bla <strong>trzy g\u0142\u00f3wne obszary dzia\u0142alno\u015bci<\/strong> firmy, reprezentowane przez ich charakterystyczne kolory: zielony dla <a href=\"https:\/\/www.faresin.com\/pl\/wozy-paszowe\/\" data-type=\"page\" data-id=\"1939\">woz\u00f3w pasz<\/a>owych, czerwony dla <a href=\"https:\/\/www.faresin.com\/pl\/ladowarki-teleskopowe\/\" data-type=\"page\" data-id=\"3360\">\u0142adowarek teleskopowych<\/a> i niebieski dla linii produkcyjnej. <a href=\"https:\/\/www.faresin.com\/pl\/full-electric\/\" data-type=\"page\" data-id=\"14234\">Full Electric<\/a>.<\/p>\n","protected":false},"excerpt":{"rendered":"<p>W 2023 r. przypada 50. rocznica za\u0142o\u017cenia firmy Faresin Industries. Wa\u017cny kamie\u0144 milowy osi\u0105gni\u0119ty dzi\u0119ki cz\u0142onkom naszej &#8222;rozszerzonej firmy&#8221;, takim jak sie\u0107 sprzeda\u017cy, partnerzy, dostawcy i pracownicy, kt\u00f3rzy doprowadzili Faresin do \u015bwiatowego sukcesu. W tym roku chcemy nie tylko \u015bwi\u0119towa\u0107 przesz\u0142o\u015b\u0107, ale przede wszystkim przysz\u0142o\u015b\u0107. Przysz\u0142o\u015b\u0107, kt\u00f3ra b\u0119dzie nale\u017ce\u0107 do nas wszystkich dzi\u0119ki ci\u0105g\u0142o\u015bci tego [&hellip;]<\/p>\n","protected":false},"author":333,"featured_media":70710,"comment_status":"closed","ping_status":"closed","sticky":false,"template":"","format":"standard","meta":{"_acf_changed":false,"footnotes":""},"categories":[244],"tags":[754,755,753],"class_list":["post-70723","post","type-post","status-publish","format-standard","has-post-thumbnail","hentry","category-news-pl","tag-50-lat","tag-logo-pl","tag-rocznica"],"acf":[],"_links":{"self":[{"href":"https:\/\/www.faresin.com\/pl\/wp-json\/wp\/v2\/posts\/70723","targetHints":{"allow":["GET"]}}],"collection":[{"href":"https:\/\/www.faresin.com\/pl\/wp-json\/wp\/v2\/posts"}],"about":[{"href":"https:\/\/www.faresin.com\/pl\/wp-json\/wp\/v2\/types\/post"}],"author":[{"embeddable":true,"href":"https:\/\/www.faresin.com\/pl\/wp-json\/wp\/v2\/users\/333"}],"replies":[{"embeddable":true,"href":"https:\/\/www.faresin.com\/pl\/wp-json\/wp\/v2\/comments?post=70723"}],"version-history":[{"count":0,"href":"https:\/\/www.faresin.com\/pl\/wp-json\/wp\/v2\/posts\/70723\/revisions"}],"wp:featuredmedia":[{"embeddable":true,"href":"https:\/\/www.faresin.com\/pl\/wp-json\/wp\/v2\/media\/70710"}],"wp:attachment":[{"href":"https:\/\/www.faresin.com\/pl\/wp-json\/wp\/v2\/media?parent=70723"}],"wp:term":[{"taxonomy":"category","embeddable":true,"href":"https:\/\/www.faresin.com\/pl\/wp-json\/wp\/v2\/categories?post=70723"},{"taxonomy":"post_tag","embeddable":true,"href":"https:\/\/www.faresin.com\/pl\/wp-json\/wp\/v2\/tags?post=70723"}],"curies":[{"name":"wp","href":"https:\/\/api.w.org\/{rel}","templated":true}]}}