{"id":71986,"date":"2023-10-03T09:22:31","date_gmt":"2023-10-03T07:22:31","guid":{"rendered":"https:\/\/www.faresin.com\/news\/50-lecie-faresin-industries\/"},"modified":"2024-02-22T08:53:00","modified_gmt":"2024-02-22T07:53:00","slug":"50-lecie-faresin-industries","status":"publish","type":"post","link":"https:\/\/www.faresin.com\/pl\/news\/50-lecie-faresin-industries\/","title":{"rendered":"50-lecie Faresin INDUSTRIES"},"content":{"rendered":"\t\t<div data-elementor-type=\"wp-post\" data-elementor-id=\"71986\" class=\"elementor elementor-71986 elementor-71907\" data-elementor-post-type=\"post\">\n\t\t\t\t<div class=\"elementor-element elementor-element-70475001 e-flex e-con-boxed e-con e-parent\" data-id=\"70475001\" data-element_type=\"container\" data-e-type=\"container\">\n\t\t\t\t\t<div class=\"e-con-inner\">\n\t\t\t\t<div class=\"elementor-element elementor-element-7e82b3d7 elementor-widget elementor-widget-text-editor\" data-id=\"7e82b3d7\" data-element_type=\"widget\" data-e-type=\"widget\" data-widget_type=\"text-editor.default\">\n\t\t\t\t<div class=\"elementor-widget-container\">\n\t\t\t\t\t\t\t\t\t<h2 class=\"wp-block-heading\"><strong>50 lat historii i przysz\u0142o\u015b\u0107 do \u015bwi\u0119towania<\/strong><\/h2>\n<p>W pi\u0105tek, 29 wrze\u015bnia, Faresin INDUSTRIES zdmuchn\u0105\u0142 swoje pierwsze pi\u0119\u0107dziesi\u0105t \u015bwiec podczas <strong>mi\u0119dzynarodowej konwencji &#8222;\u015awi\u0119tujmy przysz\u0142o\u015b\u0107&#8221;<\/strong>, kt\u00f3ra odby\u0142a si\u0119 w zak\u0142adzie w Breganze i w kt\u00f3rej wzi\u0119\u0142o udzia\u0142 ponad 400 uczestnik\u00f3w. Wspania\u0142e wydarzenie, kt\u00f3re zgromadzi\u0142o wszystkich <strong>partner\u00f3w<\/strong>, kt\u00f3rzy przyczynili si\u0119 do globalnego sukcesu marki w ci\u0105gu tego p\u00f3\u0142wiecza.<\/p>\n<p>Nast\u0119pnego dnia <strong>obchody obj\u0119\u0142y r\u00f3wnie\u017c pracownik\u00f3w i ich rodziny<\/strong>, oko\u0142o 600 os\u00f3b, w integracyjnym duchu FARESIN INDUSTRIES.<\/p>\n<p>Podczas pi\u0105tkowego spotkania plenarnego, kierownictwo, Sante Faresin (prezes), Silvia Faresin (wiceprezes) i Giulia Faresin (dyrektor operacyjny), w towarzystwie swoich pracownik\u00f3w, <strong>odtworzy\u0142o kamienie milowe historii firmy i zilustrowa\u0142o wizj\u0119 i przysz\u0142e strategie<\/strong>.<\/p>\n<p>&#8222;Wydaje mi si\u0119 prawie niemo\u017cliwe, \u017ce firma sko\u0144czy w tym roku 50 lat, poniewa\u017c zawsze mam wra\u017cenie, \u017ce jestem na pocz\u0105tku drogi: wci\u0105\u017c mam tak wiele marze\u0144 do zrealizowania i cel\u00f3w do osi\u0105gni\u0119cia&#8221;, zaczyna prezes, dodaj\u0105c &#8222;&#8230;<strong>Lokalny dobrobyt, innowacyjno\u015b\u0107, doskona\u0142o\u015b\u0107 przemys\u0142owa i zr\u00f3wnowa\u017cony rozw\u00f3j<\/strong>&#8211; to cztery filary, na kt\u00f3rych budujemy nasz\u0105 przysz\u0142o\u015b\u0107.<\/p>\n<p>Nie zabrak\u0142o znamienitych go\u015bci, takich jak radni wojew\u00f3dzcy  <a href=\"https:\/\/www.regione.veneto.it\/assessore-all-istruzione-alla-formazione-e-al-lavoro-e-pari-opportunita\" data-type=\"link\" data-id=\"https:\/\/www.regione.veneto.it\/assessore-all-istruzione-alla-formazione-e-al-lavoro-e-pari-opportunita\" target=\"_blank\" rel=\"noopener\"><em>Elena Donazzan<\/em> <\/a>e <em><br \/>\n  <a href=\"https:\/\/www.regione.veneto.it\/assessore-a-sanita-servizi-sociali\" data-type=\"link\" data-id=\"https:\/\/www.regione.veneto.it\/assessore-a-sanita-servizi-sociali\" target=\"_blank\" rel=\"noopener\">Manuela Lanzarin<\/a><br \/>\n<\/em> (odpowiednio edukacja i zdrowie), prezydent prowincji Vicenza <em>Andrea Nardin<\/em>, prezydent <a href=\"https:\/\/www.confindustria.vicenza.it\/\" data-type=\"link\" data-id=\"https:\/\/www.confindustria.vicenza.it\/\" target=\"_blank\" rel=\"noopener\">Confindustria Vicenza<\/a> <em>Laura Dalla Vecchia<\/em> i redaktor naczelny Giornale di Vicenza, dr Andrea <em>Nardin<\/em>.  <em>Marino Smiderle<\/em>, kt\u00f3ry r\u00f3wnie\u017c moderowa\u0142 pocz\u0105tkowe etapy sesji plenarnej.<\/p>\n<figure class=\"wp-block-image size-large\"><img decoding=\"async\" class=\"wp-image-71935\" src=\"https:\/\/www.faresin.com\/wp-content\/uploads\/FARESIS-50%C2%B0-21_DSC0747-1024x683.jpg\" alt=\"50 lat instytucji\"><\/p>\n<figcaption class=\"wp-element-caption\">Silvia i Giulia Faresin z radnymi regionalnymi Donazzanem i Lanzarinem, prezes Confindustria Vicenza Laur\u0105 Dalla Vecchia i burmistrzem Breganze Pier\u0105 Campan\u0105.<\/figcaption><\/figure>\n<p>Z kolei wiceprezes Silvia Faresin zilustrowa\u0142a mo\u017cliwo\u015bci biznesowe i rynkowe <strong>dwoma zewn\u0119trznymi referencjami od dw\u00f3ch badaczy bran\u017cy<\/strong>, kt\u00f3rzy obserwuj\u0105 rynek z bardziej obiektywnej perspektywy.<\/p>\n<p>The  <em>Dr Gabriele Chiodini z<a href=\"https:\/\/www.unipg.it\/\" data-type=\"link\" data-id=\"https:\/\/www.unipg.it\/\" target=\"_blank\" rel=\"noopener\">Uniwersytetu w Perugii<\/a><\/em>  przeanalizowa\u0142a trendy w sektorze rolnym, takie jak popyt na  <strong>coraz bardziej zr\u00f3wnowa\u017cony i inteligentny sprz\u0119t<\/strong>  kt\u00f3re jednocze\u015bnie pozwalaj\u0105 na zwi\u0119kszenie produkcji przy jednoczesnym zmniejszeniu emisji zanieczyszcze\u0144, zgodnie z celem osi\u0105gni\u0119cia neutralno\u015bci klimatycznej poprzez wykorzystanie odnawialnych \u017ar\u00f3de\u0142 energii.<\/p>\n<p>Dr <em>Paul Howard, specjalista z zespo\u0142u redakcyjnego <\/em><a href=\"https:\/\/offhighwayresearch.com\/\" data-type=\"link\" data-id=\"https:\/\/offhighwayresearch.com\/\" target=\"_blank\" rel=\"noopener\"><em>Off Highway Research<\/em><\/a>, przeanalizowa\u0142 rynek budowlany i wskaza\u0142, \u017ce <strong>rozw\u00f3j \u0142adowarek teleskopowych nie mia\u0142 sobie r\u00f3wnych<\/strong> w ci\u0105gu ostatnich 30 lat. Najbardziej dotkni\u0119te s\u0105 <strong>Europa i Ameryka P\u00f3\u0142nocna<\/strong>, kt\u00f3re poch\u0142aniaj\u0105 co najmniej 83% globalnego popytu.<\/p>\n<p><strong>&#8222;S\u0142uchanie klient\u00f3w <\/strong>oraz <strong>umiej\u0119tno\u015b\u0107 interpretowania ich potrzeb i przekszta\u0142cania ich w rozwi\u0105zania<\/strong> s\u0105 podstaw\u0105 naszego modelu biznesowego od samego pocz\u0105tku. W idealnej sytuacji chcieliby\u015bmy osi\u0105gn\u0105\u0107 zaanga\u017cowanie w projektowanie rozwi\u0105za\u0144 technologicznych, czyni\u0105c z nich wsp\u00f3lny cel. Aby to osi\u0105gn\u0105\u0107, przyj\u0119li\u015bmy dwie najlepsze praktyki obejmuj\u0105ce wszystkie obszary firmy: zarz\u0105dzanie <strong>podr\u00f3\u017c\u0105<\/strong> klienta i <strong>analiz\u0119 danych wywiadu gospodarczego<\/strong> gromadzonych przy r\u00f3\u017cnych okazjach kontaktu z klientem&#8221;. Wiceprezes Silvia Faresin wyja\u015bnia.<\/p>\n<figure class=\"wp-block-image size-large\"><img decoding=\"async\" class=\"wp-image-71944\" src=\"https:\/\/www.faresin.com\/wp-content\/uploads\/FARESIS-50%C2%B0-2_DSC0577-1024x563.jpg\" alt=\"50 lat stragan\u00f3w\"><\/figure>\n<p>Nast\u0119pnie Giulia Faresin, kierownik operacyjny, przyjrza\u0142a si\u0119 wyzwaniom zwi\u0105zanym z fabryk\u0105 przysz\u0142o\u015bci. &#8222;Pracujemy nad budow\u0105 <strong>coraz bardziej cyfrowej i zautomatyzowanej fabryki<\/strong>, zgodnie z p\u0142ynnym i ci\u0105g\u0142ym procesem, kt\u00f3ry harmonijnie wsp\u00f3\u0142dzia\u0142a z warto\u015bci\u0105 wnoszon\u0105 przez innych graczy w systemie Faresin. Naszym celem jest zapewnienie, \u017ce produkcja rozwija zdolno\u015b\u0107 dostosowywania si\u0119 do zmieniaj\u0105cego si\u0119 popytu w odpowiednim czasie poprzez rozw\u00f3j nowych umiej\u0119tno\u015bci i<strong>wdra\u017canie nowych, bardziej wydajnych i zr\u00f3wnowa\u017conych proces\u00f3w<\/strong>&#8222;.<\/p>\n<p>Nast\u0119pnie Giulia Faresin, zaanga\u017cowana w prace badawczo-rozwojowe, ujawni\u0142a zapowied\u017a dw\u00f3ch nowych produkt\u00f3w, kt\u00f3re zostan\u0105 zaprezentowane szerokiej publiczno\u015bci podczas <strong><br \/>\n  <a href=\"https:\/\/www.agritechnica.com\/it\/\" data-type=\"link\" data-id=\"https:\/\/www.agritechnica.com\/it\/\" target=\"_blank\" rel=\"noopener\">targach Agritechnica<\/a><br \/>\n<\/strong> w listopadzie:<\/p>\n<ul>\n<li><strong><br \/>\n  <a href=\"https:\/\/www.faresin.com\/pl\/ladowarki-teleskopowe\/fs-middle\/\" data-type=\"page\" data-id=\"14796\">FS Middle<\/a><br \/>\n<\/strong>druga seria nowej generacji \u0142adowarek teleskopowych Faresin<\/li>\n<li><strong>Leader PF Full Electric,<\/strong> samobie\u017cny, w 100% elektryczny w\u00f3z paszowy z zerow\u0105 emisj\u0105 spalin.<\/li>\n<\/ul>\n<figure class=\"wp-block-gallery has-nested-images columns-default is-cropped\"><\/figure>\n<p>Dwie rewelacyjne innowacje, kt\u00f3re zrewolucjonizuj\u0105 spos\u00f3b, w jaki my\u015blimy o pracy operatora i rolnictwie precyzyjnym.<\/p>\n<p>Nast\u0119pnego dnia, w sobot\u0119 30 pa\u017adziernika, Faresin r\u00f3wnie\u017c \u015bwi\u0119towa\u0142 ten wa\u017cny kamie\u0144 milowy wraz z <strong>ponad 250 pracownikami<\/strong>, kt\u00f3rzy z entuzjazmem i wytrwa\u0142o\u015bci\u0105 ka\u017cdego dnia realizuj\u0105 projekty firmy. W rzeczywisto\u015bci firma otworzy\u0142a drzwi swoich zak\u0142ad\u00f3w produkcyjnych w Breganze, aby powita\u0107 swoich pracownik\u00f3w i ich rodziny, kt\u00f3rzy mogli odwiedzi\u0107 zak\u0142ady firmy i zobaczy\u0107 z pierwszej r\u0119ki wozy Paszowe i \u0142adowarki teleskopowe, kt\u00f3re produkuje FARESIN.<\/p>\n<figure class=\"wp-block-image size-large\"><img decoding=\"async\" width=\"1024\" height=\"663\" class=\"wp-image-71953\" src=\"https:\/\/www.faresin.com\/wp-content\/uploads\/\/Cattura-1024x663.jpg\" alt=\"50 lat zespo\u0142u\" srcset=\"https:\/\/www.faresin.com\/wp-content\/uploads\/Cattura-1024x663.jpg 1024w, https:\/\/www.faresin.com\/wp-content\/uploads\/Cattura-300x194.jpg 300w, https:\/\/www.faresin.com\/wp-content\/uploads\/Cattura-768x497.jpg 768w, https:\/\/www.faresin.com\/wp-content\/uploads\/Cattura.jpg 1454w\" sizes=\"(max-width: 1024px) 100vw, 1024px\" \/><\/figure>\n\t\t\t\t\t\t\t\t<\/div>\n\t\t\t\t<\/div>\n\t\t\t\t\t<\/div>\n\t\t\t\t<\/div>\n\t\t<div class=\"elementor-element elementor-element-defac9d e-flex e-con-boxed e-con e-parent\" data-id=\"defac9d\" data-element_type=\"container\" data-e-type=\"container\">\n\t\t\t\t\t<div class=\"e-con-inner\">\n\t\t\t\t<div class=\"elementor-element elementor-element-ab9afb3 elementor-widget elementor-widget-gallery\" data-id=\"ab9afb3\" data-element_type=\"widget\" data-e-type=\"widget\" data-settings=\"{&quot;gallery_layout&quot;:&quot;justified&quot;,&quot;lazyload&quot;:&quot;yes&quot;,&quot;ideal_row_height&quot;:{&quot;unit&quot;:&quot;px&quot;,&quot;size&quot;:200,&quot;sizes&quot;:[]},&quot;ideal_row_height_tablet&quot;:{&quot;unit&quot;:&quot;px&quot;,&quot;size&quot;:150,&quot;sizes&quot;:[]},&quot;ideal_row_height_mobile&quot;:{&quot;unit&quot;:&quot;px&quot;,&quot;size&quot;:150,&quot;sizes&quot;:[]},&quot;gap&quot;:{&quot;unit&quot;:&quot;px&quot;,&quot;size&quot;:10,&quot;sizes&quot;:[]},&quot;gap_tablet&quot;:{&quot;unit&quot;:&quot;px&quot;,&quot;size&quot;:10,&quot;sizes&quot;:[]},&quot;gap_mobile&quot;:{&quot;unit&quot;:&quot;px&quot;,&quot;size&quot;:10,&quot;sizes&quot;:[]},&quot;link_to&quot;:&quot;file&quot;,&quot;overlay_background&quot;:&quot;yes&quot;,&quot;content_hover_animation&quot;:&quot;fade-in&quot;}\" data-widget_type=\"gallery.default\">\n\t\t\t\t<div class=\"elementor-widget-container\">\n\t\t\t\t\t\t\t<div class=\"elementor-gallery__container\">\n\t\t\t\t\t\t\t<a class=\"e-gallery-item elementor-gallery-item elementor-animated-content\" href=\"https:\/\/www.faresin.com\/wp-content\/uploads\/FARESIS-50\u00b0-19_DSC0991-scaled.jpg\" data-elementor-open-lightbox=\"yes\" data-elementor-lightbox-slideshow=\"ab9afb3\" data-elementor-lightbox-title=\"FARESIS 50\u00b0-19_DSC0991\" data-e-action-hash=\"#elementor-action%3Aaction%3Dlightbox%26settings%3DeyJpZCI6NzE5MzIsInVybCI6Imh0dHBzOlwvXC93d3cuZmFyZXNpbi5jb21cL3dwLWNvbnRlbnRcL3VwbG9hZHNcL0ZBUkVTSVMtNTBcdTAwYjAtMTlfRFNDMDk5MS1zY2FsZWQuanBnIiwic2xpZGVzaG93IjoiYWI5YWZiMyJ9\">\n\t\t\t\t\t<div class=\"e-gallery-image elementor-gallery-item__image\" data-thumbnail=\"https:\/\/www.faresin.com\/wp-content\/uploads\/FARESIS-50\u00b0-19_DSC0991-200x300.jpg\" data-width=\"200\" data-height=\"300\" aria-label=\"FS Middle\" role=\"img\" ><\/div>\n\t\t\t\t\t\t\t\t\t\t\t<div class=\"elementor-gallery-item__overlay\"><\/div>\n\t\t\t\t\t\t\t\t\t\t\t\t\t\t<\/a>\n\t\t\t\t\t\t\t<a class=\"e-gallery-item elementor-gallery-item elementor-animated-content\" href=\"https:\/\/www.faresin.com\/wp-content\/uploads\/FARESIS-50\u00b0-17_DSC1040-scaled.jpg\" data-elementor-open-lightbox=\"yes\" data-elementor-lightbox-slideshow=\"ab9afb3\" data-elementor-lightbox-title=\"FARESIS 50\u00b0-17_DSC1040\" data-e-action-hash=\"#elementor-action%3Aaction%3Dlightbox%26settings%3DeyJpZCI6NzE5MjMsInVybCI6Imh0dHBzOlwvXC93d3cuZmFyZXNpbi5jb21cL3dwLWNvbnRlbnRcL3VwbG9hZHNcL0ZBUkVTSVMtNTBcdTAwYjAtMTdfRFNDMTA0MC1zY2FsZWQuanBnIiwic2xpZGVzaG93IjoiYWI5YWZiMyJ9\">\n\t\t\t\t\t<div class=\"e-gallery-image elementor-gallery-item__image\" data-thumbnail=\"https:\/\/www.faresin.com\/wp-content\/uploads\/FARESIS-50\u00b0-17_DSC1040-300x200.jpg\" data-width=\"300\" data-height=\"200\" aria-label=\"Leader PF FE\" role=\"img\" ><\/div>\n\t\t\t\t\t\t\t\t\t\t\t<div class=\"elementor-gallery-item__overlay\"><\/div>\n\t\t\t\t\t\t\t\t\t\t\t\t\t\t<\/a>\n\t\t\t\t\t\t\t<a class=\"e-gallery-item elementor-gallery-item elementor-animated-content\" href=\"https:\/\/www.faresin.com\/wp-content\/uploads\/FARESIS-50\u00b0-7_DSC1004-scaled.jpg\" data-elementor-open-lightbox=\"yes\" data-elementor-lightbox-slideshow=\"ab9afb3\" data-elementor-lightbox-title=\"FARESIS 50\u00b0-7_DSC1004\" data-e-action-hash=\"#elementor-action%3Aaction%3Dlightbox%26settings%3DeyJpZCI6NzE5MTQsInVybCI6Imh0dHBzOlwvXC93d3cuZmFyZXNpbi5jb21cL3dwLWNvbnRlbnRcL3VwbG9hZHNcL0ZBUkVTSVMtNTBcdTAwYjAtN19EU0MxMDA0LXNjYWxlZC5qcGciLCJzbGlkZXNob3ciOiJhYjlhZmIzIn0%3D\">\n\t\t\t\t\t<div class=\"e-gallery-image elementor-gallery-item__image\" data-thumbnail=\"https:\/\/www.faresin.com\/wp-content\/uploads\/FARESIS-50\u00b0-7_DSC1004-300x170.jpg\" data-width=\"300\" data-height=\"170\" aria-label=\"\" role=\"img\" ><\/div>\n\t\t\t\t\t\t\t\t\t\t\t<div class=\"elementor-gallery-item__overlay\"><\/div>\n\t\t\t\t\t\t\t\t\t\t\t\t\t\t<\/a>\n\t\t\t\t\t<\/div>\n\t\t\t\t\t<\/div>\n\t\t\t\t<\/div>\n\t\t\t\t\t<\/div>\n\t\t\t\t<\/div>\n\t\t<div class=\"elementor-element elementor-element-9abe210 e-flex e-con-boxed e-con e-parent\" data-id=\"9abe210\" data-element_type=\"container\" data-e-type=\"container\">\n\t\t\t\t\t<div class=\"e-con-inner\">\n\t\t\t\t<div class=\"elementor-element elementor-element-e1dc79e elementor-widget elementor-widget-video\" data-id=\"e1dc79e\" data-element_type=\"widget\" data-e-type=\"widget\" data-settings=\"{&quot;video_type&quot;:&quot;hosted&quot;,&quot;controls&quot;:&quot;yes&quot;}\" data-widget_type=\"video.default\">\n\t\t\t\t<div class=\"elementor-widget-container\">\n\t\t\t\t\t\t\t<div class=\"e-hosted-video elementor-wrapper elementor-open-inline\">\n\t\t\t\t\t<video class=\"elementor-video\" src=\"https:\/\/faresin.com\/wp-content\/uploads\/AI%20FARESIN%20INDUSTRIES%2050esimo%2030%20SETTEMBRE%202023.mp4\" controls=\"\" preload=\"metadata\" controlsList=\"nodownload\"><\/video>\n\t\t\t\t<\/div>\n\t\t\t\t\t\t<\/div>\n\t\t\t\t<\/div>\n\t\t\t\t\t<\/div>\n\t\t\t\t<\/div>\n\t\t\t\t<\/div>\n\t\t","protected":false},"excerpt":{"rendered":"<p>50 lat historii i przysz\u0142o\u015b\u0107 do \u015bwi\u0119towania W pi\u0105tek, 29 wrze\u015bnia, Faresin INDUSTRIES zdmuchn\u0105\u0142 swoje pierwsze pi\u0119\u0107dziesi\u0105t \u015bwiec podczas mi\u0119dzynarodowej konwencji &#8222;\u015awi\u0119tujmy przysz\u0142o\u015b\u0107&#8221;, kt\u00f3ra odby\u0142a si\u0119 w zak\u0142adzie w Breganze i w kt\u00f3rej wzi\u0119\u0142o udzia\u0142 ponad 400 uczestnik\u00f3w. Wspania\u0142e wydarzenie, kt\u00f3re zgromadzi\u0142o wszystkich partner\u00f3w, kt\u00f3rzy przyczynili si\u0119 do globalnego sukcesu marki w ci\u0105gu tego p\u00f3\u0142wiecza. [&hellip;]<\/p>\n","protected":false},"author":333,"featured_media":71968,"comment_status":"closed","ping_status":"closed","sticky":false,"template":"","format":"standard","meta":{"_acf_changed":false,"footnotes":""},"categories":[333,260],"tags":[754,753],"class_list":["post-71986","post","type-post","status-publish","format-standard","has-post-thumbnail","hentry","category-firma","category-komunikaty-prasowe","tag-50-lat","tag-rocznica"],"acf":[],"_links":{"self":[{"href":"https:\/\/www.faresin.com\/pl\/wp-json\/wp\/v2\/posts\/71986","targetHints":{"allow":["GET"]}}],"collection":[{"href":"https:\/\/www.faresin.com\/pl\/wp-json\/wp\/v2\/posts"}],"about":[{"href":"https:\/\/www.faresin.com\/pl\/wp-json\/wp\/v2\/types\/post"}],"author":[{"embeddable":true,"href":"https:\/\/www.faresin.com\/pl\/wp-json\/wp\/v2\/users\/333"}],"replies":[{"embeddable":true,"href":"https:\/\/www.faresin.com\/pl\/wp-json\/wp\/v2\/comments?post=71986"}],"version-history":[{"count":0,"href":"https:\/\/www.faresin.com\/pl\/wp-json\/wp\/v2\/posts\/71986\/revisions"}],"wp:featuredmedia":[{"embeddable":true,"href":"https:\/\/www.faresin.com\/pl\/wp-json\/wp\/v2\/media\/71968"}],"wp:attachment":[{"href":"https:\/\/www.faresin.com\/pl\/wp-json\/wp\/v2\/media?parent=71986"}],"wp:term":[{"taxonomy":"category","embeddable":true,"href":"https:\/\/www.faresin.com\/pl\/wp-json\/wp\/v2\/categories?post=71986"},{"taxonomy":"post_tag","embeddable":true,"href":"https:\/\/www.faresin.com\/pl\/wp-json\/wp\/v2\/tags?post=71986"}],"curies":[{"name":"wp","href":"https:\/\/api.w.org\/{rel}","templated":true}]}}