{"id":73577,"date":"2023-11-06T14:26:58","date_gmt":"2023-11-06T13:26:58","guid":{"rendered":"https:\/\/www.faresin.com\/news\/faresin-na-targach-agritechnica-2023-razem-z-rolnikami-od-50-lat\/"},"modified":"2024-02-22T09:10:40","modified_gmt":"2024-02-22T08:10:40","slug":"faresin-na-targach-agritechnica-2023-razem-z-rolnikami-od-50-lat","status":"publish","type":"post","link":"https:\/\/www.faresin.com\/pl\/news\/faresin-na-targach-agritechnica-2023-razem-z-rolnikami-od-50-lat\/","title":{"rendered":"Faresin na targach Agritechnica 2023: Razem z rolnikami od 50 lat"},"content":{"rendered":"\n<p>Po obchodach 50. rocznicy istnienia w ramach du\u017cej mi\u0119dzynarodowej konwencji, Faresin przybywa na targi <a href=\"https:\/\/www.agritechnica.com\/it\/\" data-type=\"link\" data-id=\"https:\/\/www.agritechnica.com\/it\/\" target=\"_blank\" rel=\"noopener\">Agritechnica<\/a> 2023 z wieloma nowo\u015bciami. Innowacje maj\u0105ce zrewolucjonizowa\u0107 \u015bwiat rolnictwa i hodowli zwierz\u0105t w imi\u0119 zr\u00f3wnowa\u017conego rozwoju i technologii.<\/p>\n\n<p>Na <strong>stoisku nr A26, znajduj\u0105cym si\u0119 w hali 21<\/strong> targ\u00f3w Hannover Messe, zaprezentowanych zostanie kilka nowych maszyn, b\u0119d\u0105cych wynikiem najnowszych osi\u0105gni\u0119\u0107 technologicznych dokonanych przez Faresin w ostatnim czasie. Maszyny zaprojektowane dzi\u015b, ale gotowe na jutro.<\/p>\n\n<p>Od ostatniej edycji, Faresin do\u015bwiadczy\u0142 niepowstrzymanego wzrostu wynikaj\u0105cego z wprowadzania coraz bardziej <strong>ekologicznych produkt\u00f3w<\/strong> oraz <strong>coraz bardziej zaawansowanych i po\u0142\u0105czonych ze sob\u0105 maszyn<\/strong>. W rzeczywisto\u015bci rynek wymaga coraz bardziej ekologicznych, bezpiecznych i wydajnych produkt\u00f3w.<\/p>\n\n<p>Gama \u0142adowarek teleskopowych zosta\u0142a ca\u0142kowicie odnowiona dzi\u0119ki nowej serii FS, podczas gdy Wozy Paszowe doczeka\u0142y si\u0119 znacznego rozszerzenia oferty. Obie linie produkt\u00f3w maj\u0105 ten sam cel <em>neutralno\u015bci pod wzgl\u0119dem emisji dwutlenku w\u0119gla<\/em>: zerowa emisja w przypadku gamy zelektryfikowanej i sta\u0142a redukcja zu\u017cycia w przypadku gamy endotermicznej. Dlatego Faresin podwoi\u0142 swoj\u0105 ofert\u0119, kt\u00f3ra jest budowana na <strong>dw\u00f3ch r\u00f3wnoleg\u0142ych liniach &#8211; endotermicznej i zelektryfikowanej<\/strong> &#8211; kt\u00f3re w ka\u017cdym przypadku s\u0105 przygotowane do dzielenia si\u0119 rozwi\u0105zaniami i innowacjami technologicznymi, kt\u00f3re tworz\u0105 warto\u015b\u0107 dla klient\u00f3w.<\/p>\n\n<h3 class=\"wp-block-heading\">Nowo\u015bci Faresin zaprezentowane na targach Agritechinca<\/h3>\n\n<p>Maj\u0105c to na uwadze, na targach Agritechnica zostan\u0105 zaprezentowane nast\u0119puj\u0105ce produkty <a href=\"https:\/\/www.faresin.com\/pl\/full-electric\/leader-pf-full-electric\/\" data-type=\"page\" data-id=\"72385\"><strong>Leader PF Full Electric<\/strong> <\/a>pierwszy samojezdny w 100% elektryczny w\u00f3z paszowy marki Faresin, kt\u00f3ry uzupe\u0142nia zelektryfikowan\u0105 gam\u0119 Faresin wprowadzon\u0105 w 2018 r. wraz z prezentacj\u0105 <a href=\"https:\/\/www.faresin.com\/pl\/full-electric\/6-26-full-electric\/\" data-type=\"page\" data-id=\"4174\">pierwszej na \u015bwiecie elektrycznej \u0142adowarki teleskopowej<\/a>.<\/p>\n\n<p>Dla mniejszych gospodarstw, nowy <strong>\n  <a href=\"https:\/\/www.faresin.com\/pl\/wozy-paszowe\/leader-pf-classic\/\" data-type=\"page\" data-id=\"72519\">LEADER PF Classic<\/a>\n<\/strong>kompaktowa maszyna samojezdna z pojedynczym \u015blimakiem. Niedroga linia zaprojektowana z my\u015bl\u0105 o pierwszym podej\u015bciu do precyzyjnego podawania.<\/p>\n\n<p>Ca\u0142kowicie odnowiona gama <a href=\"https:\/\/www.faresin.com\/pl\/wozy-paszowe\/pionowe-wozy-ciagnione-tpf\/\" data-type=\"page\" data-id=\"6284\">\n  <strong>ci\u0105gnik\u00f3w zaczepianych pionowo TPF<\/strong>\n<\/a>kt\u00f3ra obejmuje teraz nie mniej ni\u017c 33 r\u00f3\u017cne kubatury i mo\u017cliwo\u015b\u0107 zamontowania od jednego do trzech \u015blimak\u00f3w. Teraz modele zosta\u0142y podzielone na trzy konfiguracje: <strong>Classic, Plus i Profi<\/strong>.<\/p>\n\n<p>Z drugiej strony, w przypadku \u0142adowarek teleskopowych, nowy <strong>\n  <a href=\"https:\/\/www.faresin.com\/pl\/ladowarki-teleskopowe\/fs-middle\/\" data-type=\"page\" data-id=\"14796\">FS Middle<\/a>\n<\/strong>to seria zaprojektowana z my\u015bl\u0105 o zwinno\u015bci i wszechstronno\u015bci w ka\u017cdym kontek\u015bcie rolniczym i budowlanym, kt\u00f3ra obejmuje maszyny z wysuwanymi wysi\u0119gnikami o <strong>wysoko\u015bci od 7 do 10 metr\u00f3w i ud\u017awigu od 3,5 do 4,5 tony<\/strong>.<\/p>\n\n<p>Aby odkry\u0107 te liczne innowacje (i nie tylko), Faresin z przyjemno\u015bci\u0105 zaprasza na targi Agritechnica na <strong>stoisko A26 w hali 21<\/strong>. Czekamy na Ciebie!<\/p>\n\n<hr class=\"wp-block-separator has-alpha-channel-opacity\"\/>\n\n<div style=\"height:38px\" aria-hidden=\"true\" class=\"wp-block-spacer\"><\/div>\n\n<div class=\"wp-block-buttons is-content-justification-center is-layout-flex wp-container-core-buttons-is-layout-a89b3969 wp-block-buttons-is-layout-flex\">\n<div class=\"wp-block-button\"><a class=\"wp-block-button__link has-text-align-center wp-element-button\" href=\"https:\/\/www.faresin.com\/pl\/kontakt\/\">Um\u00f3w si\u0119 na spotkanie na targach!<\/a><\/div>\n<\/div>\n\n<div style=\"height:41px\" aria-hidden=\"true\" class=\"wp-block-spacer\"><\/div>\n\n<figure class=\"wp-block-image size-large\"><img decoding=\"async\" width=\"819\" height=\"1024\" src=\"https:\/\/www.faresin.com\/wp-content\/uploads\/\/Agritechnica-819x1024.jpg\" alt=\"\" class=\"wp-image-73524\" srcset=\"https:\/\/www.faresin.com\/wp-content\/uploads\/Agritechnica-819x1024.jpg 819w, https:\/\/www.faresin.com\/wp-content\/uploads\/Agritechnica-240x300.jpg 240w, https:\/\/www.faresin.com\/wp-content\/uploads\/Agritechnica-768x960.jpg 768w, https:\/\/www.faresin.com\/wp-content\/uploads\/Agritechnica.jpg 1080w\" sizes=\"(max-width: 819px) 100vw, 819px\" \/><\/figure>\n\n<div style=\"height:100px\" aria-hidden=\"true\" class=\"wp-block-spacer\"><\/div>\n","protected":false},"excerpt":{"rendered":"<p>Po obchodach 50. rocznicy istnienia w ramach du\u017cej mi\u0119dzynarodowej konwencji, Faresin przybywa na targi Agritechnica 2023 z wieloma nowo\u015bciami. Innowacje maj\u0105ce zrewolucjonizowa\u0107 \u015bwiat rolnictwa i hodowli zwierz\u0105t w imi\u0119 zr\u00f3wnowa\u017conego rozwoju i technologii. Na stoisku nr A26, znajduj\u0105cym si\u0119 w hali 21 targ\u00f3w Hannover Messe, zaprezentowanych zostanie kilka nowych maszyn, b\u0119d\u0105cych wynikiem najnowszych osi\u0105gni\u0119\u0107 technologicznych [&hellip;]<\/p>\n","protected":false},"author":333,"featured_media":73521,"comment_status":"closed","ping_status":"closed","sticky":false,"template":"","format":"standard","meta":{"_acf_changed":false,"footnotes":""},"categories":[339,260],"tags":[805,806,381],"class_list":["post-73577","post","type-post","status-publish","format-standard","has-post-thumbnail","hentry","category-kiermasze","category-komunikaty-prasowe","tag-agritechnica-pl","tag-hanower","tag-rolnictwo"],"acf":[],"_links":{"self":[{"href":"https:\/\/www.faresin.com\/pl\/wp-json\/wp\/v2\/posts\/73577","targetHints":{"allow":["GET"]}}],"collection":[{"href":"https:\/\/www.faresin.com\/pl\/wp-json\/wp\/v2\/posts"}],"about":[{"href":"https:\/\/www.faresin.com\/pl\/wp-json\/wp\/v2\/types\/post"}],"author":[{"embeddable":true,"href":"https:\/\/www.faresin.com\/pl\/wp-json\/wp\/v2\/users\/333"}],"replies":[{"embeddable":true,"href":"https:\/\/www.faresin.com\/pl\/wp-json\/wp\/v2\/comments?post=73577"}],"version-history":[{"count":0,"href":"https:\/\/www.faresin.com\/pl\/wp-json\/wp\/v2\/posts\/73577\/revisions"}],"wp:featuredmedia":[{"embeddable":true,"href":"https:\/\/www.faresin.com\/pl\/wp-json\/wp\/v2\/media\/73521"}],"wp:attachment":[{"href":"https:\/\/www.faresin.com\/pl\/wp-json\/wp\/v2\/media?parent=73577"}],"wp:term":[{"taxonomy":"category","embeddable":true,"href":"https:\/\/www.faresin.com\/pl\/wp-json\/wp\/v2\/categories?post=73577"},{"taxonomy":"post_tag","embeddable":true,"href":"https:\/\/www.faresin.com\/pl\/wp-json\/wp\/v2\/tags?post=73577"}],"curies":[{"name":"wp","href":"https:\/\/api.w.org\/{rel}","templated":true}]}}