{"id":80019,"date":"2024-07-25T13:35:35","date_gmt":"2024-07-25T11:35:35","guid":{"rendered":"https:\/\/www.faresin.com\/news\/faresin-industriesbudzet-zgodny-z-planem-biznesowym\/"},"modified":"2024-12-20T10:35:41","modified_gmt":"2024-12-20T09:35:41","slug":"faresin-industriesbudzet-zgodny-z-planem-biznesowym","status":"publish","type":"post","link":"https:\/\/www.faresin.com\/pl\/news\/faresin-industriesbudzet-zgodny-z-planem-biznesowym\/","title":{"rendered":"FARESIN INDUSTRIESbud\u017cet zgodny z planem biznesowym"},"content":{"rendered":"\n<p><strong>Breganze (W\u0142ochy) &#8211; 3 lipca 2024 r. &#8211;<\/strong> &#8222;W z\u0142o\u017conym roku 2023 odnotowali\u015bmy wynik zgodny z planem biznesowym naszej firmy z 22,5% wzrostem obrot\u00f3w&#8221;. Faresin Sante, za\u0142o\u017cyciel i prezes firmy Breganze, rozpocz\u0105\u0142 od tych znacz\u0105cych liczb podczas prezentacji raportu rocznego za 2023 r. w Palazzo Bonin Longare, siedzibie Confindustria Vicenza. <\/p>\n\n<p>&#8222;W ci\u0105gu siedmiu lat, od 2017 r., podwoili\u015bmy nasze obroty, a od pocz\u0105tku tego stulecia zwi\u0119kszyli\u015bmy je nawet dziesi\u0119ciokrotnie&#8221; &#8211; podkre\u015bli\u0142 prezes. Od 2020 r., kiedy rozpocz\u0119\u0142a si\u0119 pandemia, firma znajduje si\u0119 w pozytywnym trendzie, w kt\u00f3rym obroty wzros\u0142y o 65%. <\/p>\n\n<p>Post\u0119p ten by\u0142 mo\u017cliwy dzi\u0119ki uznaniu rynk\u00f3w docelowych, g\u0142\u00f3wnie rynk\u00f3w rolniczych i budowlanych, dla produkt\u00f3w opracowanych przez firm\u0119 Breganze, co doprowadzi\u0142o do wzrostu udzia\u0142u eksportu, kt\u00f3ry obecnie wynosi 89% obrot\u00f3w. Faresin Sante zako\u0144czy\u0142 swoje przem\u00f3wienie s\u0142owami: &#8222;Chcia\u0142bym podzi\u0119kowa\u0107 wszystkim moim pracownikom i klientom za zaufanie, jakim obdarzyli firm\u0119 oraz nasz\u0105 sie\u0107 dystrybutor\u00f3w i dealer\u00f3w, kt\u00f3ra obejmuje ponad 70 kraj\u00f3w. <\/p>\n\n<p>Wp\u0142yw firmy na region jest czym\u015b, co rodzina stale podkre\u015bla, a tak\u017ce jest warto\u015bci\u0105 firmy: tylko w 2023 r. firma odnotowa\u0142a utworzenie 37 nowych miejsc pracy, a trend ten nadal trwa.<\/p>\n\n<p>Rok 2023 by\u0142 wa\u017cnym rokiem dla Faresin IndustriesLeader PF poniewa\u017c opr\u00f3cz obchod\u00f3w 50-lecia istnienia firmy, podczas wa\u017cnej uroczysto\u015bci jubileuszowej, w obecno\u015bci ponad 600 partner\u00f3w z ca\u0142ego \u015bwiata, po raz pierwszy zaprezentowano dwie nowe serie produkt\u00f3w: \u0142adowarki teleskopowe &#8222;\u015bredniej&#8221; kategorii o wysoko\u015bci wysi\u0119gu od 7 do 10 metr\u00f3w i ud\u017awigu do 4,5 tony oraz w pe\u0142ni elektrycznie nap\u0119dzane Wozy Paszowe. Full Electric Full Electric Ta najnowsza seria produkt\u00f3w potwierdza rozw\u00f3j firmy w zakresie w pe\u0142ni elektrycznej linii produkt\u00f3w i jest nast\u0119pstwem du\u017cego zainteresowania i sukcesu komercyjnego \u0142adowarki teleskopowej, modelu 6.26 i wi\u0119kszych modeli, r\u00f3wnie\u017c 14.42, 17.40 i 17.45. Wszystkie rozwi\u0105zania maj\u0105 na celu zaspokojenie rosn\u0105cego zapotrzebowania rynku na mniejszy wp\u0142yw na \u015brodowisko i ni\u017csze koszty operacyjne.  <\/p>\n\n<p>Zdolno\u015b\u0107 do opracowywania i dostarczania na rynki u\u017cytecznych i efektywnych kosztowo innowacji jest jedn\u0105 z najbardziej cenionych i rozpoznawalnych cech w naszej firmie. Faresin Industries.<\/p>\n\n<p>FaresinSilvia, wiceprezes, wyja\u015bni\u0142a scenariusz rynk\u00f3w \u015bwiatowych w 2023 r. i tych, na kt\u00f3rych firma b\u0119dzie konkurowa\u0107 w 2024 r., oraz przedstawi\u0142a strategiczne kierunki rozwoju: &#8222;Eksperymentujemy z rozwi\u0105zaniami sztucznej inteligencji (AI), kt\u00f3re s\u0105 zintegrowane z rozwi\u0105zaniami, kt\u00f3re ju\u017c mamy w naszym portfolio. Co wi\u0119cej, zrobili\u015bmy ju\u017c krok w kierunku opracowania rozwi\u0105za\u0144 zrobotyzowanych, kt\u00f3re b\u0119d\u0105 jedn\u0105 z naszych innowacji w najbli\u017cszej przysz\u0142o\u015bci&#8221;.<\/p>\n\n<p>FaresinGiulia , kierownik operacyjny, prezentuj\u0105c przysz\u0142\u0105 strategi\u0119 rozwoju przemys\u0142owego, doda\u0142a: &#8222;\u0141a\u0144cuchy dostaw i moce produkcyjne w coraz wi\u0119kszym stopniu musz\u0105 dzia\u0142a\u0107 wy\u0142\u0105cznie w zale\u017cno\u015bci od rynku. \u015awiat pozostaje pod wp\u0142ywem licznych czynnik\u00f3w globalnych i regionalnych. <\/p>\n\n<p>Wsp\u00f3\u0142praca z naszymi obecnymi klientami, ale tak\u017ce z nowymi, rozwija si\u0119, a naszym priorytetem jest dynamiczne dostosowywanie si\u0119 do zmian. Zwracamy szczeg\u00f3ln\u0105 uwag\u0119 na dostosowanie mocy produkcyjnych i inteligentne, innowacyjne rozwi\u0105zania w celu zapewnienia zr\u00f3wnowa\u017conego rozwoju. Zwracamy r\u00f3wnie\u017c szczeg\u00f3ln\u0105 uwag\u0119 na nasze strategie radzenia sobie z przysz\u0142ymi wahaniami rynkowymi&#8221;.  <\/p>\n\n<p>Wraz z raportem rocznym zaprezentowano pierwszy raport zr\u00f3wnowa\u017conego rozwoju sporz\u0105dzony zgodnie ze standardami GRI, w kt\u00f3rym wyra\u017anie okre\u015blono wska\u017aniki zr\u00f3wnowa\u017conego rozwoju i cele, do kt\u00f3rych zamierza d\u0105\u017cy\u0107 bran\u017ca. Rezultatem publikacji jest podkre\u015blenie wp\u0142ywu przejrzystego i odpowiedzialnego rz\u0105du, g\u0142\u0119bokiego skupienia si\u0119 na rozwoju spo\u0142ecznym ludzi i terytorium oraz szacunku dla \u015brodowiska. Lokalizacja zak\u0142ad\u00f3w produkcyjnych na brzegach potoku Astico nak\u0142ada szczeg\u00f3ln\u0105 odpowiedzialno\u015b\u0107 za ochron\u0119 terytorium, kt\u00f3re Faresin Industries w zwi\u0105zku z deklarowanym zamiarem d\u0105\u017cenia do neutralno\u015bci w\u0119glowej. Emblematyczna jest wsp\u00f3\u0142praca nawi\u0105zana z Associazione Naturalisti Vicentini (Stowarzyszenie Przyrodnik\u00f3w Vicentine), kt\u00f3re dostarczy\u0142o zdj\u0119cia zwierz\u0105t i ro\u015blin charakterystycznych dla \u015brodowiska naturalnego terytorium Breganzese, zawarte w raporcie zr\u00f3wnowa\u017conego rozwoju z zamiarem wezwania do wiedzy i szacunku dla tego terytorium.   <\/p>\n","protected":false},"excerpt":{"rendered":"<p>Breganze (W\u0142ochy) &#8211; 3 lipca 2024 r. &#8211; &#8222;W z\u0142o\u017conym roku 2023 odnotowali\u015bmy wynik zgodny z planem biznesowym naszej firmy z 22,5% wzrostem obrot\u00f3w&#8221;. Faresin Sante, za\u0142o\u017cyciel i prezes firmy Breganze, rozpocz\u0105\u0142 od tych znacz\u0105cych liczb podczas prezentacji raportu rocznego za 2023 r. w Palazzo Bonin Longare, siedzibie Confindustria Vicenza. &#8222;W ci\u0105gu siedmiu lat, od [&hellip;]<\/p>\n","protected":false},"author":1,"featured_media":78265,"comment_status":"closed","ping_status":"closed","sticky":false,"template":"","format":"standard","meta":{"_acf_changed":false,"footnotes":""},"categories":[244],"tags":[],"class_list":["post-80019","post","type-post","status-publish","format-standard","has-post-thumbnail","hentry","category-news-pl"],"acf":[],"_links":{"self":[{"href":"https:\/\/www.faresin.com\/pl\/wp-json\/wp\/v2\/posts\/80019","targetHints":{"allow":["GET"]}}],"collection":[{"href":"https:\/\/www.faresin.com\/pl\/wp-json\/wp\/v2\/posts"}],"about":[{"href":"https:\/\/www.faresin.com\/pl\/wp-json\/wp\/v2\/types\/post"}],"author":[{"embeddable":true,"href":"https:\/\/www.faresin.com\/pl\/wp-json\/wp\/v2\/users\/1"}],"replies":[{"embeddable":true,"href":"https:\/\/www.faresin.com\/pl\/wp-json\/wp\/v2\/comments?post=80019"}],"version-history":[{"count":1,"href":"https:\/\/www.faresin.com\/pl\/wp-json\/wp\/v2\/posts\/80019\/revisions"}],"predecessor-version":[{"id":80020,"href":"https:\/\/www.faresin.com\/pl\/wp-json\/wp\/v2\/posts\/80019\/revisions\/80020"}],"wp:featuredmedia":[{"embeddable":true,"href":"https:\/\/www.faresin.com\/pl\/wp-json\/wp\/v2\/media\/78265"}],"wp:attachment":[{"href":"https:\/\/www.faresin.com\/pl\/wp-json\/wp\/v2\/media?parent=80019"}],"wp:term":[{"taxonomy":"category","embeddable":true,"href":"https:\/\/www.faresin.com\/pl\/wp-json\/wp\/v2\/categories?post=80019"},{"taxonomy":"post_tag","embeddable":true,"href":"https:\/\/www.faresin.com\/pl\/wp-json\/wp\/v2\/tags?post=80019"}],"curies":[{"name":"wp","href":"https:\/\/api.w.org\/{rel}","templated":true}]}}