{"id":80876,"date":"2025-03-11T16:25:05","date_gmt":"2025-03-11T15:25:05","guid":{"rendered":"https:\/\/www.faresin.com\/news\/wywiad-z-federico-olivieri-z-societa-agricola-corticella\/"},"modified":"2025-03-11T16:39:53","modified_gmt":"2025-03-11T15:39:53","slug":"wywiad-z-federico-olivieri-z-societa-agricola-corticella","status":"publish","type":"post","link":"https:\/\/www.faresin.com\/pl\/news\/wywiad-z-federico-olivieri-z-societa-agricola-corticella\/","title":{"rendered":"Wywiad z Federico Olivieri z Societ\u00e0 Agricola Corticella"},"content":{"rendered":"\n<p>Federico Olivieri, kierownik firmy rolniczej Corticella z Grupy Cremonini &#8211; Inalca Spa, opowiada o swoich do\u015bwiadczeniach z wozami PASZOWYMI Faresin.<\/p>\n\n<p>Grupa Cremonini mo\u017ce pochwali\u0107 si\u0119 rekordow\u0105 produkcj\u0105 i dystrybucj\u0105 wo\u0142owiny dla sektora gastronomicznego, stawiaj\u0105c zr\u00f3wnowa\u017cony rozw\u00f3j i dobrostan zwierz\u0105t w centrum ca\u0142ej produkcji zwierz\u0119cej.<\/p>\n\n<figure class=\"wp-block-embed is-type-video is-provider-youtube wp-block-embed-youtube wp-embed-aspect-16-9 wp-has-aspect-ratio\"><div class=\"wp-block-embed__wrapper\">\n<iframe loading=\"lazy\" title=\"Interview with Federico Olivieri of Societ\u00e0 agricola Corticella | Faresin\" width=\"800\" height=\"450\" src=\"https:\/\/www.youtube.com\/embed\/0-l48KRi1C4?feature=oembed\" frameborder=\"0\" allow=\"accelerometer; autoplay; clipboard-write; encrypted-media; gyroscope; picture-in-picture; web-share\" referrerpolicy=\"strict-origin-when-cross-origin\" allowfullscreen><\/iframe>\n<\/div><\/figure>\n","protected":false},"excerpt":{"rendered":"<p>Federico Olivieri, kierownik firmy rolniczej Corticella z Grupy Cremonini &#8211; Inalca Spa, opowiada o swoich do\u015bwiadczeniach z wozami PASZOWYMI Faresin. Grupa Cremonini mo\u017ce pochwali\u0107 si\u0119 rekordow\u0105 produkcj\u0105 i dystrybucj\u0105 wo\u0142owiny dla sektora gastronomicznego, stawiaj\u0105c zr\u00f3wnowa\u017cony rozw\u00f3j i dobrostan zwierz\u0105t w centrum ca\u0142ej produkcji zwierz\u0119cej.<\/p>\n","protected":false},"author":1,"featured_media":0,"comment_status":"closed","ping_status":"closed","sticky":false,"template":"","format":"standard","meta":{"_acf_changed":false,"footnotes":""},"categories":[847],"tags":[],"class_list":["post-80876","post","type-post","status-publish","format-standard","hentry","category-wywiady"],"acf":[],"_links":{"self":[{"href":"https:\/\/www.faresin.com\/pl\/wp-json\/wp\/v2\/posts\/80876","targetHints":{"allow":["GET"]}}],"collection":[{"href":"https:\/\/www.faresin.com\/pl\/wp-json\/wp\/v2\/posts"}],"about":[{"href":"https:\/\/www.faresin.com\/pl\/wp-json\/wp\/v2\/types\/post"}],"author":[{"embeddable":true,"href":"https:\/\/www.faresin.com\/pl\/wp-json\/wp\/v2\/users\/1"}],"replies":[{"embeddable":true,"href":"https:\/\/www.faresin.com\/pl\/wp-json\/wp\/v2\/comments?post=80876"}],"version-history":[{"count":1,"href":"https:\/\/www.faresin.com\/pl\/wp-json\/wp\/v2\/posts\/80876\/revisions"}],"predecessor-version":[{"id":80877,"href":"https:\/\/www.faresin.com\/pl\/wp-json\/wp\/v2\/posts\/80876\/revisions\/80877"}],"wp:attachment":[{"href":"https:\/\/www.faresin.com\/pl\/wp-json\/wp\/v2\/media?parent=80876"}],"wp:term":[{"taxonomy":"category","embeddable":true,"href":"https:\/\/www.faresin.com\/pl\/wp-json\/wp\/v2\/categories?post=80876"},{"taxonomy":"post_tag","embeddable":true,"href":"https:\/\/www.faresin.com\/pl\/wp-json\/wp\/v2\/tags?post=80876"}],"curies":[{"name":"wp","href":"https:\/\/api.w.org\/{rel}","templated":true}]}}